{"id":9047,"date":"2024-04-12T10:42:12","date_gmt":"2024-04-12T08:42:12","guid":{"rendered":"https:\/\/valaisfilmcommission.ch\/?p=9047"},"modified":"2024-04-12T10:42:13","modified_gmt":"2024-04-12T08:42:13","slug":"alliance-4-development-partenariat-renouvele","status":"publish","type":"post","link":"https:\/\/valaisfilmcommission.ch\/fr\/alliance-4-development-partenariat-renouvele\/","title":{"rendered":"Alliance 4 Development \u2013 partenariat renouvel\u00e9\u00a0!"},"content":{"rendered":"\n<h2 class=\"wp-block-heading\">Alliance 4 Development au Locarno Film Festival<\/h2>\n\n\n\n<p>Le Festival du film de Locarno et la Valais Film Commission renouvellent leur collaboration \u00e0 l\u2019occasion d\u2019Alliance 4 Development (A4D) qui se d\u00e9roulera lors du 77<sup>e<\/sup> Locarno Film Festival. A l\u2019occasion de cette nouvelle \u00e9dition, nous remettrons un prix en partenariat avec l\u2019association DreamAgo consistant \u00e0 la participation \u00e0 un atelier d\u2019\u00e9criture de sc\u00e9nario.<\/p>\n\n\n\n<p>C\u2019est en tout logique que la Valais Film Commission participe \u00e0 ce projet afin de poursuivre l\u2019objectif de promouvoir le Valais comme terre de tournage, ainsi que le d\u00e9veloppement de l\u2019industrie audiovisuelle dans le canton.<\/p>\n\n\n\n<h3 class=\"wp-block-heading\">DreamAgo<\/h3>\n\n\n\n<p>L\u2019objectif de <a href=\"https:\/\/www.dreamago.com\/\" target=\"_blank\" rel=\"noreferrer noopener\">DreamAgo<\/a> est d\u2019aider les sc\u00e9naristes \u00e0 d\u00e9velopper leur travail et \u00e0 \u00e9tablir les contacts dont ils ont besoin gr\u00e2ce \u00e0 notre r\u00e9seau mondial de professionnels de l\u2019industrie cin\u00e9matographique afin de transformer leurs sc\u00e9narios en films.<\/p>\n\n\n\n<h3 class=\"wp-block-heading\">Alliance 4 Development (A4D)<\/h3>\n\n\n\n<p><a href=\"https:\/\/www.locarnofestival.ch\/pro\/projects\/alliance-for-development.html\" target=\"_blank\" rel=\"noreferrer noopener\">A4D<\/a> est un programme de cod\u00e9veloppement pour les projets cin\u00e9matographiques d&rsquo;Autriche, de France, d&rsquo;Allemagne, d&rsquo;Italie et de Suisse, h\u00e9berg\u00e9 par Locarno Pro. L&rsquo;objectif du programme est d&rsquo;assurer le potentiel commercial des projets et de favoriser les liens cr\u00e9atifs et commerciaux \u00e0 long terme entre les pays cibl\u00e9s.<\/p>\n\n\n\n<figure class=\"wp-block-image size-large\"><img fetchpriority=\"high\" decoding=\"async\" width=\"1024\" height=\"683\" src=\"https:\/\/valaisfilmcommission.ch\/wp-content\/uploads\/2024\/04\/Locarno-Film-Festival4442-1024x683.jpg\" alt=\"Alliance 4 Development Locarno Pro\" class=\"wp-image-9049\" srcset=\"https:\/\/valaisfilmcommission.ch\/wp-content\/uploads\/2024\/04\/Locarno-Film-Festival4442-1024x683.jpg 1024w, https:\/\/valaisfilmcommission.ch\/wp-content\/uploads\/2024\/04\/Locarno-Film-Festival4442-300x200.jpg 300w, https:\/\/valaisfilmcommission.ch\/wp-content\/uploads\/2024\/04\/Locarno-Film-Festival4442-768x512.jpg 768w, https:\/\/valaisfilmcommission.ch\/wp-content\/uploads\/2024\/04\/Locarno-Film-Festival4442-1536x1024.jpg 1536w, https:\/\/valaisfilmcommission.ch\/wp-content\/uploads\/2024\/04\/Locarno-Film-Festival4442-2048x1365.jpg 2048w\" sizes=\"(max-width: 1024px) 100vw, 1024px\" \/><figcaption class=\"wp-element-caption\">Locarno76, Locarno Pro, A4D, 6 August \u00a9Locarno Film Festival \/ Ti-Press<\/figcaption><\/figure>\n","protected":false},"excerpt":{"rendered":"<p>Locarno76, Locarno Pro, Alliance 4 Development!, 6 August \u00a9Locarno Film Festival \/ Ti-Press<\/p>\n","protected":false},"author":14,"featured_media":9049,"comment_status":"closed","ping_status":"open","sticky":false,"template":"","format":"standard","meta":{"_acf_changed":false,"footnotes":""},"categories":[1],"tags":[],"class_list":["post-9047","post","type-post","status-publish","format-standard","has-post-thumbnail","hentry","category-divers"],"acf":[],"yoast_head":"<!-- This site is optimized with the Yoast SEO plugin v27.4 - https:\/\/yoast.com\/product\/yoast-seo-wordpress\/ -->\n<title>Alliance 4 Development \u2013 partenariat renouvel\u00e9\u00a0! &#8211; Valais Film Commission<\/title>\n<meta name=\"description\" content=\"Alliance 4 Development \u2013 partenariat renouvel\u00e9 au Locarno Film Festival 2024 avec la Valais Film Commission.\" \/>\n<meta name=\"robots\" content=\"index, follow, max-snippet:-1, max-image-preview:large, max-video-preview:-1\" \/>\n<link rel=\"canonical\" href=\"https:\/\/valaisfilmcommission.ch\/fr\/alliance-4-development-partenariat-renouvele\/\" \/>\n<meta property=\"og:locale\" content=\"fr_FR\" \/>\n<meta property=\"og:type\" content=\"article\" \/>\n<meta property=\"og:title\" content=\"Alliance 4 Development \u2013 partenariat renouvel\u00e9\u00a0! &#8211; Valais Film Commission\" \/>\n<meta property=\"og:description\" content=\"Alliance 4 Development \u2013 partenariat renouvel\u00e9 au Locarno Film Festival 2024 avec la Valais Film Commission.\" \/>\n<meta property=\"og:url\" content=\"https:\/\/valaisfilmcommission.ch\/fr\/alliance-4-development-partenariat-renouvele\/\" \/>\n<meta property=\"og:site_name\" content=\"Valais Film Commission\" \/>\n<meta property=\"article:published_time\" content=\"2024-04-12T08:42:12+00:00\" \/>\n<meta property=\"article:modified_time\" content=\"2024-04-12T08:42:13+00:00\" \/>\n<meta property=\"og:image\" content=\"https:\/\/valaisfilmcommission.ch\/wp-content\/uploads\/2024\/04\/Locarno-Film-Festival4442-scaled.jpg\" \/>\n\t<meta property=\"og:image:width\" content=\"2560\" \/>\n\t<meta property=\"og:image:height\" content=\"1707\" \/>\n\t<meta property=\"og:image:type\" content=\"image\/jpeg\" \/>\n<meta name=\"author\" content=\"Valais Film Commission\" \/>\n<meta name=\"twitter:card\" content=\"summary_large_image\" \/>\n<meta name=\"twitter:creator\" content=\"@ValaisFilmCom\" \/>\n<meta name=\"twitter:site\" content=\"@ValaisFilmCom\" \/>\n<meta name=\"twitter:label1\" content=\"\u00c9crit par\" \/>\n\t<meta name=\"twitter:data1\" content=\"Valais Film Commission\" \/>\n\t<meta name=\"twitter:label2\" content=\"Dur\u00e9e de lecture estim\u00e9e\" \/>\n\t<meta name=\"twitter:data2\" content=\"2 minutes\" \/>\n<script type=\"application\/ld+json\" class=\"yoast-schema-graph\">{\"@context\":\"https:\\\/\\\/schema.org\",\"@graph\":[{\"@type\":\"Article\",\"@id\":\"https:\\\/\\\/valaisfilmcommission.ch\\\/fr\\\/alliance-4-development-partenariat-renouvele\\\/#article\",\"isPartOf\":{\"@id\":\"https:\\\/\\\/valaisfilmcommission.ch\\\/fr\\\/alliance-4-development-partenariat-renouvele\\\/\"},\"author\":{\"name\":\"Valais Film Commission\",\"@id\":\"https:\\\/\\\/valaisfilmcommission.ch\\\/fr\\\/#\\\/schema\\\/person\\\/7cc678b12ca3f4768a0212c4eabb3c5b\"},\"headline\":\"Alliance 4 Development \u2013 partenariat renouvel\u00e9\u00a0!\",\"datePublished\":\"2024-04-12T08:42:12+00:00\",\"dateModified\":\"2024-04-12T08:42:13+00:00\",\"mainEntityOfPage\":{\"@id\":\"https:\\\/\\\/valaisfilmcommission.ch\\\/fr\\\/alliance-4-development-partenariat-renouvele\\\/\"},\"wordCount\":221,\"publisher\":{\"@id\":\"https:\\\/\\\/valaisfilmcommission.ch\\\/fr\\\/#organization\"},\"image\":{\"@id\":\"https:\\\/\\\/valaisfilmcommission.ch\\\/fr\\\/alliance-4-development-partenariat-renouvele\\\/#primaryimage\"},\"thumbnailUrl\":\"https:\\\/\\\/valaisfilmcommission.ch\\\/wp-content\\\/uploads\\\/2024\\\/04\\\/Locarno-Film-Festival4442-scaled.jpg\",\"articleSection\":[\"Divers\"],\"inLanguage\":\"fr-FR\"},{\"@type\":\"WebPage\",\"@id\":\"https:\\\/\\\/valaisfilmcommission.ch\\\/fr\\\/alliance-4-development-partenariat-renouvele\\\/\",\"url\":\"https:\\\/\\\/valaisfilmcommission.ch\\\/fr\\\/alliance-4-development-partenariat-renouvele\\\/\",\"name\":\"Alliance 4 Development \u2013 partenariat renouvel\u00e9\u00a0! &#8211; Valais Film Commission\",\"isPartOf\":{\"@id\":\"https:\\\/\\\/valaisfilmcommission.ch\\\/fr\\\/#website\"},\"primaryImageOfPage\":{\"@id\":\"https:\\\/\\\/valaisfilmcommission.ch\\\/fr\\\/alliance-4-development-partenariat-renouvele\\\/#primaryimage\"},\"image\":{\"@id\":\"https:\\\/\\\/valaisfilmcommission.ch\\\/fr\\\/alliance-4-development-partenariat-renouvele\\\/#primaryimage\"},\"thumbnailUrl\":\"https:\\\/\\\/valaisfilmcommission.ch\\\/wp-content\\\/uploads\\\/2024\\\/04\\\/Locarno-Film-Festival4442-scaled.jpg\",\"datePublished\":\"2024-04-12T08:42:12+00:00\",\"dateModified\":\"2024-04-12T08:42:13+00:00\",\"description\":\"Alliance 4 Development \u2013 partenariat renouvel\u00e9 au Locarno Film Festival 2024 avec la Valais Film Commission.\",\"breadcrumb\":{\"@id\":\"https:\\\/\\\/valaisfilmcommission.ch\\\/fr\\\/alliance-4-development-partenariat-renouvele\\\/#breadcrumb\"},\"inLanguage\":\"fr-FR\",\"potentialAction\":[{\"@type\":\"ReadAction\",\"target\":[\"https:\\\/\\\/valaisfilmcommission.ch\\\/fr\\\/alliance-4-development-partenariat-renouvele\\\/\"]}]},{\"@type\":\"ImageObject\",\"inLanguage\":\"fr-FR\",\"@id\":\"https:\\\/\\\/valaisfilmcommission.ch\\\/fr\\\/alliance-4-development-partenariat-renouvele\\\/#primaryimage\",\"url\":\"https:\\\/\\\/valaisfilmcommission.ch\\\/wp-content\\\/uploads\\\/2024\\\/04\\\/Locarno-Film-Festival4442-scaled.jpg\",\"contentUrl\":\"https:\\\/\\\/valaisfilmcommission.ch\\\/wp-content\\\/uploads\\\/2024\\\/04\\\/Locarno-Film-Festival4442-scaled.jpg\",\"width\":2560,\"height\":1707,\"caption\":\"Locarno76, Locarno Pro, Alliance 4 Development!, 6 August\"},{\"@type\":\"BreadcrumbList\",\"@id\":\"https:\\\/\\\/valaisfilmcommission.ch\\\/fr\\\/alliance-4-development-partenariat-renouvele\\\/#breadcrumb\",\"itemListElement\":[{\"@type\":\"ListItem\",\"position\":1,\"name\":\"Home\",\"item\":\"https:\\\/\\\/valaisfilmcommission.ch\\\/fr\\\/\"},{\"@type\":\"ListItem\",\"position\":2,\"name\":\"Divers\",\"item\":\"https:\\\/\\\/valaisfilmcommission.ch\\\/fr\\\/category\\\/divers\\\/\"},{\"@type\":\"ListItem\",\"position\":3,\"name\":\"Alliance 4 Development \u2013 partenariat renouvel\u00e9\u00a0!\"}]},{\"@type\":\"WebSite\",\"@id\":\"https:\\\/\\\/valaisfilmcommission.ch\\\/fr\\\/#website\",\"url\":\"https:\\\/\\\/valaisfilmcommission.ch\\\/fr\\\/\",\"name\":\"Valais Film Commission\",\"description\":\"Soutien de l&#039;audiovisuel en Valais\",\"publisher\":{\"@id\":\"https:\\\/\\\/valaisfilmcommission.ch\\\/fr\\\/#organization\"},\"potentialAction\":[{\"@type\":\"SearchAction\",\"target\":{\"@type\":\"EntryPoint\",\"urlTemplate\":\"https:\\\/\\\/valaisfilmcommission.ch\\\/fr\\\/?s={search_term_string}\"},\"query-input\":{\"@type\":\"PropertyValueSpecification\",\"valueRequired\":true,\"valueName\":\"search_term_string\"}}],\"inLanguage\":\"fr-FR\"},{\"@type\":\"Organization\",\"@id\":\"https:\\\/\\\/valaisfilmcommission.ch\\\/fr\\\/#organization\",\"name\":\"Valais Film Commission\",\"url\":\"https:\\\/\\\/valaisfilmcommission.ch\\\/fr\\\/\",\"logo\":{\"@type\":\"ImageObject\",\"inLanguage\":\"fr-FR\",\"@id\":\"https:\\\/\\\/valaisfilmcommission.ch\\\/fr\\\/#\\\/schema\\\/logo\\\/image\\\/\",\"url\":\"https:\\\/\\\/valaisfilmcommission.ch\\\/wp-content\\\/uploads\\\/2020\\\/07\\\/Valais_FR.svg\",\"contentUrl\":\"https:\\\/\\\/valaisfilmcommission.ch\\\/wp-content\\\/uploads\\\/2020\\\/07\\\/Valais_FR.svg\",\"width\":1,\"height\":1,\"caption\":\"Valais Film Commission\"},\"image\":{\"@id\":\"https:\\\/\\\/valaisfilmcommission.ch\\\/fr\\\/#\\\/schema\\\/logo\\\/image\\\/\"},\"sameAs\":[\"https:\\\/\\\/x.com\\\/ValaisFilmCom\",\"https:\\\/\\\/www.instagram.com\\\/valaisfilmcommission\\\/\"]},{\"@type\":\"Person\",\"@id\":\"https:\\\/\\\/valaisfilmcommission.ch\\\/fr\\\/#\\\/schema\\\/person\\\/7cc678b12ca3f4768a0212c4eabb3c5b\",\"name\":\"Valais Film Commission\",\"image\":{\"@type\":\"ImageObject\",\"inLanguage\":\"fr-FR\",\"@id\":\"https:\\\/\\\/secure.gravatar.com\\\/avatar\\\/6a8365a52399b9c7e05a4a904406a5b6477d5597b3413118e04227ebbac9d24b?s=96&d=mm&r=g\",\"url\":\"https:\\\/\\\/secure.gravatar.com\\\/avatar\\\/6a8365a52399b9c7e05a4a904406a5b6477d5597b3413118e04227ebbac9d24b?s=96&d=mm&r=g\",\"contentUrl\":\"https:\\\/\\\/secure.gravatar.com\\\/avatar\\\/6a8365a52399b9c7e05a4a904406a5b6477d5597b3413118e04227ebbac9d24b?s=96&d=mm&r=g\",\"caption\":\"Valais Film Commission\"}}]}<\/script>\n<!-- \/ Yoast SEO plugin. -->","yoast_head_json":{"title":"Alliance 4 Development \u2013 partenariat renouvel\u00e9\u00a0! &#8211; Valais Film Commission","description":"Alliance 4 Development \u2013 partenariat renouvel\u00e9 au Locarno Film Festival 2024 avec la Valais Film Commission.","robots":{"index":"index","follow":"follow","max-snippet":"max-snippet:-1","max-image-preview":"max-image-preview:large","max-video-preview":"max-video-preview:-1"},"canonical":"https:\/\/valaisfilmcommission.ch\/fr\/alliance-4-development-partenariat-renouvele\/","og_locale":"fr_FR","og_type":"article","og_title":"Alliance 4 Development \u2013 partenariat renouvel\u00e9\u00a0! &#8211; Valais Film Commission","og_description":"Alliance 4 Development \u2013 partenariat renouvel\u00e9 au Locarno Film Festival 2024 avec la Valais Film Commission.","og_url":"https:\/\/valaisfilmcommission.ch\/fr\/alliance-4-development-partenariat-renouvele\/","og_site_name":"Valais Film Commission","article_published_time":"2024-04-12T08:42:12+00:00","article_modified_time":"2024-04-12T08:42:13+00:00","og_image":[{"width":2560,"height":1707,"url":"https:\/\/valaisfilmcommission.ch\/wp-content\/uploads\/2024\/04\/Locarno-Film-Festival4442-scaled.jpg","type":"image\/jpeg"}],"author":"Valais Film Commission","twitter_card":"summary_large_image","twitter_creator":"@ValaisFilmCom","twitter_site":"@ValaisFilmCom","twitter_misc":{"\u00c9crit par":"Valais Film Commission","Dur\u00e9e de lecture estim\u00e9e":"2 minutes"},"schema":{"@context":"https:\/\/schema.org","@graph":[{"@type":"Article","@id":"https:\/\/valaisfilmcommission.ch\/fr\/alliance-4-development-partenariat-renouvele\/#article","isPartOf":{"@id":"https:\/\/valaisfilmcommission.ch\/fr\/alliance-4-development-partenariat-renouvele\/"},"author":{"name":"Valais Film Commission","@id":"https:\/\/valaisfilmcommission.ch\/fr\/#\/schema\/person\/7cc678b12ca3f4768a0212c4eabb3c5b"},"headline":"Alliance 4 Development \u2013 partenariat renouvel\u00e9\u00a0!","datePublished":"2024-04-12T08:42:12+00:00","dateModified":"2024-04-12T08:42:13+00:00","mainEntityOfPage":{"@id":"https:\/\/valaisfilmcommission.ch\/fr\/alliance-4-development-partenariat-renouvele\/"},"wordCount":221,"publisher":{"@id":"https:\/\/valaisfilmcommission.ch\/fr\/#organization"},"image":{"@id":"https:\/\/valaisfilmcommission.ch\/fr\/alliance-4-development-partenariat-renouvele\/#primaryimage"},"thumbnailUrl":"https:\/\/valaisfilmcommission.ch\/wp-content\/uploads\/2024\/04\/Locarno-Film-Festival4442-scaled.jpg","articleSection":["Divers"],"inLanguage":"fr-FR"},{"@type":"WebPage","@id":"https:\/\/valaisfilmcommission.ch\/fr\/alliance-4-development-partenariat-renouvele\/","url":"https:\/\/valaisfilmcommission.ch\/fr\/alliance-4-development-partenariat-renouvele\/","name":"Alliance 4 Development \u2013 partenariat renouvel\u00e9\u00a0! &#8211; Valais Film Commission","isPartOf":{"@id":"https:\/\/valaisfilmcommission.ch\/fr\/#website"},"primaryImageOfPage":{"@id":"https:\/\/valaisfilmcommission.ch\/fr\/alliance-4-development-partenariat-renouvele\/#primaryimage"},"image":{"@id":"https:\/\/valaisfilmcommission.ch\/fr\/alliance-4-development-partenariat-renouvele\/#primaryimage"},"thumbnailUrl":"https:\/\/valaisfilmcommission.ch\/wp-content\/uploads\/2024\/04\/Locarno-Film-Festival4442-scaled.jpg","datePublished":"2024-04-12T08:42:12+00:00","dateModified":"2024-04-12T08:42:13+00:00","description":"Alliance 4 Development \u2013 partenariat renouvel\u00e9 au Locarno Film Festival 2024 avec la Valais Film Commission.","breadcrumb":{"@id":"https:\/\/valaisfilmcommission.ch\/fr\/alliance-4-development-partenariat-renouvele\/#breadcrumb"},"inLanguage":"fr-FR","potentialAction":[{"@type":"ReadAction","target":["https:\/\/valaisfilmcommission.ch\/fr\/alliance-4-development-partenariat-renouvele\/"]}]},{"@type":"ImageObject","inLanguage":"fr-FR","@id":"https:\/\/valaisfilmcommission.ch\/fr\/alliance-4-development-partenariat-renouvele\/#primaryimage","url":"https:\/\/valaisfilmcommission.ch\/wp-content\/uploads\/2024\/04\/Locarno-Film-Festival4442-scaled.jpg","contentUrl":"https:\/\/valaisfilmcommission.ch\/wp-content\/uploads\/2024\/04\/Locarno-Film-Festival4442-scaled.jpg","width":2560,"height":1707,"caption":"Locarno76, Locarno Pro, Alliance 4 Development!, 6 August"},{"@type":"BreadcrumbList","@id":"https:\/\/valaisfilmcommission.ch\/fr\/alliance-4-development-partenariat-renouvele\/#breadcrumb","itemListElement":[{"@type":"ListItem","position":1,"name":"Home","item":"https:\/\/valaisfilmcommission.ch\/fr\/"},{"@type":"ListItem","position":2,"name":"Divers","item":"https:\/\/valaisfilmcommission.ch\/fr\/category\/divers\/"},{"@type":"ListItem","position":3,"name":"Alliance 4 Development \u2013 partenariat renouvel\u00e9\u00a0!"}]},{"@type":"WebSite","@id":"https:\/\/valaisfilmcommission.ch\/fr\/#website","url":"https:\/\/valaisfilmcommission.ch\/fr\/","name":"Valais Film Commission","description":"Soutien de l&#039;audiovisuel en Valais","publisher":{"@id":"https:\/\/valaisfilmcommission.ch\/fr\/#organization"},"potentialAction":[{"@type":"SearchAction","target":{"@type":"EntryPoint","urlTemplate":"https:\/\/valaisfilmcommission.ch\/fr\/?s={search_term_string}"},"query-input":{"@type":"PropertyValueSpecification","valueRequired":true,"valueName":"search_term_string"}}],"inLanguage":"fr-FR"},{"@type":"Organization","@id":"https:\/\/valaisfilmcommission.ch\/fr\/#organization","name":"Valais Film Commission","url":"https:\/\/valaisfilmcommission.ch\/fr\/","logo":{"@type":"ImageObject","inLanguage":"fr-FR","@id":"https:\/\/valaisfilmcommission.ch\/fr\/#\/schema\/logo\/image\/","url":"https:\/\/valaisfilmcommission.ch\/wp-content\/uploads\/2020\/07\/Valais_FR.svg","contentUrl":"https:\/\/valaisfilmcommission.ch\/wp-content\/uploads\/2020\/07\/Valais_FR.svg","width":1,"height":1,"caption":"Valais Film Commission"},"image":{"@id":"https:\/\/valaisfilmcommission.ch\/fr\/#\/schema\/logo\/image\/"},"sameAs":["https:\/\/x.com\/ValaisFilmCom","https:\/\/www.instagram.com\/valaisfilmcommission\/"]},{"@type":"Person","@id":"https:\/\/valaisfilmcommission.ch\/fr\/#\/schema\/person\/7cc678b12ca3f4768a0212c4eabb3c5b","name":"Valais Film Commission","image":{"@type":"ImageObject","inLanguage":"fr-FR","@id":"https:\/\/secure.gravatar.com\/avatar\/6a8365a52399b9c7e05a4a904406a5b6477d5597b3413118e04227ebbac9d24b?s=96&d=mm&r=g","url":"https:\/\/secure.gravatar.com\/avatar\/6a8365a52399b9c7e05a4a904406a5b6477d5597b3413118e04227ebbac9d24b?s=96&d=mm&r=g","contentUrl":"https:\/\/secure.gravatar.com\/avatar\/6a8365a52399b9c7e05a4a904406a5b6477d5597b3413118e04227ebbac9d24b?s=96&d=mm&r=g","caption":"Valais Film Commission"}}]}},"_links":{"self":[{"href":"https:\/\/valaisfilmcommission.ch\/fr\/wp-json\/wp\/v2\/posts\/9047","targetHints":{"allow":["GET"]}}],"collection":[{"href":"https:\/\/valaisfilmcommission.ch\/fr\/wp-json\/wp\/v2\/posts"}],"about":[{"href":"https:\/\/valaisfilmcommission.ch\/fr\/wp-json\/wp\/v2\/types\/post"}],"author":[{"embeddable":true,"href":"https:\/\/valaisfilmcommission.ch\/fr\/wp-json\/wp\/v2\/users\/14"}],"replies":[{"embeddable":true,"href":"https:\/\/valaisfilmcommission.ch\/fr\/wp-json\/wp\/v2\/comments?post=9047"}],"version-history":[{"count":6,"href":"https:\/\/valaisfilmcommission.ch\/fr\/wp-json\/wp\/v2\/posts\/9047\/revisions"}],"predecessor-version":[{"id":9056,"href":"https:\/\/valaisfilmcommission.ch\/fr\/wp-json\/wp\/v2\/posts\/9047\/revisions\/9056"}],"wp:featuredmedia":[{"embeddable":true,"href":"https:\/\/valaisfilmcommission.ch\/fr\/wp-json\/wp\/v2\/media\/9049"}],"wp:attachment":[{"href":"https:\/\/valaisfilmcommission.ch\/fr\/wp-json\/wp\/v2\/media?parent=9047"}],"wp:term":[{"taxonomy":"category","embeddable":true,"href":"https:\/\/valaisfilmcommission.ch\/fr\/wp-json\/wp\/v2\/categories?post=9047"},{"taxonomy":"post_tag","embeddable":true,"href":"https:\/\/valaisfilmcommission.ch\/fr\/wp-json\/wp\/v2\/tags?post=9047"}],"curies":[{"name":"wp","href":"https:\/\/api.w.org\/{rel}","templated":true}]}}