{"id":8839,"date":"2023-12-06T10:06:06","date_gmt":"2023-12-06T09:06:06","guid":{"rendered":"https:\/\/valaisfilmcommission.ch\/?p=8839"},"modified":"2023-12-07T08:07:49","modified_gmt":"2023-12-07T07:07:49","slug":"netflix-arrive-en-valais","status":"publish","type":"post","link":"https:\/\/valaisfilmcommission.ch\/fr\/netflix-arrive-en-valais\/","title":{"rendered":"Netflix arrive en Valais\u00a0!"},"content":{"rendered":"\n<h2 class=\"wp-block-heading\"><strong>Winter Palace \u2013 La nouvelle s\u00e9rie Netflix tourn\u00e9e en Valais.<\/strong><\/h2>\n\n\n\n<p>Winter Palace, c\u2019est ainsi qu\u2019est intitul\u00e9e la s\u00e9rie qui sera tourn\u00e9e d\u00e9but 2024 dans le canton du Valais par Netflix. Une occasion unique de positionner le Valais comme terre de tournage au niveau international. Apr\u00e8s plusieurs recherches (appel\u00e9s \u00ab&nbsp;scouting&nbsp;\u00bb dans le jargon), se sont l\u2019hospice du Simplon, la Vall\u00e9e de Binn et le ch\u00e2teau Mercier de Sierre qui ont \u00e9t\u00e9 choisis comme lieux de tournage.<\/p>\n\n\n\n<ul class=\"wp-block-list\">\n<li><a href=\"https:\/\/valaisfilmcommission.ch\/fr\/inventaire-des-decors\/\">Inventaire des d\u00e9cors<\/a><\/li>\n<\/ul>\n\n\n\n<p>Cette coproduction entre Netflix, la RTS et Point Prod est une premi\u00e8re et donnera naissance \u00e0 huit \u00e9pisodes de 45 minutes pour la fin de l\u2019ann\u00e9e 2024.<\/p>\n\n\n\n<h2 class=\"wp-block-heading\"><strong>Winter Palace \u2013 Synopsis.<\/strong><\/h2>\n\n\n\n<p>Nous sommes en 1899, les hivers sont rudes et la vie en montagne est moindre \u00e0 cause des conditions climatiques extr\u00eames. Cependant, \u00e0 la fin de l\u2019\u00e9t\u00e9 de cette m\u00eame ann\u00e9e, l\u2019h\u00f4telier Andr\u00e9 Morel prend le risque d\u2019ouvrir un palace cinq \u00e9toiles durant toute la saison hivernale, marquant ainsi les d\u00e9buts du tourisme de luxe dans les Alpes. Une histoire qui promet d\u2019\u00eatre riche en p\u00e9rip\u00e9ties qui saura capter son audience. <\/p>\n\n\n\n<p>\u00c9crit par Lindsay Shapero, la s\u00e9rie est r\u00e9alis\u00e9 par le Fribourgeois Pierre Monnard et est d\u00e9velopp\u00e9e par la RTS, Point Prod et Oble Studios.<\/p>\n\n\n\n<figure class=\"wp-block-image size-large\"><img fetchpriority=\"high\" decoding=\"async\" width=\"1024\" height=\"576\" src=\"https:\/\/valaisfilmcommission.ch\/wp-content\/uploads\/2023\/12\/Winter-Palace-image-RTS-1024x576.png\" alt=\"Winter Palace Netflix Valais\" class=\"wp-image-8840\" srcset=\"https:\/\/valaisfilmcommission.ch\/wp-content\/uploads\/2023\/12\/Winter-Palace-image-RTS-1024x576.png 1024w, https:\/\/valaisfilmcommission.ch\/wp-content\/uploads\/2023\/12\/Winter-Palace-image-RTS-300x169.png 300w, https:\/\/valaisfilmcommission.ch\/wp-content\/uploads\/2023\/12\/Winter-Palace-image-RTS-768x432.png 768w, https:\/\/valaisfilmcommission.ch\/wp-content\/uploads\/2023\/12\/Winter-Palace-image-RTS.png 1280w\" sizes=\"(max-width: 1024px) 100vw, 1024px\" \/><figcaption class=\"wp-element-caption\">\u00a9 Image : RTS<\/figcaption><\/figure>\n\n\n\n<h2 class=\"wp-block-heading\"><strong>La Valais Film Commission (VFC) entre en jeu.<\/strong><\/h2>\n\n\n\n<p>La VFC se r\u00e9jouit de soutenir ce projet Netflix depuis les premiers rep\u00e9rages en Valais, notamment gr\u00e2ce \u00e0 la recherche des d\u00e9cors, au service de facilitation avec les autorit\u00e9s locales et les priv\u00e9s ainsi qu\u2019avec une communication cibl\u00e9e.<\/p>\n\n\n\n<p>\u00ab&nbsp;Cette s\u00e9rie fera conna\u00eetre le Valais et ses paysages \u00e0 un public international&nbsp;\u00bb d\u00e9clare Patric Zenklusen, film commissioner au sein de la VFC.<\/p>\n\n\n\n<h2 class=\"wp-block-heading\"><strong>Lex Netflix.<\/strong><\/h2>\n\n\n\n<p>Pour rappel, en mai 2022 la Suisse a accept\u00e9 favorablement la lex Netflix, une loi obligeant les plateformes de streaming \u00e0 investir au moins 4% de leurs revenus domestiques dans la production cin\u00e9matographique suisse.<\/p>\n","protected":false},"excerpt":{"rendered":"<p>Winter Palace \u2013 La nouvelle s\u00e9rie Netflix tourn\u00e9e en Valais. Winter Palace, c\u2019est ainsi qu\u2019est intitul\u00e9e la s\u00e9rie qui sera tourn\u00e9e d\u00e9but 2024 dans le canton du Valais par Netflix. Une occasion unique de positionner le Valais comme terre de tournage au niveau international. Apr\u00e8s plusieurs recherches (appel\u00e9s \u00ab&nbsp;scouting&nbsp;\u00bb dans le jargon), se sont l\u2019hospice [&hellip;]<\/p>\n","protected":false},"author":14,"featured_media":8840,"comment_status":"closed","ping_status":"open","sticky":false,"template":"","format":"standard","meta":{"_acf_changed":false,"footnotes":""},"categories":[1],"tags":[],"class_list":["post-8839","post","type-post","status-publish","format-standard","has-post-thumbnail","hentry","category-divers"],"acf":[],"yoast_head":"<!-- This site is optimized with the Yoast SEO plugin v27.5 - https:\/\/yoast.com\/product\/yoast-seo-wordpress\/ -->\n<title>Netflix arrive en Valais\u00a0! &#8211; Valais Film Commission<\/title>\n<meta name=\"description\" content=\"Winter Palace, c\u2019est ainsi qu\u2019est intitul\u00e9e la s\u00e9rie Netflix qui sera tourn\u00e9e d\u00e9but 2024 dans le canton du Valais.\" \/>\n<meta name=\"robots\" content=\"index, follow, max-snippet:-1, max-image-preview:large, max-video-preview:-1\" \/>\n<link rel=\"canonical\" href=\"https:\/\/valaisfilmcommission.ch\/fr\/netflix-arrive-en-valais\/\" \/>\n<meta property=\"og:locale\" content=\"fr_FR\" \/>\n<meta property=\"og:type\" content=\"article\" \/>\n<meta property=\"og:title\" content=\"Netflix arrive en Valais\u00a0! &#8211; Valais Film Commission\" \/>\n<meta property=\"og:description\" content=\"Winter Palace, c\u2019est ainsi qu\u2019est intitul\u00e9e la s\u00e9rie Netflix qui sera tourn\u00e9e d\u00e9but 2024 dans le canton du Valais.\" \/>\n<meta property=\"og:url\" content=\"https:\/\/valaisfilmcommission.ch\/fr\/netflix-arrive-en-valais\/\" \/>\n<meta property=\"og:site_name\" content=\"Valais Film Commission\" \/>\n<meta property=\"article:published_time\" content=\"2023-12-06T09:06:06+00:00\" \/>\n<meta property=\"article:modified_time\" content=\"2023-12-07T07:07:49+00:00\" \/>\n<meta property=\"og:image\" content=\"https:\/\/valaisfilmcommission.ch\/wp-content\/uploads\/2023\/12\/Winter-Palace-image-RTS.png\" \/>\n\t<meta property=\"og:image:width\" content=\"1280\" \/>\n\t<meta property=\"og:image:height\" content=\"720\" \/>\n\t<meta property=\"og:image:type\" content=\"image\/png\" \/>\n<meta name=\"author\" content=\"Valais Film Commission\" \/>\n<meta name=\"twitter:card\" content=\"summary_large_image\" \/>\n<meta name=\"twitter:creator\" content=\"@ValaisFilmCom\" \/>\n<meta name=\"twitter:site\" content=\"@ValaisFilmCom\" \/>\n<meta name=\"twitter:label1\" content=\"\u00c9crit par\" \/>\n\t<meta name=\"twitter:data1\" content=\"Valais Film Commission\" \/>\n\t<meta name=\"twitter:label2\" content=\"Dur\u00e9e de lecture estim\u00e9e\" \/>\n\t<meta name=\"twitter:data2\" content=\"2 minutes\" \/>\n<script type=\"application\/ld+json\" class=\"yoast-schema-graph\">{\"@context\":\"https:\\\/\\\/schema.org\",\"@graph\":[{\"@type\":\"Article\",\"@id\":\"https:\\\/\\\/valaisfilmcommission.ch\\\/fr\\\/netflix-arrive-en-valais\\\/#article\",\"isPartOf\":{\"@id\":\"https:\\\/\\\/valaisfilmcommission.ch\\\/fr\\\/netflix-arrive-en-valais\\\/\"},\"author\":{\"name\":\"Valais Film Commission\",\"@id\":\"https:\\\/\\\/valaisfilmcommission.ch\\\/fr\\\/#\\\/schema\\\/person\\\/7cc678b12ca3f4768a0212c4eabb3c5b\"},\"headline\":\"Netflix arrive en Valais\u00a0!\",\"datePublished\":\"2023-12-06T09:06:06+00:00\",\"dateModified\":\"2023-12-07T07:07:49+00:00\",\"mainEntityOfPage\":{\"@id\":\"https:\\\/\\\/valaisfilmcommission.ch\\\/fr\\\/netflix-arrive-en-valais\\\/\"},\"wordCount\":349,\"publisher\":{\"@id\":\"https:\\\/\\\/valaisfilmcommission.ch\\\/fr\\\/#organization\"},\"image\":{\"@id\":\"https:\\\/\\\/valaisfilmcommission.ch\\\/fr\\\/netflix-arrive-en-valais\\\/#primaryimage\"},\"thumbnailUrl\":\"https:\\\/\\\/valaisfilmcommission.ch\\\/wp-content\\\/uploads\\\/2023\\\/12\\\/Winter-Palace-image-RTS.png\",\"articleSection\":[\"Divers\"],\"inLanguage\":\"fr-FR\"},{\"@type\":\"WebPage\",\"@id\":\"https:\\\/\\\/valaisfilmcommission.ch\\\/fr\\\/netflix-arrive-en-valais\\\/\",\"url\":\"https:\\\/\\\/valaisfilmcommission.ch\\\/fr\\\/netflix-arrive-en-valais\\\/\",\"name\":\"Netflix arrive en Valais\u00a0! &#8211; Valais Film Commission\",\"isPartOf\":{\"@id\":\"https:\\\/\\\/valaisfilmcommission.ch\\\/fr\\\/#website\"},\"primaryImageOfPage\":{\"@id\":\"https:\\\/\\\/valaisfilmcommission.ch\\\/fr\\\/netflix-arrive-en-valais\\\/#primaryimage\"},\"image\":{\"@id\":\"https:\\\/\\\/valaisfilmcommission.ch\\\/fr\\\/netflix-arrive-en-valais\\\/#primaryimage\"},\"thumbnailUrl\":\"https:\\\/\\\/valaisfilmcommission.ch\\\/wp-content\\\/uploads\\\/2023\\\/12\\\/Winter-Palace-image-RTS.png\",\"datePublished\":\"2023-12-06T09:06:06+00:00\",\"dateModified\":\"2023-12-07T07:07:49+00:00\",\"description\":\"Winter Palace, c\u2019est ainsi qu\u2019est intitul\u00e9e la s\u00e9rie Netflix qui sera tourn\u00e9e d\u00e9but 2024 dans le canton du Valais.\",\"breadcrumb\":{\"@id\":\"https:\\\/\\\/valaisfilmcommission.ch\\\/fr\\\/netflix-arrive-en-valais\\\/#breadcrumb\"},\"inLanguage\":\"fr-FR\",\"potentialAction\":[{\"@type\":\"ReadAction\",\"target\":[\"https:\\\/\\\/valaisfilmcommission.ch\\\/fr\\\/netflix-arrive-en-valais\\\/\"]}]},{\"@type\":\"ImageObject\",\"inLanguage\":\"fr-FR\",\"@id\":\"https:\\\/\\\/valaisfilmcommission.ch\\\/fr\\\/netflix-arrive-en-valais\\\/#primaryimage\",\"url\":\"https:\\\/\\\/valaisfilmcommission.ch\\\/wp-content\\\/uploads\\\/2023\\\/12\\\/Winter-Palace-image-RTS.png\",\"contentUrl\":\"https:\\\/\\\/valaisfilmcommission.ch\\\/wp-content\\\/uploads\\\/2023\\\/12\\\/Winter-Palace-image-RTS.png\",\"width\":1280,\"height\":720,\"caption\":\"Winter Palace Netflix Valais\"},{\"@type\":\"BreadcrumbList\",\"@id\":\"https:\\\/\\\/valaisfilmcommission.ch\\\/fr\\\/netflix-arrive-en-valais\\\/#breadcrumb\",\"itemListElement\":[{\"@type\":\"ListItem\",\"position\":1,\"name\":\"Home\",\"item\":\"https:\\\/\\\/valaisfilmcommission.ch\\\/fr\\\/\"},{\"@type\":\"ListItem\",\"position\":2,\"name\":\"Divers\",\"item\":\"https:\\\/\\\/valaisfilmcommission.ch\\\/fr\\\/category\\\/divers\\\/\"},{\"@type\":\"ListItem\",\"position\":3,\"name\":\"Netflix arrive en Valais\u00a0!\"}]},{\"@type\":\"WebSite\",\"@id\":\"https:\\\/\\\/valaisfilmcommission.ch\\\/fr\\\/#website\",\"url\":\"https:\\\/\\\/valaisfilmcommission.ch\\\/fr\\\/\",\"name\":\"Valais Film Commission\",\"description\":\"Soutien de l&#039;audiovisuel en Valais\",\"publisher\":{\"@id\":\"https:\\\/\\\/valaisfilmcommission.ch\\\/fr\\\/#organization\"},\"potentialAction\":[{\"@type\":\"SearchAction\",\"target\":{\"@type\":\"EntryPoint\",\"urlTemplate\":\"https:\\\/\\\/valaisfilmcommission.ch\\\/fr\\\/?s={search_term_string}\"},\"query-input\":{\"@type\":\"PropertyValueSpecification\",\"valueRequired\":true,\"valueName\":\"search_term_string\"}}],\"inLanguage\":\"fr-FR\"},{\"@type\":\"Organization\",\"@id\":\"https:\\\/\\\/valaisfilmcommission.ch\\\/fr\\\/#organization\",\"name\":\"Valais Film Commission\",\"url\":\"https:\\\/\\\/valaisfilmcommission.ch\\\/fr\\\/\",\"logo\":{\"@type\":\"ImageObject\",\"inLanguage\":\"fr-FR\",\"@id\":\"https:\\\/\\\/valaisfilmcommission.ch\\\/fr\\\/#\\\/schema\\\/logo\\\/image\\\/\",\"url\":\"https:\\\/\\\/valaisfilmcommission.ch\\\/wp-content\\\/uploads\\\/2020\\\/07\\\/Valais_FR.svg\",\"contentUrl\":\"https:\\\/\\\/valaisfilmcommission.ch\\\/wp-content\\\/uploads\\\/2020\\\/07\\\/Valais_FR.svg\",\"width\":1,\"height\":1,\"caption\":\"Valais Film Commission\"},\"image\":{\"@id\":\"https:\\\/\\\/valaisfilmcommission.ch\\\/fr\\\/#\\\/schema\\\/logo\\\/image\\\/\"},\"sameAs\":[\"https:\\\/\\\/x.com\\\/ValaisFilmCom\",\"https:\\\/\\\/www.instagram.com\\\/valaisfilmcommission\\\/\"]},{\"@type\":\"Person\",\"@id\":\"https:\\\/\\\/valaisfilmcommission.ch\\\/fr\\\/#\\\/schema\\\/person\\\/7cc678b12ca3f4768a0212c4eabb3c5b\",\"name\":\"Valais Film Commission\",\"image\":{\"@type\":\"ImageObject\",\"inLanguage\":\"fr-FR\",\"@id\":\"https:\\\/\\\/secure.gravatar.com\\\/avatar\\\/6a8365a52399b9c7e05a4a904406a5b6477d5597b3413118e04227ebbac9d24b?s=96&d=mm&r=g\",\"url\":\"https:\\\/\\\/secure.gravatar.com\\\/avatar\\\/6a8365a52399b9c7e05a4a904406a5b6477d5597b3413118e04227ebbac9d24b?s=96&d=mm&r=g\",\"contentUrl\":\"https:\\\/\\\/secure.gravatar.com\\\/avatar\\\/6a8365a52399b9c7e05a4a904406a5b6477d5597b3413118e04227ebbac9d24b?s=96&d=mm&r=g\",\"caption\":\"Valais Film Commission\"}}]}<\/script>\n<!-- \/ Yoast SEO plugin. -->","yoast_head_json":{"title":"Netflix arrive en Valais\u00a0! &#8211; Valais Film Commission","description":"Winter Palace, c\u2019est ainsi qu\u2019est intitul\u00e9e la s\u00e9rie Netflix qui sera tourn\u00e9e d\u00e9but 2024 dans le canton du Valais.","robots":{"index":"index","follow":"follow","max-snippet":"max-snippet:-1","max-image-preview":"max-image-preview:large","max-video-preview":"max-video-preview:-1"},"canonical":"https:\/\/valaisfilmcommission.ch\/fr\/netflix-arrive-en-valais\/","og_locale":"fr_FR","og_type":"article","og_title":"Netflix arrive en Valais\u00a0! &#8211; Valais Film Commission","og_description":"Winter Palace, c\u2019est ainsi qu\u2019est intitul\u00e9e la s\u00e9rie Netflix qui sera tourn\u00e9e d\u00e9but 2024 dans le canton du Valais.","og_url":"https:\/\/valaisfilmcommission.ch\/fr\/netflix-arrive-en-valais\/","og_site_name":"Valais Film Commission","article_published_time":"2023-12-06T09:06:06+00:00","article_modified_time":"2023-12-07T07:07:49+00:00","og_image":[{"width":1280,"height":720,"url":"https:\/\/valaisfilmcommission.ch\/wp-content\/uploads\/2023\/12\/Winter-Palace-image-RTS.png","type":"image\/png"}],"author":"Valais Film Commission","twitter_card":"summary_large_image","twitter_creator":"@ValaisFilmCom","twitter_site":"@ValaisFilmCom","twitter_misc":{"\u00c9crit par":"Valais Film Commission","Dur\u00e9e de lecture estim\u00e9e":"2 minutes"},"schema":{"@context":"https:\/\/schema.org","@graph":[{"@type":"Article","@id":"https:\/\/valaisfilmcommission.ch\/fr\/netflix-arrive-en-valais\/#article","isPartOf":{"@id":"https:\/\/valaisfilmcommission.ch\/fr\/netflix-arrive-en-valais\/"},"author":{"name":"Valais Film Commission","@id":"https:\/\/valaisfilmcommission.ch\/fr\/#\/schema\/person\/7cc678b12ca3f4768a0212c4eabb3c5b"},"headline":"Netflix arrive en Valais\u00a0!","datePublished":"2023-12-06T09:06:06+00:00","dateModified":"2023-12-07T07:07:49+00:00","mainEntityOfPage":{"@id":"https:\/\/valaisfilmcommission.ch\/fr\/netflix-arrive-en-valais\/"},"wordCount":349,"publisher":{"@id":"https:\/\/valaisfilmcommission.ch\/fr\/#organization"},"image":{"@id":"https:\/\/valaisfilmcommission.ch\/fr\/netflix-arrive-en-valais\/#primaryimage"},"thumbnailUrl":"https:\/\/valaisfilmcommission.ch\/wp-content\/uploads\/2023\/12\/Winter-Palace-image-RTS.png","articleSection":["Divers"],"inLanguage":"fr-FR"},{"@type":"WebPage","@id":"https:\/\/valaisfilmcommission.ch\/fr\/netflix-arrive-en-valais\/","url":"https:\/\/valaisfilmcommission.ch\/fr\/netflix-arrive-en-valais\/","name":"Netflix arrive en Valais\u00a0! &#8211; Valais Film Commission","isPartOf":{"@id":"https:\/\/valaisfilmcommission.ch\/fr\/#website"},"primaryImageOfPage":{"@id":"https:\/\/valaisfilmcommission.ch\/fr\/netflix-arrive-en-valais\/#primaryimage"},"image":{"@id":"https:\/\/valaisfilmcommission.ch\/fr\/netflix-arrive-en-valais\/#primaryimage"},"thumbnailUrl":"https:\/\/valaisfilmcommission.ch\/wp-content\/uploads\/2023\/12\/Winter-Palace-image-RTS.png","datePublished":"2023-12-06T09:06:06+00:00","dateModified":"2023-12-07T07:07:49+00:00","description":"Winter Palace, c\u2019est ainsi qu\u2019est intitul\u00e9e la s\u00e9rie Netflix qui sera tourn\u00e9e d\u00e9but 2024 dans le canton du Valais.","breadcrumb":{"@id":"https:\/\/valaisfilmcommission.ch\/fr\/netflix-arrive-en-valais\/#breadcrumb"},"inLanguage":"fr-FR","potentialAction":[{"@type":"ReadAction","target":["https:\/\/valaisfilmcommission.ch\/fr\/netflix-arrive-en-valais\/"]}]},{"@type":"ImageObject","inLanguage":"fr-FR","@id":"https:\/\/valaisfilmcommission.ch\/fr\/netflix-arrive-en-valais\/#primaryimage","url":"https:\/\/valaisfilmcommission.ch\/wp-content\/uploads\/2023\/12\/Winter-Palace-image-RTS.png","contentUrl":"https:\/\/valaisfilmcommission.ch\/wp-content\/uploads\/2023\/12\/Winter-Palace-image-RTS.png","width":1280,"height":720,"caption":"Winter Palace Netflix Valais"},{"@type":"BreadcrumbList","@id":"https:\/\/valaisfilmcommission.ch\/fr\/netflix-arrive-en-valais\/#breadcrumb","itemListElement":[{"@type":"ListItem","position":1,"name":"Home","item":"https:\/\/valaisfilmcommission.ch\/fr\/"},{"@type":"ListItem","position":2,"name":"Divers","item":"https:\/\/valaisfilmcommission.ch\/fr\/category\/divers\/"},{"@type":"ListItem","position":3,"name":"Netflix arrive en Valais\u00a0!"}]},{"@type":"WebSite","@id":"https:\/\/valaisfilmcommission.ch\/fr\/#website","url":"https:\/\/valaisfilmcommission.ch\/fr\/","name":"Valais Film Commission","description":"Soutien de l&#039;audiovisuel en Valais","publisher":{"@id":"https:\/\/valaisfilmcommission.ch\/fr\/#organization"},"potentialAction":[{"@type":"SearchAction","target":{"@type":"EntryPoint","urlTemplate":"https:\/\/valaisfilmcommission.ch\/fr\/?s={search_term_string}"},"query-input":{"@type":"PropertyValueSpecification","valueRequired":true,"valueName":"search_term_string"}}],"inLanguage":"fr-FR"},{"@type":"Organization","@id":"https:\/\/valaisfilmcommission.ch\/fr\/#organization","name":"Valais Film Commission","url":"https:\/\/valaisfilmcommission.ch\/fr\/","logo":{"@type":"ImageObject","inLanguage":"fr-FR","@id":"https:\/\/valaisfilmcommission.ch\/fr\/#\/schema\/logo\/image\/","url":"https:\/\/valaisfilmcommission.ch\/wp-content\/uploads\/2020\/07\/Valais_FR.svg","contentUrl":"https:\/\/valaisfilmcommission.ch\/wp-content\/uploads\/2020\/07\/Valais_FR.svg","width":1,"height":1,"caption":"Valais Film Commission"},"image":{"@id":"https:\/\/valaisfilmcommission.ch\/fr\/#\/schema\/logo\/image\/"},"sameAs":["https:\/\/x.com\/ValaisFilmCom","https:\/\/www.instagram.com\/valaisfilmcommission\/"]},{"@type":"Person","@id":"https:\/\/valaisfilmcommission.ch\/fr\/#\/schema\/person\/7cc678b12ca3f4768a0212c4eabb3c5b","name":"Valais Film Commission","image":{"@type":"ImageObject","inLanguage":"fr-FR","@id":"https:\/\/secure.gravatar.com\/avatar\/6a8365a52399b9c7e05a4a904406a5b6477d5597b3413118e04227ebbac9d24b?s=96&d=mm&r=g","url":"https:\/\/secure.gravatar.com\/avatar\/6a8365a52399b9c7e05a4a904406a5b6477d5597b3413118e04227ebbac9d24b?s=96&d=mm&r=g","contentUrl":"https:\/\/secure.gravatar.com\/avatar\/6a8365a52399b9c7e05a4a904406a5b6477d5597b3413118e04227ebbac9d24b?s=96&d=mm&r=g","caption":"Valais Film Commission"}}]}},"_links":{"self":[{"href":"https:\/\/valaisfilmcommission.ch\/fr\/wp-json\/wp\/v2\/posts\/8839","targetHints":{"allow":["GET"]}}],"collection":[{"href":"https:\/\/valaisfilmcommission.ch\/fr\/wp-json\/wp\/v2\/posts"}],"about":[{"href":"https:\/\/valaisfilmcommission.ch\/fr\/wp-json\/wp\/v2\/types\/post"}],"author":[{"embeddable":true,"href":"https:\/\/valaisfilmcommission.ch\/fr\/wp-json\/wp\/v2\/users\/14"}],"replies":[{"embeddable":true,"href":"https:\/\/valaisfilmcommission.ch\/fr\/wp-json\/wp\/v2\/comments?post=8839"}],"version-history":[{"count":3,"href":"https:\/\/valaisfilmcommission.ch\/fr\/wp-json\/wp\/v2\/posts\/8839\/revisions"}],"predecessor-version":[{"id":8847,"href":"https:\/\/valaisfilmcommission.ch\/fr\/wp-json\/wp\/v2\/posts\/8839\/revisions\/8847"}],"wp:featuredmedia":[{"embeddable":true,"href":"https:\/\/valaisfilmcommission.ch\/fr\/wp-json\/wp\/v2\/media\/8840"}],"wp:attachment":[{"href":"https:\/\/valaisfilmcommission.ch\/fr\/wp-json\/wp\/v2\/media?parent=8839"}],"wp:term":[{"taxonomy":"category","embeddable":true,"href":"https:\/\/valaisfilmcommission.ch\/fr\/wp-json\/wp\/v2\/categories?post=8839"},{"taxonomy":"post_tag","embeddable":true,"href":"https:\/\/valaisfilmcommission.ch\/fr\/wp-json\/wp\/v2\/tags?post=8839"}],"curies":[{"name":"wp","href":"https:\/\/api.w.org\/{rel}","templated":true}]}}