{"id":8421,"date":"2023-08-11T15:37:20","date_gmt":"2023-08-11T13:37:20","guid":{"rendered":"https:\/\/valaisfilmcommission.ch\/?p=8421"},"modified":"2023-08-11T15:38:20","modified_gmt":"2023-08-11T13:38:20","slug":"76-locarno-film-festival-locarno-film-festival","status":"publish","type":"post","link":"https:\/\/valaisfilmcommission.ch\/fr\/76-locarno-film-festival-locarno-film-festival\/","title":{"rendered":"76 Locarno Film Festival &#8211; Locarno Film Festival"},"content":{"rendered":"\n<h2 class=\"wp-block-heading\">Locarno Pro Awards 2023<\/h2>\n\n\n\n<p>F\u00e9licitations \u00e0 tous les projets de films s\u00e9lectionn\u00e9s pour Alliance 4 Development 2023.<\/p>\n\n\n\n<p>A cette occasion, \u00ab\u00a0La P&rsquo;tite\u00a0\u00bb (THE YOUNG ONE) r\u00e9alis\u00e9 par Despina Athanassiadis et produit par Quentin Daniel (Wombat Films) a remport\u00e9 le prix offert par la Valais Film Commission.<\/p>\n\n\n\n<p>Le prix consiste en une r\u00e9sidence de conseil en sc\u00e9nario chez DreamAgo ! F\u00e9licitations !<\/p>\n\n\n\n<p><em>\u00ab\u00a0Alliance 4 Development\u00a0\u00bb est une plateforme de co-d\u00e9veloppement pour les projets cin\u00e9matographiques d&rsquo;Autriche, de France, d&rsquo;Allemagne, d&rsquo;Italie et de Suisse<\/em><\/p>\n\n\n\n<figure class=\"wp-block-image size-large\"><img fetchpriority=\"high\" decoding=\"async\" width=\"1024\" height=\"683\" src=\"https:\/\/valaisfilmcommission.ch\/wp-content\/uploads\/2023\/08\/E7A2081-1024x683.jpg\" alt=\"\" class=\"wp-image-8423\" srcset=\"https:\/\/valaisfilmcommission.ch\/wp-content\/uploads\/2023\/08\/E7A2081-1024x683.jpg 1024w, https:\/\/valaisfilmcommission.ch\/wp-content\/uploads\/2023\/08\/E7A2081-300x200.jpg 300w, https:\/\/valaisfilmcommission.ch\/wp-content\/uploads\/2023\/08\/E7A2081-768x512.jpg 768w, https:\/\/valaisfilmcommission.ch\/wp-content\/uploads\/2023\/08\/E7A2081-1536x1024.jpg 1536w, https:\/\/valaisfilmcommission.ch\/wp-content\/uploads\/2023\/08\/E7A2081-2048x1365.jpg 2048w\" sizes=\"(max-width: 1024px) 100vw, 1024px\" \/><figcaption class=\"wp-element-caption\">\ud83d\udcf8 : Locarno Film Festival , Ti-Press<\/figcaption><\/figure>\n","protected":false},"excerpt":{"rendered":"<p>Locarno Pro Awards 2023 F\u00e9licitations \u00e0 tous les projets de films s\u00e9lectionn\u00e9s pour Alliance 4 Development 2023. A cette occasion, \u00ab\u00a0La P&rsquo;tite\u00a0\u00bb (THE YOUNG ONE) r\u00e9alis\u00e9 par Despina Athanassiadis et produit par Quentin Daniel (Wombat Films) a remport\u00e9 le prix offert par la Valais Film Commission. Le prix consiste en une r\u00e9sidence de conseil en [&hellip;]<\/p>\n","protected":false},"author":14,"featured_media":8423,"comment_status":"closed","ping_status":"open","sticky":false,"template":"","format":"standard","meta":{"_acf_changed":false,"footnotes":""},"categories":[1],"tags":[],"class_list":["post-8421","post","type-post","status-publish","format-standard","has-post-thumbnail","hentry","category-divers"],"acf":[],"yoast_head":"<!-- This site is optimized with the Yoast SEO plugin v27.5 - https:\/\/yoast.com\/product\/yoast-seo-wordpress\/ -->\n<title>76 Locarno Film Festival - Locarno Film Festival &#8211; Valais Film Commission<\/title>\n<meta name=\"robots\" content=\"index, follow, max-snippet:-1, max-image-preview:large, max-video-preview:-1\" \/>\n<link rel=\"canonical\" href=\"https:\/\/valaisfilmcommission.ch\/fr\/76-locarno-film-festival-locarno-film-festival\/\" \/>\n<meta property=\"og:locale\" content=\"fr_FR\" \/>\n<meta property=\"og:type\" content=\"article\" \/>\n<meta property=\"og:title\" content=\"76 Locarno Film Festival - Locarno Film Festival &#8211; Valais Film Commission\" \/>\n<meta property=\"og:description\" content=\"Locarno Pro Awards 2023 F\u00e9licitations \u00e0 tous les projets de films s\u00e9lectionn\u00e9s pour Alliance 4 Development 2023. A cette occasion, \u00ab\u00a0La P&rsquo;tite\u00a0\u00bb (THE YOUNG ONE) r\u00e9alis\u00e9 par Despina Athanassiadis et produit par Quentin Daniel (Wombat Films) a remport\u00e9 le prix offert par la Valais Film Commission. Le prix consiste en une r\u00e9sidence de conseil en [&hellip;]\" \/>\n<meta property=\"og:url\" content=\"https:\/\/valaisfilmcommission.ch\/fr\/76-locarno-film-festival-locarno-film-festival\/\" \/>\n<meta property=\"og:site_name\" content=\"Valais Film Commission\" \/>\n<meta property=\"article:published_time\" content=\"2023-08-11T13:37:20+00:00\" \/>\n<meta property=\"article:modified_time\" content=\"2023-08-11T13:38:20+00:00\" \/>\n<meta property=\"og:image\" content=\"https:\/\/valaisfilmcommission.ch\/wp-content\/uploads\/2023\/08\/E7A2081-scaled.jpg\" \/>\n\t<meta property=\"og:image:width\" content=\"2560\" \/>\n\t<meta property=\"og:image:height\" content=\"1707\" \/>\n\t<meta property=\"og:image:type\" content=\"image\/jpeg\" \/>\n<meta name=\"author\" content=\"Valais Film Commission\" \/>\n<meta name=\"twitter:card\" content=\"summary_large_image\" \/>\n<meta name=\"twitter:creator\" content=\"@ValaisFilmCom\" \/>\n<meta name=\"twitter:site\" content=\"@ValaisFilmCom\" \/>\n<meta name=\"twitter:label1\" content=\"\u00c9crit par\" \/>\n\t<meta name=\"twitter:data1\" content=\"Valais Film Commission\" \/>\n\t<meta name=\"twitter:label2\" content=\"Dur\u00e9e de lecture estim\u00e9e\" \/>\n\t<meta name=\"twitter:data2\" content=\"1 minute\" \/>\n<script type=\"application\/ld+json\" class=\"yoast-schema-graph\">{\"@context\":\"https:\\\/\\\/schema.org\",\"@graph\":[{\"@type\":\"Article\",\"@id\":\"https:\\\/\\\/valaisfilmcommission.ch\\\/fr\\\/76-locarno-film-festival-locarno-film-festival\\\/#article\",\"isPartOf\":{\"@id\":\"https:\\\/\\\/valaisfilmcommission.ch\\\/fr\\\/76-locarno-film-festival-locarno-film-festival\\\/\"},\"author\":{\"name\":\"Valais Film Commission\",\"@id\":\"https:\\\/\\\/valaisfilmcommission.ch\\\/fr\\\/#\\\/schema\\\/person\\\/7cc678b12ca3f4768a0212c4eabb3c5b\"},\"headline\":\"76 Locarno Film Festival &#8211; Locarno Film Festival\",\"datePublished\":\"2023-08-11T13:37:20+00:00\",\"dateModified\":\"2023-08-11T13:38:20+00:00\",\"mainEntityOfPage\":{\"@id\":\"https:\\\/\\\/valaisfilmcommission.ch\\\/fr\\\/76-locarno-film-festival-locarno-film-festival\\\/\"},\"wordCount\":98,\"publisher\":{\"@id\":\"https:\\\/\\\/valaisfilmcommission.ch\\\/fr\\\/#organization\"},\"image\":{\"@id\":\"https:\\\/\\\/valaisfilmcommission.ch\\\/fr\\\/76-locarno-film-festival-locarno-film-festival\\\/#primaryimage\"},\"thumbnailUrl\":\"https:\\\/\\\/valaisfilmcommission.ch\\\/wp-content\\\/uploads\\\/2023\\\/08\\\/E7A2081-scaled.jpg\",\"articleSection\":[\"Divers\"],\"inLanguage\":\"fr-FR\"},{\"@type\":\"WebPage\",\"@id\":\"https:\\\/\\\/valaisfilmcommission.ch\\\/fr\\\/76-locarno-film-festival-locarno-film-festival\\\/\",\"url\":\"https:\\\/\\\/valaisfilmcommission.ch\\\/fr\\\/76-locarno-film-festival-locarno-film-festival\\\/\",\"name\":\"76 Locarno Film Festival - Locarno Film Festival &#8211; Valais Film Commission\",\"isPartOf\":{\"@id\":\"https:\\\/\\\/valaisfilmcommission.ch\\\/fr\\\/#website\"},\"primaryImageOfPage\":{\"@id\":\"https:\\\/\\\/valaisfilmcommission.ch\\\/fr\\\/76-locarno-film-festival-locarno-film-festival\\\/#primaryimage\"},\"image\":{\"@id\":\"https:\\\/\\\/valaisfilmcommission.ch\\\/fr\\\/76-locarno-film-festival-locarno-film-festival\\\/#primaryimage\"},\"thumbnailUrl\":\"https:\\\/\\\/valaisfilmcommission.ch\\\/wp-content\\\/uploads\\\/2023\\\/08\\\/E7A2081-scaled.jpg\",\"datePublished\":\"2023-08-11T13:37:20+00:00\",\"dateModified\":\"2023-08-11T13:38:20+00:00\",\"breadcrumb\":{\"@id\":\"https:\\\/\\\/valaisfilmcommission.ch\\\/fr\\\/76-locarno-film-festival-locarno-film-festival\\\/#breadcrumb\"},\"inLanguage\":\"fr-FR\",\"potentialAction\":[{\"@type\":\"ReadAction\",\"target\":[\"https:\\\/\\\/valaisfilmcommission.ch\\\/fr\\\/76-locarno-film-festival-locarno-film-festival\\\/\"]}]},{\"@type\":\"ImageObject\",\"inLanguage\":\"fr-FR\",\"@id\":\"https:\\\/\\\/valaisfilmcommission.ch\\\/fr\\\/76-locarno-film-festival-locarno-film-festival\\\/#primaryimage\",\"url\":\"https:\\\/\\\/valaisfilmcommission.ch\\\/wp-content\\\/uploads\\\/2023\\\/08\\\/E7A2081-scaled.jpg\",\"contentUrl\":\"https:\\\/\\\/valaisfilmcommission.ch\\\/wp-content\\\/uploads\\\/2023\\\/08\\\/E7A2081-scaled.jpg\",\"width\":2560,\"height\":1707,\"caption\":\"Locarno76, Locarno Pro, NOME Locarno Pro Award Ceremony, Sunday, 6 August 2023\"},{\"@type\":\"BreadcrumbList\",\"@id\":\"https:\\\/\\\/valaisfilmcommission.ch\\\/fr\\\/76-locarno-film-festival-locarno-film-festival\\\/#breadcrumb\",\"itemListElement\":[{\"@type\":\"ListItem\",\"position\":1,\"name\":\"Home\",\"item\":\"https:\\\/\\\/valaisfilmcommission.ch\\\/fr\\\/\"},{\"@type\":\"ListItem\",\"position\":2,\"name\":\"Divers\",\"item\":\"https:\\\/\\\/valaisfilmcommission.ch\\\/fr\\\/category\\\/divers\\\/\"},{\"@type\":\"ListItem\",\"position\":3,\"name\":\"76 Locarno Film Festival &#8211; Locarno Film Festival\"}]},{\"@type\":\"WebSite\",\"@id\":\"https:\\\/\\\/valaisfilmcommission.ch\\\/fr\\\/#website\",\"url\":\"https:\\\/\\\/valaisfilmcommission.ch\\\/fr\\\/\",\"name\":\"Valais Film Commission\",\"description\":\"Soutien de l&#039;audiovisuel en Valais\",\"publisher\":{\"@id\":\"https:\\\/\\\/valaisfilmcommission.ch\\\/fr\\\/#organization\"},\"potentialAction\":[{\"@type\":\"SearchAction\",\"target\":{\"@type\":\"EntryPoint\",\"urlTemplate\":\"https:\\\/\\\/valaisfilmcommission.ch\\\/fr\\\/?s={search_term_string}\"},\"query-input\":{\"@type\":\"PropertyValueSpecification\",\"valueRequired\":true,\"valueName\":\"search_term_string\"}}],\"inLanguage\":\"fr-FR\"},{\"@type\":\"Organization\",\"@id\":\"https:\\\/\\\/valaisfilmcommission.ch\\\/fr\\\/#organization\",\"name\":\"Valais Film Commission\",\"url\":\"https:\\\/\\\/valaisfilmcommission.ch\\\/fr\\\/\",\"logo\":{\"@type\":\"ImageObject\",\"inLanguage\":\"fr-FR\",\"@id\":\"https:\\\/\\\/valaisfilmcommission.ch\\\/fr\\\/#\\\/schema\\\/logo\\\/image\\\/\",\"url\":\"https:\\\/\\\/valaisfilmcommission.ch\\\/wp-content\\\/uploads\\\/2020\\\/07\\\/Valais_FR.svg\",\"contentUrl\":\"https:\\\/\\\/valaisfilmcommission.ch\\\/wp-content\\\/uploads\\\/2020\\\/07\\\/Valais_FR.svg\",\"width\":1,\"height\":1,\"caption\":\"Valais Film Commission\"},\"image\":{\"@id\":\"https:\\\/\\\/valaisfilmcommission.ch\\\/fr\\\/#\\\/schema\\\/logo\\\/image\\\/\"},\"sameAs\":[\"https:\\\/\\\/x.com\\\/ValaisFilmCom\",\"https:\\\/\\\/www.instagram.com\\\/valaisfilmcommission\\\/\"]},{\"@type\":\"Person\",\"@id\":\"https:\\\/\\\/valaisfilmcommission.ch\\\/fr\\\/#\\\/schema\\\/person\\\/7cc678b12ca3f4768a0212c4eabb3c5b\",\"name\":\"Valais Film Commission\",\"image\":{\"@type\":\"ImageObject\",\"inLanguage\":\"fr-FR\",\"@id\":\"https:\\\/\\\/secure.gravatar.com\\\/avatar\\\/6a8365a52399b9c7e05a4a904406a5b6477d5597b3413118e04227ebbac9d24b?s=96&d=mm&r=g\",\"url\":\"https:\\\/\\\/secure.gravatar.com\\\/avatar\\\/6a8365a52399b9c7e05a4a904406a5b6477d5597b3413118e04227ebbac9d24b?s=96&d=mm&r=g\",\"contentUrl\":\"https:\\\/\\\/secure.gravatar.com\\\/avatar\\\/6a8365a52399b9c7e05a4a904406a5b6477d5597b3413118e04227ebbac9d24b?s=96&d=mm&r=g\",\"caption\":\"Valais Film Commission\"}}]}<\/script>\n<!-- \/ Yoast SEO plugin. -->","yoast_head_json":{"title":"76 Locarno Film Festival - Locarno Film Festival &#8211; Valais Film Commission","robots":{"index":"index","follow":"follow","max-snippet":"max-snippet:-1","max-image-preview":"max-image-preview:large","max-video-preview":"max-video-preview:-1"},"canonical":"https:\/\/valaisfilmcommission.ch\/fr\/76-locarno-film-festival-locarno-film-festival\/","og_locale":"fr_FR","og_type":"article","og_title":"76 Locarno Film Festival - Locarno Film Festival &#8211; Valais Film Commission","og_description":"Locarno Pro Awards 2023 F\u00e9licitations \u00e0 tous les projets de films s\u00e9lectionn\u00e9s pour Alliance 4 Development 2023. A cette occasion, \u00ab\u00a0La P&rsquo;tite\u00a0\u00bb (THE YOUNG ONE) r\u00e9alis\u00e9 par Despina Athanassiadis et produit par Quentin Daniel (Wombat Films) a remport\u00e9 le prix offert par la Valais Film Commission. Le prix consiste en une r\u00e9sidence de conseil en [&hellip;]","og_url":"https:\/\/valaisfilmcommission.ch\/fr\/76-locarno-film-festival-locarno-film-festival\/","og_site_name":"Valais Film Commission","article_published_time":"2023-08-11T13:37:20+00:00","article_modified_time":"2023-08-11T13:38:20+00:00","og_image":[{"width":2560,"height":1707,"url":"https:\/\/valaisfilmcommission.ch\/wp-content\/uploads\/2023\/08\/E7A2081-scaled.jpg","type":"image\/jpeg"}],"author":"Valais Film Commission","twitter_card":"summary_large_image","twitter_creator":"@ValaisFilmCom","twitter_site":"@ValaisFilmCom","twitter_misc":{"\u00c9crit par":"Valais Film Commission","Dur\u00e9e de lecture estim\u00e9e":"1 minute"},"schema":{"@context":"https:\/\/schema.org","@graph":[{"@type":"Article","@id":"https:\/\/valaisfilmcommission.ch\/fr\/76-locarno-film-festival-locarno-film-festival\/#article","isPartOf":{"@id":"https:\/\/valaisfilmcommission.ch\/fr\/76-locarno-film-festival-locarno-film-festival\/"},"author":{"name":"Valais Film Commission","@id":"https:\/\/valaisfilmcommission.ch\/fr\/#\/schema\/person\/7cc678b12ca3f4768a0212c4eabb3c5b"},"headline":"76 Locarno Film Festival &#8211; Locarno Film Festival","datePublished":"2023-08-11T13:37:20+00:00","dateModified":"2023-08-11T13:38:20+00:00","mainEntityOfPage":{"@id":"https:\/\/valaisfilmcommission.ch\/fr\/76-locarno-film-festival-locarno-film-festival\/"},"wordCount":98,"publisher":{"@id":"https:\/\/valaisfilmcommission.ch\/fr\/#organization"},"image":{"@id":"https:\/\/valaisfilmcommission.ch\/fr\/76-locarno-film-festival-locarno-film-festival\/#primaryimage"},"thumbnailUrl":"https:\/\/valaisfilmcommission.ch\/wp-content\/uploads\/2023\/08\/E7A2081-scaled.jpg","articleSection":["Divers"],"inLanguage":"fr-FR"},{"@type":"WebPage","@id":"https:\/\/valaisfilmcommission.ch\/fr\/76-locarno-film-festival-locarno-film-festival\/","url":"https:\/\/valaisfilmcommission.ch\/fr\/76-locarno-film-festival-locarno-film-festival\/","name":"76 Locarno Film Festival - Locarno Film Festival &#8211; Valais Film Commission","isPartOf":{"@id":"https:\/\/valaisfilmcommission.ch\/fr\/#website"},"primaryImageOfPage":{"@id":"https:\/\/valaisfilmcommission.ch\/fr\/76-locarno-film-festival-locarno-film-festival\/#primaryimage"},"image":{"@id":"https:\/\/valaisfilmcommission.ch\/fr\/76-locarno-film-festival-locarno-film-festival\/#primaryimage"},"thumbnailUrl":"https:\/\/valaisfilmcommission.ch\/wp-content\/uploads\/2023\/08\/E7A2081-scaled.jpg","datePublished":"2023-08-11T13:37:20+00:00","dateModified":"2023-08-11T13:38:20+00:00","breadcrumb":{"@id":"https:\/\/valaisfilmcommission.ch\/fr\/76-locarno-film-festival-locarno-film-festival\/#breadcrumb"},"inLanguage":"fr-FR","potentialAction":[{"@type":"ReadAction","target":["https:\/\/valaisfilmcommission.ch\/fr\/76-locarno-film-festival-locarno-film-festival\/"]}]},{"@type":"ImageObject","inLanguage":"fr-FR","@id":"https:\/\/valaisfilmcommission.ch\/fr\/76-locarno-film-festival-locarno-film-festival\/#primaryimage","url":"https:\/\/valaisfilmcommission.ch\/wp-content\/uploads\/2023\/08\/E7A2081-scaled.jpg","contentUrl":"https:\/\/valaisfilmcommission.ch\/wp-content\/uploads\/2023\/08\/E7A2081-scaled.jpg","width":2560,"height":1707,"caption":"Locarno76, Locarno Pro, NOME Locarno Pro Award Ceremony, Sunday, 6 August 2023"},{"@type":"BreadcrumbList","@id":"https:\/\/valaisfilmcommission.ch\/fr\/76-locarno-film-festival-locarno-film-festival\/#breadcrumb","itemListElement":[{"@type":"ListItem","position":1,"name":"Home","item":"https:\/\/valaisfilmcommission.ch\/fr\/"},{"@type":"ListItem","position":2,"name":"Divers","item":"https:\/\/valaisfilmcommission.ch\/fr\/category\/divers\/"},{"@type":"ListItem","position":3,"name":"76 Locarno Film Festival &#8211; Locarno Film Festival"}]},{"@type":"WebSite","@id":"https:\/\/valaisfilmcommission.ch\/fr\/#website","url":"https:\/\/valaisfilmcommission.ch\/fr\/","name":"Valais Film Commission","description":"Soutien de l&#039;audiovisuel en Valais","publisher":{"@id":"https:\/\/valaisfilmcommission.ch\/fr\/#organization"},"potentialAction":[{"@type":"SearchAction","target":{"@type":"EntryPoint","urlTemplate":"https:\/\/valaisfilmcommission.ch\/fr\/?s={search_term_string}"},"query-input":{"@type":"PropertyValueSpecification","valueRequired":true,"valueName":"search_term_string"}}],"inLanguage":"fr-FR"},{"@type":"Organization","@id":"https:\/\/valaisfilmcommission.ch\/fr\/#organization","name":"Valais Film Commission","url":"https:\/\/valaisfilmcommission.ch\/fr\/","logo":{"@type":"ImageObject","inLanguage":"fr-FR","@id":"https:\/\/valaisfilmcommission.ch\/fr\/#\/schema\/logo\/image\/","url":"https:\/\/valaisfilmcommission.ch\/wp-content\/uploads\/2020\/07\/Valais_FR.svg","contentUrl":"https:\/\/valaisfilmcommission.ch\/wp-content\/uploads\/2020\/07\/Valais_FR.svg","width":1,"height":1,"caption":"Valais Film Commission"},"image":{"@id":"https:\/\/valaisfilmcommission.ch\/fr\/#\/schema\/logo\/image\/"},"sameAs":["https:\/\/x.com\/ValaisFilmCom","https:\/\/www.instagram.com\/valaisfilmcommission\/"]},{"@type":"Person","@id":"https:\/\/valaisfilmcommission.ch\/fr\/#\/schema\/person\/7cc678b12ca3f4768a0212c4eabb3c5b","name":"Valais Film Commission","image":{"@type":"ImageObject","inLanguage":"fr-FR","@id":"https:\/\/secure.gravatar.com\/avatar\/6a8365a52399b9c7e05a4a904406a5b6477d5597b3413118e04227ebbac9d24b?s=96&d=mm&r=g","url":"https:\/\/secure.gravatar.com\/avatar\/6a8365a52399b9c7e05a4a904406a5b6477d5597b3413118e04227ebbac9d24b?s=96&d=mm&r=g","contentUrl":"https:\/\/secure.gravatar.com\/avatar\/6a8365a52399b9c7e05a4a904406a5b6477d5597b3413118e04227ebbac9d24b?s=96&d=mm&r=g","caption":"Valais Film Commission"}}]}},"_links":{"self":[{"href":"https:\/\/valaisfilmcommission.ch\/fr\/wp-json\/wp\/v2\/posts\/8421","targetHints":{"allow":["GET"]}}],"collection":[{"href":"https:\/\/valaisfilmcommission.ch\/fr\/wp-json\/wp\/v2\/posts"}],"about":[{"href":"https:\/\/valaisfilmcommission.ch\/fr\/wp-json\/wp\/v2\/types\/post"}],"author":[{"embeddable":true,"href":"https:\/\/valaisfilmcommission.ch\/fr\/wp-json\/wp\/v2\/users\/14"}],"replies":[{"embeddable":true,"href":"https:\/\/valaisfilmcommission.ch\/fr\/wp-json\/wp\/v2\/comments?post=8421"}],"version-history":[{"count":3,"href":"https:\/\/valaisfilmcommission.ch\/fr\/wp-json\/wp\/v2\/posts\/8421\/revisions"}],"predecessor-version":[{"id":8427,"href":"https:\/\/valaisfilmcommission.ch\/fr\/wp-json\/wp\/v2\/posts\/8421\/revisions\/8427"}],"wp:featuredmedia":[{"embeddable":true,"href":"https:\/\/valaisfilmcommission.ch\/fr\/wp-json\/wp\/v2\/media\/8423"}],"wp:attachment":[{"href":"https:\/\/valaisfilmcommission.ch\/fr\/wp-json\/wp\/v2\/media?parent=8421"}],"wp:term":[{"taxonomy":"category","embeddable":true,"href":"https:\/\/valaisfilmcommission.ch\/fr\/wp-json\/wp\/v2\/categories?post=8421"},{"taxonomy":"post_tag","embeddable":true,"href":"https:\/\/valaisfilmcommission.ch\/fr\/wp-json\/wp\/v2\/tags?post=8421"}],"curies":[{"name":"wp","href":"https:\/\/api.w.org\/{rel}","templated":true}]}}