{"id":7749,"date":"2022-11-16T16:05:26","date_gmt":"2022-11-16T15:05:26","guid":{"rendered":"https:\/\/valaisfilmcommission.ch\/?p=7749"},"modified":"2023-02-27T08:01:49","modified_gmt":"2023-02-27T07:01:49","slug":"valais-film-commission-une-opportunite-economique-pour-le-canton","status":"publish","type":"post","link":"https:\/\/valaisfilmcommission.ch\/fr\/valais-film-commission-une-opportunite-economique-pour-le-canton\/","title":{"rendered":"Valais Film Commission, une opportunit\u00e9 \u00e9conomique pour le canton"},"content":{"rendered":"<p>La <a href=\"https:\/\/valaisfilmcommission.ch\/fr\/\">Valais Film Commission<\/a> souhaite positionner le Valais comme terre de tournage tout en assurant des retomb\u00e9es \u00e9conomiques directes et indirectes dans le canton. Tristan Albrecht, Film Commissioner de la Valais Film Commission, nous pr\u00e9sente le fonctionnement de cette nouvelle initiative et explique comment la mise en valeur du Valais au travers de productions audiovisuelles peut d\u00e9velopper le tissu \u00e9conomique du canton.<\/p>\n<p>Lire l&rsquo;<a href=\"https:\/\/valais-economie.ch\/valais-film-commission-une-opportunite-economique-pour-le-canton\/?_gl=1*138jvqs*_ga*MTQ0OTQ4NTYzNS4xNjY4NjA5MDA0*_ga_XXZPGLFWVX*MTY2ODYwOTAwNC4xLjEuMTY2ODYwOTAxNC4wLjAuMA..\">article entier<\/a> de la Promotion \u00e9conomique du Valais<\/p>\n","protected":false},"excerpt":{"rendered":"<p>La Valais Film Commission souhaite positionner le Valais comme terre de tournage tout en assurant des retomb\u00e9es \u00e9conomiques directes et indirectes dans le canton. Tristan Albrecht, Film Commissioner de la Valais Film Commission, nous pr\u00e9sente le fonctionnement de cette nouvelle initiative et explique comment la mise en valeur du Valais au travers de productions audiovisuelles [&hellip;]<\/p>\n","protected":false},"author":14,"featured_media":7760,"comment_status":"closed","ping_status":"open","sticky":false,"template":"","format":"standard","meta":{"_acf_changed":false,"footnotes":""},"categories":[1],"tags":[],"class_list":["post-7749","post","type-post","status-publish","format-standard","has-post-thumbnail","hentry","category-divers"],"acf":[],"yoast_head":"<!-- This site is optimized with the Yoast SEO plugin v27.5 - https:\/\/yoast.com\/product\/yoast-seo-wordpress\/ -->\n<title>Valais Film Commission, une opportunit\u00e9 \u00e9conomique pour le canton &#8211; Valais Film Commission<\/title>\n<meta name=\"robots\" content=\"index, follow, max-snippet:-1, max-image-preview:large, max-video-preview:-1\" \/>\n<link rel=\"canonical\" href=\"https:\/\/valaisfilmcommission.ch\/fr\/valais-film-commission-une-opportunite-economique-pour-le-canton\/\" \/>\n<meta property=\"og:locale\" content=\"fr_FR\" \/>\n<meta property=\"og:type\" content=\"article\" \/>\n<meta property=\"og:title\" content=\"Valais Film Commission, une opportunit\u00e9 \u00e9conomique pour le canton &#8211; Valais Film Commission\" \/>\n<meta property=\"og:description\" content=\"La Valais Film Commission souhaite positionner le Valais comme terre de tournage tout en assurant des retomb\u00e9es \u00e9conomiques directes et indirectes dans le canton. Tristan Albrecht, Film Commissioner de la Valais Film Commission, nous pr\u00e9sente le fonctionnement de cette nouvelle initiative et explique comment la mise en valeur du Valais au travers de productions audiovisuelles [&hellip;]\" \/>\n<meta property=\"og:url\" content=\"https:\/\/valaisfilmcommission.ch\/fr\/valais-film-commission-une-opportunite-economique-pour-le-canton\/\" \/>\n<meta property=\"og:site_name\" content=\"Valais Film Commission\" \/>\n<meta property=\"article:published_time\" content=\"2022-11-16T15:05:26+00:00\" \/>\n<meta property=\"article:modified_time\" content=\"2023-02-27T07:01:49+00:00\" \/>\n<meta property=\"og:image\" content=\"https:\/\/valaisfilmcommission.ch\/wp-content\/uploads\/2022\/11\/VS_CINEMA_02-scaled.jpg\" \/>\n\t<meta property=\"og:image:width\" content=\"2560\" \/>\n\t<meta property=\"og:image:height\" content=\"1707\" \/>\n\t<meta property=\"og:image:type\" content=\"image\/jpeg\" \/>\n<meta name=\"author\" content=\"Valais Film Commission\" \/>\n<meta name=\"twitter:card\" content=\"summary_large_image\" \/>\n<meta name=\"twitter:creator\" content=\"@ValaisFilmCom\" \/>\n<meta name=\"twitter:site\" content=\"@ValaisFilmCom\" \/>\n<meta name=\"twitter:label1\" content=\"\u00c9crit par\" \/>\n\t<meta name=\"twitter:data1\" content=\"Valais Film Commission\" \/>\n\t<meta name=\"twitter:label2\" content=\"Dur\u00e9e de lecture estim\u00e9e\" \/>\n\t<meta name=\"twitter:data2\" content=\"1 minute\" \/>\n<script type=\"application\/ld+json\" class=\"yoast-schema-graph\">{\"@context\":\"https:\\\/\\\/schema.org\",\"@graph\":[{\"@type\":\"Article\",\"@id\":\"https:\\\/\\\/valaisfilmcommission.ch\\\/fr\\\/valais-film-commission-une-opportunite-economique-pour-le-canton\\\/#article\",\"isPartOf\":{\"@id\":\"https:\\\/\\\/valaisfilmcommission.ch\\\/fr\\\/valais-film-commission-une-opportunite-economique-pour-le-canton\\\/\"},\"author\":{\"name\":\"Valais Film Commission\",\"@id\":\"https:\\\/\\\/valaisfilmcommission.ch\\\/fr\\\/#\\\/schema\\\/person\\\/7cc678b12ca3f4768a0212c4eabb3c5b\"},\"headline\":\"Valais Film Commission, une opportunit\u00e9 \u00e9conomique pour le canton\",\"datePublished\":\"2022-11-16T15:05:26+00:00\",\"dateModified\":\"2023-02-27T07:01:49+00:00\",\"mainEntityOfPage\":{\"@id\":\"https:\\\/\\\/valaisfilmcommission.ch\\\/fr\\\/valais-film-commission-une-opportunite-economique-pour-le-canton\\\/\"},\"wordCount\":84,\"publisher\":{\"@id\":\"https:\\\/\\\/valaisfilmcommission.ch\\\/fr\\\/#organization\"},\"image\":{\"@id\":\"https:\\\/\\\/valaisfilmcommission.ch\\\/fr\\\/valais-film-commission-une-opportunite-economique-pour-le-canton\\\/#primaryimage\"},\"thumbnailUrl\":\"https:\\\/\\\/valaisfilmcommission.ch\\\/wp-content\\\/uploads\\\/2022\\\/11\\\/VS_CINEMA_02-scaled.jpg\",\"articleSection\":[\"Divers\"],\"inLanguage\":\"fr-FR\"},{\"@type\":\"WebPage\",\"@id\":\"https:\\\/\\\/valaisfilmcommission.ch\\\/fr\\\/valais-film-commission-une-opportunite-economique-pour-le-canton\\\/\",\"url\":\"https:\\\/\\\/valaisfilmcommission.ch\\\/fr\\\/valais-film-commission-une-opportunite-economique-pour-le-canton\\\/\",\"name\":\"Valais Film Commission, une opportunit\u00e9 \u00e9conomique pour le canton &#8211; Valais Film Commission\",\"isPartOf\":{\"@id\":\"https:\\\/\\\/valaisfilmcommission.ch\\\/fr\\\/#website\"},\"primaryImageOfPage\":{\"@id\":\"https:\\\/\\\/valaisfilmcommission.ch\\\/fr\\\/valais-film-commission-une-opportunite-economique-pour-le-canton\\\/#primaryimage\"},\"image\":{\"@id\":\"https:\\\/\\\/valaisfilmcommission.ch\\\/fr\\\/valais-film-commission-une-opportunite-economique-pour-le-canton\\\/#primaryimage\"},\"thumbnailUrl\":\"https:\\\/\\\/valaisfilmcommission.ch\\\/wp-content\\\/uploads\\\/2022\\\/11\\\/VS_CINEMA_02-scaled.jpg\",\"datePublished\":\"2022-11-16T15:05:26+00:00\",\"dateModified\":\"2023-02-27T07:01:49+00:00\",\"breadcrumb\":{\"@id\":\"https:\\\/\\\/valaisfilmcommission.ch\\\/fr\\\/valais-film-commission-une-opportunite-economique-pour-le-canton\\\/#breadcrumb\"},\"inLanguage\":\"fr-FR\",\"potentialAction\":[{\"@type\":\"ReadAction\",\"target\":[\"https:\\\/\\\/valaisfilmcommission.ch\\\/fr\\\/valais-film-commission-une-opportunite-economique-pour-le-canton\\\/\"]}]},{\"@type\":\"ImageObject\",\"inLanguage\":\"fr-FR\",\"@id\":\"https:\\\/\\\/valaisfilmcommission.ch\\\/fr\\\/valais-film-commission-une-opportunite-economique-pour-le-canton\\\/#primaryimage\",\"url\":\"https:\\\/\\\/valaisfilmcommission.ch\\\/wp-content\\\/uploads\\\/2022\\\/11\\\/VS_CINEMA_02-scaled.jpg\",\"contentUrl\":\"https:\\\/\\\/valaisfilmcommission.ch\\\/wp-content\\\/uploads\\\/2022\\\/11\\\/VS_CINEMA_02-scaled.jpg\",\"width\":2560,\"height\":1707,\"caption\":\"Visuels produits avec la boite de production \u2018\u2019Pentam\u00e9dias\u2019\u2019 pour la Valais Film commission du Canton du Valais.. \u00a9Louis Dasseborne\"},{\"@type\":\"BreadcrumbList\",\"@id\":\"https:\\\/\\\/valaisfilmcommission.ch\\\/fr\\\/valais-film-commission-une-opportunite-economique-pour-le-canton\\\/#breadcrumb\",\"itemListElement\":[{\"@type\":\"ListItem\",\"position\":1,\"name\":\"Home\",\"item\":\"https:\\\/\\\/valaisfilmcommission.ch\\\/fr\\\/\"},{\"@type\":\"ListItem\",\"position\":2,\"name\":\"Divers\",\"item\":\"https:\\\/\\\/valaisfilmcommission.ch\\\/fr\\\/category\\\/divers\\\/\"},{\"@type\":\"ListItem\",\"position\":3,\"name\":\"Valais Film Commission, une opportunit\u00e9 \u00e9conomique pour le canton\"}]},{\"@type\":\"WebSite\",\"@id\":\"https:\\\/\\\/valaisfilmcommission.ch\\\/fr\\\/#website\",\"url\":\"https:\\\/\\\/valaisfilmcommission.ch\\\/fr\\\/\",\"name\":\"Valais Film Commission\",\"description\":\"Soutien de l&#039;audiovisuel en Valais\",\"publisher\":{\"@id\":\"https:\\\/\\\/valaisfilmcommission.ch\\\/fr\\\/#organization\"},\"potentialAction\":[{\"@type\":\"SearchAction\",\"target\":{\"@type\":\"EntryPoint\",\"urlTemplate\":\"https:\\\/\\\/valaisfilmcommission.ch\\\/fr\\\/?s={search_term_string}\"},\"query-input\":{\"@type\":\"PropertyValueSpecification\",\"valueRequired\":true,\"valueName\":\"search_term_string\"}}],\"inLanguage\":\"fr-FR\"},{\"@type\":\"Organization\",\"@id\":\"https:\\\/\\\/valaisfilmcommission.ch\\\/fr\\\/#organization\",\"name\":\"Valais Film Commission\",\"url\":\"https:\\\/\\\/valaisfilmcommission.ch\\\/fr\\\/\",\"logo\":{\"@type\":\"ImageObject\",\"inLanguage\":\"fr-FR\",\"@id\":\"https:\\\/\\\/valaisfilmcommission.ch\\\/fr\\\/#\\\/schema\\\/logo\\\/image\\\/\",\"url\":\"https:\\\/\\\/valaisfilmcommission.ch\\\/wp-content\\\/uploads\\\/2020\\\/07\\\/Valais_FR.svg\",\"contentUrl\":\"https:\\\/\\\/valaisfilmcommission.ch\\\/wp-content\\\/uploads\\\/2020\\\/07\\\/Valais_FR.svg\",\"width\":1,\"height\":1,\"caption\":\"Valais Film Commission\"},\"image\":{\"@id\":\"https:\\\/\\\/valaisfilmcommission.ch\\\/fr\\\/#\\\/schema\\\/logo\\\/image\\\/\"},\"sameAs\":[\"https:\\\/\\\/x.com\\\/ValaisFilmCom\",\"https:\\\/\\\/www.instagram.com\\\/valaisfilmcommission\\\/\"]},{\"@type\":\"Person\",\"@id\":\"https:\\\/\\\/valaisfilmcommission.ch\\\/fr\\\/#\\\/schema\\\/person\\\/7cc678b12ca3f4768a0212c4eabb3c5b\",\"name\":\"Valais Film Commission\",\"image\":{\"@type\":\"ImageObject\",\"inLanguage\":\"fr-FR\",\"@id\":\"https:\\\/\\\/secure.gravatar.com\\\/avatar\\\/6a8365a52399b9c7e05a4a904406a5b6477d5597b3413118e04227ebbac9d24b?s=96&d=mm&r=g\",\"url\":\"https:\\\/\\\/secure.gravatar.com\\\/avatar\\\/6a8365a52399b9c7e05a4a904406a5b6477d5597b3413118e04227ebbac9d24b?s=96&d=mm&r=g\",\"contentUrl\":\"https:\\\/\\\/secure.gravatar.com\\\/avatar\\\/6a8365a52399b9c7e05a4a904406a5b6477d5597b3413118e04227ebbac9d24b?s=96&d=mm&r=g\",\"caption\":\"Valais Film Commission\"}}]}<\/script>\n<!-- \/ Yoast SEO plugin. -->","yoast_head_json":{"title":"Valais Film Commission, une opportunit\u00e9 \u00e9conomique pour le canton &#8211; Valais Film Commission","robots":{"index":"index","follow":"follow","max-snippet":"max-snippet:-1","max-image-preview":"max-image-preview:large","max-video-preview":"max-video-preview:-1"},"canonical":"https:\/\/valaisfilmcommission.ch\/fr\/valais-film-commission-une-opportunite-economique-pour-le-canton\/","og_locale":"fr_FR","og_type":"article","og_title":"Valais Film Commission, une opportunit\u00e9 \u00e9conomique pour le canton &#8211; Valais Film Commission","og_description":"La Valais Film Commission souhaite positionner le Valais comme terre de tournage tout en assurant des retomb\u00e9es \u00e9conomiques directes et indirectes dans le canton. Tristan Albrecht, Film Commissioner de la Valais Film Commission, nous pr\u00e9sente le fonctionnement de cette nouvelle initiative et explique comment la mise en valeur du Valais au travers de productions audiovisuelles [&hellip;]","og_url":"https:\/\/valaisfilmcommission.ch\/fr\/valais-film-commission-une-opportunite-economique-pour-le-canton\/","og_site_name":"Valais Film Commission","article_published_time":"2022-11-16T15:05:26+00:00","article_modified_time":"2023-02-27T07:01:49+00:00","og_image":[{"width":2560,"height":1707,"url":"https:\/\/valaisfilmcommission.ch\/wp-content\/uploads\/2022\/11\/VS_CINEMA_02-scaled.jpg","type":"image\/jpeg"}],"author":"Valais Film Commission","twitter_card":"summary_large_image","twitter_creator":"@ValaisFilmCom","twitter_site":"@ValaisFilmCom","twitter_misc":{"\u00c9crit par":"Valais Film Commission","Dur\u00e9e de lecture estim\u00e9e":"1 minute"},"schema":{"@context":"https:\/\/schema.org","@graph":[{"@type":"Article","@id":"https:\/\/valaisfilmcommission.ch\/fr\/valais-film-commission-une-opportunite-economique-pour-le-canton\/#article","isPartOf":{"@id":"https:\/\/valaisfilmcommission.ch\/fr\/valais-film-commission-une-opportunite-economique-pour-le-canton\/"},"author":{"name":"Valais Film Commission","@id":"https:\/\/valaisfilmcommission.ch\/fr\/#\/schema\/person\/7cc678b12ca3f4768a0212c4eabb3c5b"},"headline":"Valais Film Commission, une opportunit\u00e9 \u00e9conomique pour le canton","datePublished":"2022-11-16T15:05:26+00:00","dateModified":"2023-02-27T07:01:49+00:00","mainEntityOfPage":{"@id":"https:\/\/valaisfilmcommission.ch\/fr\/valais-film-commission-une-opportunite-economique-pour-le-canton\/"},"wordCount":84,"publisher":{"@id":"https:\/\/valaisfilmcommission.ch\/fr\/#organization"},"image":{"@id":"https:\/\/valaisfilmcommission.ch\/fr\/valais-film-commission-une-opportunite-economique-pour-le-canton\/#primaryimage"},"thumbnailUrl":"https:\/\/valaisfilmcommission.ch\/wp-content\/uploads\/2022\/11\/VS_CINEMA_02-scaled.jpg","articleSection":["Divers"],"inLanguage":"fr-FR"},{"@type":"WebPage","@id":"https:\/\/valaisfilmcommission.ch\/fr\/valais-film-commission-une-opportunite-economique-pour-le-canton\/","url":"https:\/\/valaisfilmcommission.ch\/fr\/valais-film-commission-une-opportunite-economique-pour-le-canton\/","name":"Valais Film Commission, une opportunit\u00e9 \u00e9conomique pour le canton &#8211; Valais Film Commission","isPartOf":{"@id":"https:\/\/valaisfilmcommission.ch\/fr\/#website"},"primaryImageOfPage":{"@id":"https:\/\/valaisfilmcommission.ch\/fr\/valais-film-commission-une-opportunite-economique-pour-le-canton\/#primaryimage"},"image":{"@id":"https:\/\/valaisfilmcommission.ch\/fr\/valais-film-commission-une-opportunite-economique-pour-le-canton\/#primaryimage"},"thumbnailUrl":"https:\/\/valaisfilmcommission.ch\/wp-content\/uploads\/2022\/11\/VS_CINEMA_02-scaled.jpg","datePublished":"2022-11-16T15:05:26+00:00","dateModified":"2023-02-27T07:01:49+00:00","breadcrumb":{"@id":"https:\/\/valaisfilmcommission.ch\/fr\/valais-film-commission-une-opportunite-economique-pour-le-canton\/#breadcrumb"},"inLanguage":"fr-FR","potentialAction":[{"@type":"ReadAction","target":["https:\/\/valaisfilmcommission.ch\/fr\/valais-film-commission-une-opportunite-economique-pour-le-canton\/"]}]},{"@type":"ImageObject","inLanguage":"fr-FR","@id":"https:\/\/valaisfilmcommission.ch\/fr\/valais-film-commission-une-opportunite-economique-pour-le-canton\/#primaryimage","url":"https:\/\/valaisfilmcommission.ch\/wp-content\/uploads\/2022\/11\/VS_CINEMA_02-scaled.jpg","contentUrl":"https:\/\/valaisfilmcommission.ch\/wp-content\/uploads\/2022\/11\/VS_CINEMA_02-scaled.jpg","width":2560,"height":1707,"caption":"Visuels produits avec la boite de production \u2018\u2019Pentam\u00e9dias\u2019\u2019 pour la Valais Film commission du Canton du Valais.. \u00a9Louis Dasseborne"},{"@type":"BreadcrumbList","@id":"https:\/\/valaisfilmcommission.ch\/fr\/valais-film-commission-une-opportunite-economique-pour-le-canton\/#breadcrumb","itemListElement":[{"@type":"ListItem","position":1,"name":"Home","item":"https:\/\/valaisfilmcommission.ch\/fr\/"},{"@type":"ListItem","position":2,"name":"Divers","item":"https:\/\/valaisfilmcommission.ch\/fr\/category\/divers\/"},{"@type":"ListItem","position":3,"name":"Valais Film Commission, une opportunit\u00e9 \u00e9conomique pour le canton"}]},{"@type":"WebSite","@id":"https:\/\/valaisfilmcommission.ch\/fr\/#website","url":"https:\/\/valaisfilmcommission.ch\/fr\/","name":"Valais Film Commission","description":"Soutien de l&#039;audiovisuel en Valais","publisher":{"@id":"https:\/\/valaisfilmcommission.ch\/fr\/#organization"},"potentialAction":[{"@type":"SearchAction","target":{"@type":"EntryPoint","urlTemplate":"https:\/\/valaisfilmcommission.ch\/fr\/?s={search_term_string}"},"query-input":{"@type":"PropertyValueSpecification","valueRequired":true,"valueName":"search_term_string"}}],"inLanguage":"fr-FR"},{"@type":"Organization","@id":"https:\/\/valaisfilmcommission.ch\/fr\/#organization","name":"Valais Film Commission","url":"https:\/\/valaisfilmcommission.ch\/fr\/","logo":{"@type":"ImageObject","inLanguage":"fr-FR","@id":"https:\/\/valaisfilmcommission.ch\/fr\/#\/schema\/logo\/image\/","url":"https:\/\/valaisfilmcommission.ch\/wp-content\/uploads\/2020\/07\/Valais_FR.svg","contentUrl":"https:\/\/valaisfilmcommission.ch\/wp-content\/uploads\/2020\/07\/Valais_FR.svg","width":1,"height":1,"caption":"Valais Film Commission"},"image":{"@id":"https:\/\/valaisfilmcommission.ch\/fr\/#\/schema\/logo\/image\/"},"sameAs":["https:\/\/x.com\/ValaisFilmCom","https:\/\/www.instagram.com\/valaisfilmcommission\/"]},{"@type":"Person","@id":"https:\/\/valaisfilmcommission.ch\/fr\/#\/schema\/person\/7cc678b12ca3f4768a0212c4eabb3c5b","name":"Valais Film Commission","image":{"@type":"ImageObject","inLanguage":"fr-FR","@id":"https:\/\/secure.gravatar.com\/avatar\/6a8365a52399b9c7e05a4a904406a5b6477d5597b3413118e04227ebbac9d24b?s=96&d=mm&r=g","url":"https:\/\/secure.gravatar.com\/avatar\/6a8365a52399b9c7e05a4a904406a5b6477d5597b3413118e04227ebbac9d24b?s=96&d=mm&r=g","contentUrl":"https:\/\/secure.gravatar.com\/avatar\/6a8365a52399b9c7e05a4a904406a5b6477d5597b3413118e04227ebbac9d24b?s=96&d=mm&r=g","caption":"Valais Film Commission"}}]}},"_links":{"self":[{"href":"https:\/\/valaisfilmcommission.ch\/fr\/wp-json\/wp\/v2\/posts\/7749","targetHints":{"allow":["GET"]}}],"collection":[{"href":"https:\/\/valaisfilmcommission.ch\/fr\/wp-json\/wp\/v2\/posts"}],"about":[{"href":"https:\/\/valaisfilmcommission.ch\/fr\/wp-json\/wp\/v2\/types\/post"}],"author":[{"embeddable":true,"href":"https:\/\/valaisfilmcommission.ch\/fr\/wp-json\/wp\/v2\/users\/14"}],"replies":[{"embeddable":true,"href":"https:\/\/valaisfilmcommission.ch\/fr\/wp-json\/wp\/v2\/comments?post=7749"}],"version-history":[{"count":16,"href":"https:\/\/valaisfilmcommission.ch\/fr\/wp-json\/wp\/v2\/posts\/7749\/revisions"}],"predecessor-version":[{"id":7784,"href":"https:\/\/valaisfilmcommission.ch\/fr\/wp-json\/wp\/v2\/posts\/7749\/revisions\/7784"}],"wp:featuredmedia":[{"embeddable":true,"href":"https:\/\/valaisfilmcommission.ch\/fr\/wp-json\/wp\/v2\/media\/7760"}],"wp:attachment":[{"href":"https:\/\/valaisfilmcommission.ch\/fr\/wp-json\/wp\/v2\/media?parent=7749"}],"wp:term":[{"taxonomy":"category","embeddable":true,"href":"https:\/\/valaisfilmcommission.ch\/fr\/wp-json\/wp\/v2\/categories?post=7749"},{"taxonomy":"post_tag","embeddable":true,"href":"https:\/\/valaisfilmcommission.ch\/fr\/wp-json\/wp\/v2\/tags?post=7749"}],"curies":[{"name":"wp","href":"https:\/\/api.w.org\/{rel}","templated":true}]}}