{"id":10708,"date":"2025-11-26T10:58:45","date_gmt":"2025-11-26T09:58:45","guid":{"rendered":"https:\/\/valaisfilmcommission.ch\/?p=10708"},"modified":"2025-11-26T10:58:47","modified_gmt":"2025-11-26T09:58:47","slug":"pourquoi-est-ce-que-la-sensibilisation-est-un-element-crucial-dans-lindustrie-cinematographique","status":"publish","type":"post","link":"https:\/\/valaisfilmcommission.ch\/fr\/pourquoi-est-ce-que-la-sensibilisation-est-un-element-crucial-dans-lindustrie-cinematographique\/","title":{"rendered":"Pourquoi est-ce que la\u00a0sensibilisation\u00a0est un \u00e9l\u00e9ment crucial dans l\u2019industrie cin\u00e9matographique ?\u00a0"},"content":{"rendered":"\n<p>L\u2019industrie audiovisuelle occupe aujourd\u2019hui une place centrale dans la valorisation d\u2019un territoire. Qu\u2019il s\u2019agisse de cin\u00e9ma, de s\u00e9ries ou de documentaires, chaque tournage repr\u00e9sente une opportunit\u00e9 unique : dynamiser l\u2019\u00e9conomie locale, cr\u00e9er de l\u2019emploi, renforcer l\u2019attractivit\u00e9 touristique et mettre en lumi\u00e8re la diversit\u00e9 du patrimoine culturel.<br>Mais pour que ces retomb\u00e9es positives puissent r\u00e9ellement se concr\u00e9tiser, un \u00e9l\u00e9ment cl\u00e9 demeure indispensable : la sensibilisation des acteurs locaux, qu\u2019il s\u2019agisse d&rsquo;entreprises, de responsables politiques ou des communes.<\/p>\n\n\n\n<p>Un tournage implique des besoins sp\u00e9cifiques : autorisations, logistique, h\u00e9bergement, restauration, transports, s\u00e9curit\u00e9\u2026 Une bonne coordination entre les \u00e9quipes de production et les acteurs locaux permet d\u2019\u00eatre efficace et d\u2019assurer que les op\u00e9rations se d\u00e9roulent dans le respect de l\u2019espace public, des habitants et de l\u2019environnement.<\/p>\n\n\n\n<p>Beaucoup de communes et entreprises ne mesurent pas toujours l\u2019impact positif li\u00e9 \u00e0 un tournage, ou au contraire s\u2019inqui\u00e8tent de complications potentielles. C\u2019est pourquoi, un travail de sensibilisation est crucial pour installer un climat de confiance car la venue d\u2019une production g\u00e9n\u00e8re des retomb\u00e9es imm\u00e9diates pour le tissu \u00e9conomique. Cela va des h\u00e9bergements, \u00e0 de la restauration, des locations de mat\u00e9riel ou v\u00e9hicules jusqu\u2019\u00e0 l\u2019emploi de talents locaux. Les autorit\u00e9s politiques et administratives jouent un r\u00f4le fondamental dans l\u2019accueil de projets audiovisuels. Leur soutien permet notamment d\u2019acc\u00e9l\u00e9rer les proc\u00e9dures d\u2019autorisations, de faciliter l\u2019acc\u00e8s \u00e0 certains sites mais aussi de valoriser l\u2019image du territoire. Des \u00e9lus sensibilis\u00e9s deviennent souvent les meilleurs ambassadeurs de l\u2019industrie audiovisuelle et n\u2019h\u00e9sitent pas \u00e0 inscrire son d\u00e9veloppement dans une vision strat\u00e9gique plus large.<\/p>\n\n\n\n<p>Au-del\u00e0 des actions locales, la question de la sensibilisation se pose \u00e9galement au niveau national. Un pays dot\u00e9 de plusieurs bureaux ou commissions du film dispose d\u2019un v\u00e9ritable r\u00e9seau strat\u00e9gique permettant d\u2019harmoniser les pratiques d\u2019accueil mais aussi de renforcer l\u2019attractivit\u00e9 globale du territoire. La cr\u00e9ation ou le renforcement de bureaux du film dans diff\u00e9rentes r\u00e9gions de Suisse constitue une \u00e9tape essentielle pour d\u00e9velopper une politique audiovisuelle coh\u00e9rente et comp\u00e9titive \u00e0 l\u2019international. Ces structures jouent un r\u00f4le d\u2019ambassadeur du territoire \u00e0 l\u2019international.<\/p>\n\n\n\n<p>Le d\u00e9veloppement d\u2019un territoire attractif pour les tournages ne se fait pas du jour au lendemain. Il repose sur un travail continu de sensibilisation, de communication et de coop\u00e9ration entre les acteurs locaux, r\u00e9gionaux et nationaux. En renfor\u00e7ant le dialogue entre entreprises, communes, responsables politiques et institutions culturelles, il devient possible de cr\u00e9er un environnement accueillant, efficace et durable pour les productions.<br>Cette culture de l\u2019accueil est la cl\u00e9 d\u2019un d\u00e9veloppement audiovisuel ambitieux, capable de g\u00e9n\u00e9rer des retomb\u00e9es \u00e9conomiques, culturelles et sociales pour l\u2019ensemble du territoire.<\/p>\n\n\n\n<figure class=\"wp-block-image size-full\"><img fetchpriority=\"high\" decoding=\"async\" width=\"854\" height=\"658\" src=\"https:\/\/valaisfilmcommission.ch\/wp-content\/uploads\/2025\/11\/Capture-decran-2025-11-26-a-10.49.17.png\" alt=\"\" class=\"wp-image-10699\" srcset=\"https:\/\/valaisfilmcommission.ch\/wp-content\/uploads\/2025\/11\/Capture-decran-2025-11-26-a-10.49.17.png 854w, https:\/\/valaisfilmcommission.ch\/wp-content\/uploads\/2025\/11\/Capture-decran-2025-11-26-a-10.49.17-300x231.png 300w, https:\/\/valaisfilmcommission.ch\/wp-content\/uploads\/2025\/11\/Capture-decran-2025-11-26-a-10.49.17-768x592.png 768w\" sizes=\"(max-width: 854px) 100vw, 854px\" \/><\/figure>\n","protected":false},"excerpt":{"rendered":"<p>L\u2019industrie audiovisuelle occupe aujourd\u2019hui une place centrale dans la valorisation d\u2019un territoire. Qu\u2019il s\u2019agisse de cin\u00e9ma, de s\u00e9ries ou de documentaires, chaque tournage repr\u00e9sente une opportunit\u00e9 unique : dynamiser l\u2019\u00e9conomie locale, cr\u00e9er de l\u2019emploi, renforcer l\u2019attractivit\u00e9 touristique et mettre en lumi\u00e8re la diversit\u00e9 du patrimoine culturel.Mais pour que ces retomb\u00e9es positives puissent r\u00e9ellement se concr\u00e9tiser, [&hellip;]<\/p>\n","protected":false},"author":14,"featured_media":10699,"comment_status":"closed","ping_status":"open","sticky":false,"template":"","format":"standard","meta":{"_acf_changed":false,"footnotes":""},"categories":[1],"tags":[],"class_list":["post-10708","post","type-post","status-publish","format-standard","has-post-thumbnail","hentry","category-divers"],"acf":[],"yoast_head":"<!-- This site is optimized with the Yoast SEO plugin v27.5 - https:\/\/yoast.com\/product\/yoast-seo-wordpress\/ -->\n<title>Pourquoi est-ce que la\u00a0sensibilisation\u00a0est un \u00e9l\u00e9ment crucial dans l\u2019industrie cin\u00e9matographique ?\u00a0 &#8211; Valais Film Commission<\/title>\n<meta name=\"robots\" content=\"index, follow, max-snippet:-1, max-image-preview:large, max-video-preview:-1\" \/>\n<link rel=\"canonical\" href=\"https:\/\/valaisfilmcommission.ch\/fr\/pourquoi-est-ce-que-la-sensibilisation-est-un-element-crucial-dans-lindustrie-cinematographique\/\" \/>\n<meta property=\"og:locale\" content=\"fr_FR\" \/>\n<meta property=\"og:type\" content=\"article\" \/>\n<meta property=\"og:title\" content=\"Pourquoi est-ce que la\u00a0sensibilisation\u00a0est un \u00e9l\u00e9ment crucial dans l\u2019industrie cin\u00e9matographique ?\u00a0 &#8211; Valais Film Commission\" \/>\n<meta property=\"og:description\" content=\"L\u2019industrie audiovisuelle occupe aujourd\u2019hui une place centrale dans la valorisation d\u2019un territoire. Qu\u2019il s\u2019agisse de cin\u00e9ma, de s\u00e9ries ou de documentaires, chaque tournage repr\u00e9sente une opportunit\u00e9 unique : dynamiser l\u2019\u00e9conomie locale, cr\u00e9er de l\u2019emploi, renforcer l\u2019attractivit\u00e9 touristique et mettre en lumi\u00e8re la diversit\u00e9 du patrimoine culturel.Mais pour que ces retomb\u00e9es positives puissent r\u00e9ellement se concr\u00e9tiser, [&hellip;]\" \/>\n<meta property=\"og:url\" content=\"https:\/\/valaisfilmcommission.ch\/fr\/pourquoi-est-ce-que-la-sensibilisation-est-un-element-crucial-dans-lindustrie-cinematographique\/\" \/>\n<meta property=\"og:site_name\" content=\"Valais Film Commission\" \/>\n<meta property=\"article:published_time\" content=\"2025-11-26T09:58:45+00:00\" \/>\n<meta property=\"article:modified_time\" content=\"2025-11-26T09:58:47+00:00\" \/>\n<meta property=\"og:image\" content=\"https:\/\/valaisfilmcommission.ch\/wp-content\/uploads\/2025\/11\/Capture-decran-2025-11-26-a-10.49.17.png\" \/>\n\t<meta property=\"og:image:width\" content=\"854\" \/>\n\t<meta property=\"og:image:height\" content=\"658\" \/>\n\t<meta property=\"og:image:type\" content=\"image\/png\" \/>\n<meta name=\"author\" content=\"Valais Film Commission\" \/>\n<meta name=\"twitter:card\" content=\"summary_large_image\" \/>\n<meta name=\"twitter:creator\" content=\"@ValaisFilmCom\" \/>\n<meta name=\"twitter:site\" content=\"@ValaisFilmCom\" \/>\n<meta name=\"twitter:label1\" content=\"\u00c9crit par\" \/>\n\t<meta name=\"twitter:data1\" content=\"Valais Film Commission\" \/>\n\t<meta name=\"twitter:label2\" content=\"Dur\u00e9e de lecture estim\u00e9e\" \/>\n\t<meta name=\"twitter:data2\" content=\"3 minutes\" \/>\n<script type=\"application\/ld+json\" class=\"yoast-schema-graph\">{\"@context\":\"https:\\\/\\\/schema.org\",\"@graph\":[{\"@type\":\"Article\",\"@id\":\"https:\\\/\\\/valaisfilmcommission.ch\\\/fr\\\/pourquoi-est-ce-que-la-sensibilisation-est-un-element-crucial-dans-lindustrie-cinematographique\\\/#article\",\"isPartOf\":{\"@id\":\"https:\\\/\\\/valaisfilmcommission.ch\\\/fr\\\/pourquoi-est-ce-que-la-sensibilisation-est-un-element-crucial-dans-lindustrie-cinematographique\\\/\"},\"author\":{\"name\":\"Valais Film Commission\",\"@id\":\"https:\\\/\\\/valaisfilmcommission.ch\\\/fr\\\/#\\\/schema\\\/person\\\/7cc678b12ca3f4768a0212c4eabb3c5b\"},\"headline\":\"Pourquoi est-ce que la\u00a0sensibilisation\u00a0est un \u00e9l\u00e9ment crucial dans l\u2019industrie cin\u00e9matographique ?\u00a0\",\"datePublished\":\"2025-11-26T09:58:45+00:00\",\"dateModified\":\"2025-11-26T09:58:47+00:00\",\"mainEntityOfPage\":{\"@id\":\"https:\\\/\\\/valaisfilmcommission.ch\\\/fr\\\/pourquoi-est-ce-que-la-sensibilisation-est-un-element-crucial-dans-lindustrie-cinematographique\\\/\"},\"wordCount\":511,\"publisher\":{\"@id\":\"https:\\\/\\\/valaisfilmcommission.ch\\\/fr\\\/#organization\"},\"image\":{\"@id\":\"https:\\\/\\\/valaisfilmcommission.ch\\\/fr\\\/pourquoi-est-ce-que-la-sensibilisation-est-un-element-crucial-dans-lindustrie-cinematographique\\\/#primaryimage\"},\"thumbnailUrl\":\"https:\\\/\\\/valaisfilmcommission.ch\\\/wp-content\\\/uploads\\\/2025\\\/11\\\/Capture-decran-2025-11-26-a-10.49.17.png\",\"articleSection\":[\"Divers\"],\"inLanguage\":\"fr-FR\"},{\"@type\":\"WebPage\",\"@id\":\"https:\\\/\\\/valaisfilmcommission.ch\\\/fr\\\/pourquoi-est-ce-que-la-sensibilisation-est-un-element-crucial-dans-lindustrie-cinematographique\\\/\",\"url\":\"https:\\\/\\\/valaisfilmcommission.ch\\\/fr\\\/pourquoi-est-ce-que-la-sensibilisation-est-un-element-crucial-dans-lindustrie-cinematographique\\\/\",\"name\":\"Pourquoi est-ce que la\u00a0sensibilisation\u00a0est un \u00e9l\u00e9ment crucial dans l\u2019industrie cin\u00e9matographique ?\u00a0 &#8211; Valais Film Commission\",\"isPartOf\":{\"@id\":\"https:\\\/\\\/valaisfilmcommission.ch\\\/fr\\\/#website\"},\"primaryImageOfPage\":{\"@id\":\"https:\\\/\\\/valaisfilmcommission.ch\\\/fr\\\/pourquoi-est-ce-que-la-sensibilisation-est-un-element-crucial-dans-lindustrie-cinematographique\\\/#primaryimage\"},\"image\":{\"@id\":\"https:\\\/\\\/valaisfilmcommission.ch\\\/fr\\\/pourquoi-est-ce-que-la-sensibilisation-est-un-element-crucial-dans-lindustrie-cinematographique\\\/#primaryimage\"},\"thumbnailUrl\":\"https:\\\/\\\/valaisfilmcommission.ch\\\/wp-content\\\/uploads\\\/2025\\\/11\\\/Capture-decran-2025-11-26-a-10.49.17.png\",\"datePublished\":\"2025-11-26T09:58:45+00:00\",\"dateModified\":\"2025-11-26T09:58:47+00:00\",\"breadcrumb\":{\"@id\":\"https:\\\/\\\/valaisfilmcommission.ch\\\/fr\\\/pourquoi-est-ce-que-la-sensibilisation-est-un-element-crucial-dans-lindustrie-cinematographique\\\/#breadcrumb\"},\"inLanguage\":\"fr-FR\",\"potentialAction\":[{\"@type\":\"ReadAction\",\"target\":[\"https:\\\/\\\/valaisfilmcommission.ch\\\/fr\\\/pourquoi-est-ce-que-la-sensibilisation-est-un-element-crucial-dans-lindustrie-cinematographique\\\/\"]}]},{\"@type\":\"ImageObject\",\"inLanguage\":\"fr-FR\",\"@id\":\"https:\\\/\\\/valaisfilmcommission.ch\\\/fr\\\/pourquoi-est-ce-que-la-sensibilisation-est-un-element-crucial-dans-lindustrie-cinematographique\\\/#primaryimage\",\"url\":\"https:\\\/\\\/valaisfilmcommission.ch\\\/wp-content\\\/uploads\\\/2025\\\/11\\\/Capture-decran-2025-11-26-a-10.49.17.png\",\"contentUrl\":\"https:\\\/\\\/valaisfilmcommission.ch\\\/wp-content\\\/uploads\\\/2025\\\/11\\\/Capture-decran-2025-11-26-a-10.49.17.png\",\"width\":854,\"height\":658},{\"@type\":\"BreadcrumbList\",\"@id\":\"https:\\\/\\\/valaisfilmcommission.ch\\\/fr\\\/pourquoi-est-ce-que-la-sensibilisation-est-un-element-crucial-dans-lindustrie-cinematographique\\\/#breadcrumb\",\"itemListElement\":[{\"@type\":\"ListItem\",\"position\":1,\"name\":\"Home\",\"item\":\"https:\\\/\\\/valaisfilmcommission.ch\\\/fr\\\/\"},{\"@type\":\"ListItem\",\"position\":2,\"name\":\"Divers\",\"item\":\"https:\\\/\\\/valaisfilmcommission.ch\\\/fr\\\/category\\\/divers\\\/\"},{\"@type\":\"ListItem\",\"position\":3,\"name\":\"Pourquoi est-ce que la\u00a0sensibilisation\u00a0est un \u00e9l\u00e9ment crucial dans l\u2019industrie cin\u00e9matographique ?\u00a0\"}]},{\"@type\":\"WebSite\",\"@id\":\"https:\\\/\\\/valaisfilmcommission.ch\\\/fr\\\/#website\",\"url\":\"https:\\\/\\\/valaisfilmcommission.ch\\\/fr\\\/\",\"name\":\"Valais Film Commission\",\"description\":\"Soutien de l&#039;audiovisuel en Valais\",\"publisher\":{\"@id\":\"https:\\\/\\\/valaisfilmcommission.ch\\\/fr\\\/#organization\"},\"potentialAction\":[{\"@type\":\"SearchAction\",\"target\":{\"@type\":\"EntryPoint\",\"urlTemplate\":\"https:\\\/\\\/valaisfilmcommission.ch\\\/fr\\\/?s={search_term_string}\"},\"query-input\":{\"@type\":\"PropertyValueSpecification\",\"valueRequired\":true,\"valueName\":\"search_term_string\"}}],\"inLanguage\":\"fr-FR\"},{\"@type\":\"Organization\",\"@id\":\"https:\\\/\\\/valaisfilmcommission.ch\\\/fr\\\/#organization\",\"name\":\"Valais Film Commission\",\"url\":\"https:\\\/\\\/valaisfilmcommission.ch\\\/fr\\\/\",\"logo\":{\"@type\":\"ImageObject\",\"inLanguage\":\"fr-FR\",\"@id\":\"https:\\\/\\\/valaisfilmcommission.ch\\\/fr\\\/#\\\/schema\\\/logo\\\/image\\\/\",\"url\":\"https:\\\/\\\/valaisfilmcommission.ch\\\/wp-content\\\/uploads\\\/2020\\\/07\\\/Valais_FR.svg\",\"contentUrl\":\"https:\\\/\\\/valaisfilmcommission.ch\\\/wp-content\\\/uploads\\\/2020\\\/07\\\/Valais_FR.svg\",\"width\":1,\"height\":1,\"caption\":\"Valais Film Commission\"},\"image\":{\"@id\":\"https:\\\/\\\/valaisfilmcommission.ch\\\/fr\\\/#\\\/schema\\\/logo\\\/image\\\/\"},\"sameAs\":[\"https:\\\/\\\/x.com\\\/ValaisFilmCom\",\"https:\\\/\\\/www.instagram.com\\\/valaisfilmcommission\\\/\"]},{\"@type\":\"Person\",\"@id\":\"https:\\\/\\\/valaisfilmcommission.ch\\\/fr\\\/#\\\/schema\\\/person\\\/7cc678b12ca3f4768a0212c4eabb3c5b\",\"name\":\"Valais Film Commission\",\"image\":{\"@type\":\"ImageObject\",\"inLanguage\":\"fr-FR\",\"@id\":\"https:\\\/\\\/secure.gravatar.com\\\/avatar\\\/6a8365a52399b9c7e05a4a904406a5b6477d5597b3413118e04227ebbac9d24b?s=96&d=mm&r=g\",\"url\":\"https:\\\/\\\/secure.gravatar.com\\\/avatar\\\/6a8365a52399b9c7e05a4a904406a5b6477d5597b3413118e04227ebbac9d24b?s=96&d=mm&r=g\",\"contentUrl\":\"https:\\\/\\\/secure.gravatar.com\\\/avatar\\\/6a8365a52399b9c7e05a4a904406a5b6477d5597b3413118e04227ebbac9d24b?s=96&d=mm&r=g\",\"caption\":\"Valais Film Commission\"}}]}<\/script>\n<!-- \/ Yoast SEO plugin. -->","yoast_head_json":{"title":"Pourquoi est-ce que la\u00a0sensibilisation\u00a0est un \u00e9l\u00e9ment crucial dans l\u2019industrie cin\u00e9matographique ?\u00a0 &#8211; Valais Film Commission","robots":{"index":"index","follow":"follow","max-snippet":"max-snippet:-1","max-image-preview":"max-image-preview:large","max-video-preview":"max-video-preview:-1"},"canonical":"https:\/\/valaisfilmcommission.ch\/fr\/pourquoi-est-ce-que-la-sensibilisation-est-un-element-crucial-dans-lindustrie-cinematographique\/","og_locale":"fr_FR","og_type":"article","og_title":"Pourquoi est-ce que la\u00a0sensibilisation\u00a0est un \u00e9l\u00e9ment crucial dans l\u2019industrie cin\u00e9matographique ?\u00a0 &#8211; Valais Film Commission","og_description":"L\u2019industrie audiovisuelle occupe aujourd\u2019hui une place centrale dans la valorisation d\u2019un territoire. Qu\u2019il s\u2019agisse de cin\u00e9ma, de s\u00e9ries ou de documentaires, chaque tournage repr\u00e9sente une opportunit\u00e9 unique : dynamiser l\u2019\u00e9conomie locale, cr\u00e9er de l\u2019emploi, renforcer l\u2019attractivit\u00e9 touristique et mettre en lumi\u00e8re la diversit\u00e9 du patrimoine culturel.Mais pour que ces retomb\u00e9es positives puissent r\u00e9ellement se concr\u00e9tiser, [&hellip;]","og_url":"https:\/\/valaisfilmcommission.ch\/fr\/pourquoi-est-ce-que-la-sensibilisation-est-un-element-crucial-dans-lindustrie-cinematographique\/","og_site_name":"Valais Film Commission","article_published_time":"2025-11-26T09:58:45+00:00","article_modified_time":"2025-11-26T09:58:47+00:00","og_image":[{"width":854,"height":658,"url":"https:\/\/valaisfilmcommission.ch\/wp-content\/uploads\/2025\/11\/Capture-decran-2025-11-26-a-10.49.17.png","type":"image\/png"}],"author":"Valais Film Commission","twitter_card":"summary_large_image","twitter_creator":"@ValaisFilmCom","twitter_site":"@ValaisFilmCom","twitter_misc":{"\u00c9crit par":"Valais Film Commission","Dur\u00e9e de lecture estim\u00e9e":"3 minutes"},"schema":{"@context":"https:\/\/schema.org","@graph":[{"@type":"Article","@id":"https:\/\/valaisfilmcommission.ch\/fr\/pourquoi-est-ce-que-la-sensibilisation-est-un-element-crucial-dans-lindustrie-cinematographique\/#article","isPartOf":{"@id":"https:\/\/valaisfilmcommission.ch\/fr\/pourquoi-est-ce-que-la-sensibilisation-est-un-element-crucial-dans-lindustrie-cinematographique\/"},"author":{"name":"Valais Film Commission","@id":"https:\/\/valaisfilmcommission.ch\/fr\/#\/schema\/person\/7cc678b12ca3f4768a0212c4eabb3c5b"},"headline":"Pourquoi est-ce que la\u00a0sensibilisation\u00a0est un \u00e9l\u00e9ment crucial dans l\u2019industrie cin\u00e9matographique ?\u00a0","datePublished":"2025-11-26T09:58:45+00:00","dateModified":"2025-11-26T09:58:47+00:00","mainEntityOfPage":{"@id":"https:\/\/valaisfilmcommission.ch\/fr\/pourquoi-est-ce-que-la-sensibilisation-est-un-element-crucial-dans-lindustrie-cinematographique\/"},"wordCount":511,"publisher":{"@id":"https:\/\/valaisfilmcommission.ch\/fr\/#organization"},"image":{"@id":"https:\/\/valaisfilmcommission.ch\/fr\/pourquoi-est-ce-que-la-sensibilisation-est-un-element-crucial-dans-lindustrie-cinematographique\/#primaryimage"},"thumbnailUrl":"https:\/\/valaisfilmcommission.ch\/wp-content\/uploads\/2025\/11\/Capture-decran-2025-11-26-a-10.49.17.png","articleSection":["Divers"],"inLanguage":"fr-FR"},{"@type":"WebPage","@id":"https:\/\/valaisfilmcommission.ch\/fr\/pourquoi-est-ce-que-la-sensibilisation-est-un-element-crucial-dans-lindustrie-cinematographique\/","url":"https:\/\/valaisfilmcommission.ch\/fr\/pourquoi-est-ce-que-la-sensibilisation-est-un-element-crucial-dans-lindustrie-cinematographique\/","name":"Pourquoi est-ce que la\u00a0sensibilisation\u00a0est un \u00e9l\u00e9ment crucial dans l\u2019industrie cin\u00e9matographique ?\u00a0 &#8211; Valais Film Commission","isPartOf":{"@id":"https:\/\/valaisfilmcommission.ch\/fr\/#website"},"primaryImageOfPage":{"@id":"https:\/\/valaisfilmcommission.ch\/fr\/pourquoi-est-ce-que-la-sensibilisation-est-un-element-crucial-dans-lindustrie-cinematographique\/#primaryimage"},"image":{"@id":"https:\/\/valaisfilmcommission.ch\/fr\/pourquoi-est-ce-que-la-sensibilisation-est-un-element-crucial-dans-lindustrie-cinematographique\/#primaryimage"},"thumbnailUrl":"https:\/\/valaisfilmcommission.ch\/wp-content\/uploads\/2025\/11\/Capture-decran-2025-11-26-a-10.49.17.png","datePublished":"2025-11-26T09:58:45+00:00","dateModified":"2025-11-26T09:58:47+00:00","breadcrumb":{"@id":"https:\/\/valaisfilmcommission.ch\/fr\/pourquoi-est-ce-que-la-sensibilisation-est-un-element-crucial-dans-lindustrie-cinematographique\/#breadcrumb"},"inLanguage":"fr-FR","potentialAction":[{"@type":"ReadAction","target":["https:\/\/valaisfilmcommission.ch\/fr\/pourquoi-est-ce-que-la-sensibilisation-est-un-element-crucial-dans-lindustrie-cinematographique\/"]}]},{"@type":"ImageObject","inLanguage":"fr-FR","@id":"https:\/\/valaisfilmcommission.ch\/fr\/pourquoi-est-ce-que-la-sensibilisation-est-un-element-crucial-dans-lindustrie-cinematographique\/#primaryimage","url":"https:\/\/valaisfilmcommission.ch\/wp-content\/uploads\/2025\/11\/Capture-decran-2025-11-26-a-10.49.17.png","contentUrl":"https:\/\/valaisfilmcommission.ch\/wp-content\/uploads\/2025\/11\/Capture-decran-2025-11-26-a-10.49.17.png","width":854,"height":658},{"@type":"BreadcrumbList","@id":"https:\/\/valaisfilmcommission.ch\/fr\/pourquoi-est-ce-que-la-sensibilisation-est-un-element-crucial-dans-lindustrie-cinematographique\/#breadcrumb","itemListElement":[{"@type":"ListItem","position":1,"name":"Home","item":"https:\/\/valaisfilmcommission.ch\/fr\/"},{"@type":"ListItem","position":2,"name":"Divers","item":"https:\/\/valaisfilmcommission.ch\/fr\/category\/divers\/"},{"@type":"ListItem","position":3,"name":"Pourquoi est-ce que la\u00a0sensibilisation\u00a0est un \u00e9l\u00e9ment crucial dans l\u2019industrie cin\u00e9matographique ?\u00a0"}]},{"@type":"WebSite","@id":"https:\/\/valaisfilmcommission.ch\/fr\/#website","url":"https:\/\/valaisfilmcommission.ch\/fr\/","name":"Valais Film Commission","description":"Soutien de l&#039;audiovisuel en Valais","publisher":{"@id":"https:\/\/valaisfilmcommission.ch\/fr\/#organization"},"potentialAction":[{"@type":"SearchAction","target":{"@type":"EntryPoint","urlTemplate":"https:\/\/valaisfilmcommission.ch\/fr\/?s={search_term_string}"},"query-input":{"@type":"PropertyValueSpecification","valueRequired":true,"valueName":"search_term_string"}}],"inLanguage":"fr-FR"},{"@type":"Organization","@id":"https:\/\/valaisfilmcommission.ch\/fr\/#organization","name":"Valais Film Commission","url":"https:\/\/valaisfilmcommission.ch\/fr\/","logo":{"@type":"ImageObject","inLanguage":"fr-FR","@id":"https:\/\/valaisfilmcommission.ch\/fr\/#\/schema\/logo\/image\/","url":"https:\/\/valaisfilmcommission.ch\/wp-content\/uploads\/2020\/07\/Valais_FR.svg","contentUrl":"https:\/\/valaisfilmcommission.ch\/wp-content\/uploads\/2020\/07\/Valais_FR.svg","width":1,"height":1,"caption":"Valais Film Commission"},"image":{"@id":"https:\/\/valaisfilmcommission.ch\/fr\/#\/schema\/logo\/image\/"},"sameAs":["https:\/\/x.com\/ValaisFilmCom","https:\/\/www.instagram.com\/valaisfilmcommission\/"]},{"@type":"Person","@id":"https:\/\/valaisfilmcommission.ch\/fr\/#\/schema\/person\/7cc678b12ca3f4768a0212c4eabb3c5b","name":"Valais Film Commission","image":{"@type":"ImageObject","inLanguage":"fr-FR","@id":"https:\/\/secure.gravatar.com\/avatar\/6a8365a52399b9c7e05a4a904406a5b6477d5597b3413118e04227ebbac9d24b?s=96&d=mm&r=g","url":"https:\/\/secure.gravatar.com\/avatar\/6a8365a52399b9c7e05a4a904406a5b6477d5597b3413118e04227ebbac9d24b?s=96&d=mm&r=g","contentUrl":"https:\/\/secure.gravatar.com\/avatar\/6a8365a52399b9c7e05a4a904406a5b6477d5597b3413118e04227ebbac9d24b?s=96&d=mm&r=g","caption":"Valais Film Commission"}}]}},"_links":{"self":[{"href":"https:\/\/valaisfilmcommission.ch\/fr\/wp-json\/wp\/v2\/posts\/10708","targetHints":{"allow":["GET"]}}],"collection":[{"href":"https:\/\/valaisfilmcommission.ch\/fr\/wp-json\/wp\/v2\/posts"}],"about":[{"href":"https:\/\/valaisfilmcommission.ch\/fr\/wp-json\/wp\/v2\/types\/post"}],"author":[{"embeddable":true,"href":"https:\/\/valaisfilmcommission.ch\/fr\/wp-json\/wp\/v2\/users\/14"}],"replies":[{"embeddable":true,"href":"https:\/\/valaisfilmcommission.ch\/fr\/wp-json\/wp\/v2\/comments?post=10708"}],"version-history":[{"count":1,"href":"https:\/\/valaisfilmcommission.ch\/fr\/wp-json\/wp\/v2\/posts\/10708\/revisions"}],"predecessor-version":[{"id":10709,"href":"https:\/\/valaisfilmcommission.ch\/fr\/wp-json\/wp\/v2\/posts\/10708\/revisions\/10709"}],"wp:featuredmedia":[{"embeddable":true,"href":"https:\/\/valaisfilmcommission.ch\/fr\/wp-json\/wp\/v2\/media\/10699"}],"wp:attachment":[{"href":"https:\/\/valaisfilmcommission.ch\/fr\/wp-json\/wp\/v2\/media?parent=10708"}],"wp:term":[{"taxonomy":"category","embeddable":true,"href":"https:\/\/valaisfilmcommission.ch\/fr\/wp-json\/wp\/v2\/categories?post=10708"},{"taxonomy":"post_tag","embeddable":true,"href":"https:\/\/valaisfilmcommission.ch\/fr\/wp-json\/wp\/v2\/tags?post=10708"}],"curies":[{"name":"wp","href":"https:\/\/api.w.org\/{rel}","templated":true}]}}