{"id":10685,"date":"2025-10-15T10:37:22","date_gmt":"2025-10-15T08:37:22","guid":{"rendered":"https:\/\/valaisfilmcommission.ch\/?p=10685"},"modified":"2025-10-15T10:43:07","modified_gmt":"2025-10-15T08:43:07","slug":"perspectives-internationales-grace-a-lafci","status":"publish","type":"post","link":"https:\/\/valaisfilmcommission.ch\/fr\/perspectives-internationales-grace-a-lafci\/","title":{"rendered":"Perspectives internationales gr\u00e2ce \u00e0 l\u2019AFCI."},"content":{"rendered":"\n<p>Organis\u00e9 tous les deux ans par l\u2019Association of Film Commissioners International (AFCI), le Cin\u00e9posium r\u00e9unit des repr\u00e9sentants de film commissions, des producteurs, des studios et des acteurs cl\u00e9s de l\u2019industrie audiovisuelle mondiale. Contrairement \u00e0 l\u2019AFCI Week, cet \u00e9v\u00e9nement itin\u00e9rant met \u00e0 l\u2019honneur la ville ou la r\u00e9gion qui l\u2019accueille, tout en offrant un espace privil\u00e9gi\u00e9 de r\u00e9flexion et de collaboration autour des grands enjeux du secteur.<\/p>\n\n\n\n<p>L\u2019\u00e9dition 2025 s\u2019est tenue \u00e0 Cincinnati (Ohio, USA), apr\u00e8s une pr\u00e9c\u00e9dente rencontre \u00e0 Bogot\u00e1, illustrant la vocation du Cin\u00e9posium \u00e0 faire dialoguer les territoires du monde entier. Ces rencontres permettent d\u2019aborder des th\u00e9matiques majeures telles que la durabilit\u00e9 des tournages, la diversit\u00e9 culturelle, l\u2019\u00e9volution des politiques d\u2019incitation ou encore l\u2019impact \u00e9conomique et social de l\u2019audiovisuel sur les diff\u00e9rentes r\u00e9gions.<\/p>\n\n\n\n<p>Au-del\u00e0 de la mise en avant des diff\u00e9rents territoires, le Cin\u00e9posium incarne une r\u00e9flexion collective sur le r\u00f4le des film commissions : accompagner les cr\u00e9ateurs, encourager les \u00e9changes internationaux et anticiper les transformations du paysage cin\u00e9matographique mondial. Dans ce cadre, la Valais Film Commission a pris part \u00e0 un panel intitul\u00e9 \u201cHow Embracing Uniqueness Leads to Regional Wins\u201d, aux c\u00f4t\u00e9s d\u2019autres repr\u00e9sentants internationaux. Cette discussion a mis en lumi\u00e8re la mani\u00e8re dont l\u2019identit\u00e9 et la singularit\u00e9 d\u2019un territoire peuvent devenir de v\u00e9ritables leviers d\u2019attractivit\u00e9 pour les productions audiovisuelles, soulignant la richesse des approches locales dans un contexte globalis\u00e9.<\/p>\n\n\n\n<p>La participation de la VFC \u00e0 cette rencontre s\u2019inscrit dans cette dynamique d\u2019ouverture et de dialogue, essentielle pour renforcer la coop\u00e9ration entre pays et contribuer \u00e0 une vision plus durable et inclusive du secteur cin\u00e9matographique.<\/p>\n\n\n\n<figure class=\"wp-block-image size-large\"><img fetchpriority=\"high\" decoding=\"async\" width=\"768\" height=\"1024\" src=\"https:\/\/valaisfilmcommission.ch\/wp-content\/uploads\/2025\/10\/WhatsApp-Image-2025-10-15-at-10.19.26-768x1024.jpeg\" alt=\"\" class=\"wp-image-10686\" srcset=\"https:\/\/valaisfilmcommission.ch\/wp-content\/uploads\/2025\/10\/WhatsApp-Image-2025-10-15-at-10.19.26-768x1024.jpeg 768w, https:\/\/valaisfilmcommission.ch\/wp-content\/uploads\/2025\/10\/WhatsApp-Image-2025-10-15-at-10.19.26-225x300.jpeg 225w, https:\/\/valaisfilmcommission.ch\/wp-content\/uploads\/2025\/10\/WhatsApp-Image-2025-10-15-at-10.19.26-1152x1536.jpeg 1152w, https:\/\/valaisfilmcommission.ch\/wp-content\/uploads\/2025\/10\/WhatsApp-Image-2025-10-15-at-10.19.26.jpeg 1200w\" sizes=\"(max-width: 768px) 100vw, 768px\" \/><\/figure>\n","protected":false},"excerpt":{"rendered":"<p>Organis\u00e9 tous les deux ans par l\u2019Association of Film Commissioners International (AFCI), le Cin\u00e9posium r\u00e9unit des repr\u00e9sentants de film commissions, des producteurs, des studios et des acteurs cl\u00e9s de l\u2019industrie audiovisuelle mondiale. Contrairement \u00e0 l\u2019AFCI Week, cet \u00e9v\u00e9nement itin\u00e9rant met \u00e0 l\u2019honneur la ville ou la r\u00e9gion qui l\u2019accueille, tout en offrant un espace privil\u00e9gi\u00e9 [&hellip;]<\/p>\n","protected":false},"author":14,"featured_media":10690,"comment_status":"closed","ping_status":"open","sticky":false,"template":"","format":"standard","meta":{"_acf_changed":false,"footnotes":""},"categories":[1],"tags":[],"class_list":["post-10685","post","type-post","status-publish","format-standard","has-post-thumbnail","hentry","category-divers"],"acf":[],"yoast_head":"<!-- This site is optimized with the Yoast SEO plugin v27.5 - https:\/\/yoast.com\/product\/yoast-seo-wordpress\/ -->\n<title>Perspectives internationales gr\u00e2ce \u00e0 l\u2019AFCI. &#8211; Valais Film Commission<\/title>\n<meta name=\"robots\" content=\"index, follow, max-snippet:-1, max-image-preview:large, max-video-preview:-1\" \/>\n<link rel=\"canonical\" href=\"https:\/\/valaisfilmcommission.ch\/fr\/perspectives-internationales-grace-a-lafci\/\" \/>\n<meta property=\"og:locale\" content=\"fr_FR\" \/>\n<meta property=\"og:type\" content=\"article\" \/>\n<meta property=\"og:title\" content=\"Perspectives internationales gr\u00e2ce \u00e0 l\u2019AFCI. &#8211; Valais Film Commission\" \/>\n<meta property=\"og:description\" content=\"Organis\u00e9 tous les deux ans par l\u2019Association of Film Commissioners International (AFCI), le Cin\u00e9posium r\u00e9unit des repr\u00e9sentants de film commissions, des producteurs, des studios et des acteurs cl\u00e9s de l\u2019industrie audiovisuelle mondiale. Contrairement \u00e0 l\u2019AFCI Week, cet \u00e9v\u00e9nement itin\u00e9rant met \u00e0 l\u2019honneur la ville ou la r\u00e9gion qui l\u2019accueille, tout en offrant un espace privil\u00e9gi\u00e9 [&hellip;]\" \/>\n<meta property=\"og:url\" content=\"https:\/\/valaisfilmcommission.ch\/fr\/perspectives-internationales-grace-a-lafci\/\" \/>\n<meta property=\"og:site_name\" content=\"Valais Film Commission\" \/>\n<meta property=\"article:published_time\" content=\"2025-10-15T08:37:22+00:00\" \/>\n<meta property=\"article:modified_time\" content=\"2025-10-15T08:43:07+00:00\" \/>\n<meta property=\"og:image\" content=\"https:\/\/valaisfilmcommission.ch\/wp-content\/uploads\/2025\/10\/WhatsApp-Image-2025-10-15-at-10.41.47.jpeg\" \/>\n\t<meta property=\"og:image:width\" content=\"1600\" \/>\n\t<meta property=\"og:image:height\" content=\"1200\" \/>\n\t<meta property=\"og:image:type\" content=\"image\/jpeg\" \/>\n<meta name=\"author\" content=\"Valais Film Commission\" \/>\n<meta name=\"twitter:card\" content=\"summary_large_image\" \/>\n<meta name=\"twitter:creator\" content=\"@ValaisFilmCom\" \/>\n<meta name=\"twitter:site\" content=\"@ValaisFilmCom\" \/>\n<meta name=\"twitter:label1\" content=\"\u00c9crit par\" \/>\n\t<meta name=\"twitter:data1\" content=\"Valais Film Commission\" \/>\n\t<meta name=\"twitter:label2\" content=\"Dur\u00e9e de lecture estim\u00e9e\" \/>\n\t<meta name=\"twitter:data2\" content=\"2 minutes\" \/>\n<script type=\"application\/ld+json\" class=\"yoast-schema-graph\">{\"@context\":\"https:\\\/\\\/schema.org\",\"@graph\":[{\"@type\":\"Article\",\"@id\":\"https:\\\/\\\/valaisfilmcommission.ch\\\/fr\\\/perspectives-internationales-grace-a-lafci\\\/#article\",\"isPartOf\":{\"@id\":\"https:\\\/\\\/valaisfilmcommission.ch\\\/fr\\\/perspectives-internationales-grace-a-lafci\\\/\"},\"author\":{\"name\":\"Valais Film Commission\",\"@id\":\"https:\\\/\\\/valaisfilmcommission.ch\\\/fr\\\/#\\\/schema\\\/person\\\/7cc678b12ca3f4768a0212c4eabb3c5b\"},\"headline\":\"Perspectives internationales gr\u00e2ce \u00e0 l\u2019AFCI.\",\"datePublished\":\"2025-10-15T08:37:22+00:00\",\"dateModified\":\"2025-10-15T08:43:07+00:00\",\"mainEntityOfPage\":{\"@id\":\"https:\\\/\\\/valaisfilmcommission.ch\\\/fr\\\/perspectives-internationales-grace-a-lafci\\\/\"},\"wordCount\":302,\"publisher\":{\"@id\":\"https:\\\/\\\/valaisfilmcommission.ch\\\/fr\\\/#organization\"},\"image\":{\"@id\":\"https:\\\/\\\/valaisfilmcommission.ch\\\/fr\\\/perspectives-internationales-grace-a-lafci\\\/#primaryimage\"},\"thumbnailUrl\":\"https:\\\/\\\/valaisfilmcommission.ch\\\/wp-content\\\/uploads\\\/2025\\\/10\\\/WhatsApp-Image-2025-10-15-at-10.41.47-e1760517863808.jpeg\",\"articleSection\":[\"Divers\"],\"inLanguage\":\"fr-FR\"},{\"@type\":\"WebPage\",\"@id\":\"https:\\\/\\\/valaisfilmcommission.ch\\\/fr\\\/perspectives-internationales-grace-a-lafci\\\/\",\"url\":\"https:\\\/\\\/valaisfilmcommission.ch\\\/fr\\\/perspectives-internationales-grace-a-lafci\\\/\",\"name\":\"Perspectives internationales gr\u00e2ce \u00e0 l\u2019AFCI. &#8211; Valais Film Commission\",\"isPartOf\":{\"@id\":\"https:\\\/\\\/valaisfilmcommission.ch\\\/fr\\\/#website\"},\"primaryImageOfPage\":{\"@id\":\"https:\\\/\\\/valaisfilmcommission.ch\\\/fr\\\/perspectives-internationales-grace-a-lafci\\\/#primaryimage\"},\"image\":{\"@id\":\"https:\\\/\\\/valaisfilmcommission.ch\\\/fr\\\/perspectives-internationales-grace-a-lafci\\\/#primaryimage\"},\"thumbnailUrl\":\"https:\\\/\\\/valaisfilmcommission.ch\\\/wp-content\\\/uploads\\\/2025\\\/10\\\/WhatsApp-Image-2025-10-15-at-10.41.47-e1760517863808.jpeg\",\"datePublished\":\"2025-10-15T08:37:22+00:00\",\"dateModified\":\"2025-10-15T08:43:07+00:00\",\"breadcrumb\":{\"@id\":\"https:\\\/\\\/valaisfilmcommission.ch\\\/fr\\\/perspectives-internationales-grace-a-lafci\\\/#breadcrumb\"},\"inLanguage\":\"fr-FR\",\"potentialAction\":[{\"@type\":\"ReadAction\",\"target\":[\"https:\\\/\\\/valaisfilmcommission.ch\\\/fr\\\/perspectives-internationales-grace-a-lafci\\\/\"]}]},{\"@type\":\"ImageObject\",\"inLanguage\":\"fr-FR\",\"@id\":\"https:\\\/\\\/valaisfilmcommission.ch\\\/fr\\\/perspectives-internationales-grace-a-lafci\\\/#primaryimage\",\"url\":\"https:\\\/\\\/valaisfilmcommission.ch\\\/wp-content\\\/uploads\\\/2025\\\/10\\\/WhatsApp-Image-2025-10-15-at-10.41.47-e1760517863808.jpeg\",\"contentUrl\":\"https:\\\/\\\/valaisfilmcommission.ch\\\/wp-content\\\/uploads\\\/2025\\\/10\\\/WhatsApp-Image-2025-10-15-at-10.41.47-e1760517863808.jpeg\",\"width\":1600,\"height\":850},{\"@type\":\"BreadcrumbList\",\"@id\":\"https:\\\/\\\/valaisfilmcommission.ch\\\/fr\\\/perspectives-internationales-grace-a-lafci\\\/#breadcrumb\",\"itemListElement\":[{\"@type\":\"ListItem\",\"position\":1,\"name\":\"Home\",\"item\":\"https:\\\/\\\/valaisfilmcommission.ch\\\/fr\\\/\"},{\"@type\":\"ListItem\",\"position\":2,\"name\":\"Divers\",\"item\":\"https:\\\/\\\/valaisfilmcommission.ch\\\/fr\\\/category\\\/divers\\\/\"},{\"@type\":\"ListItem\",\"position\":3,\"name\":\"Perspectives internationales gr\u00e2ce \u00e0 l\u2019AFCI.\"}]},{\"@type\":\"WebSite\",\"@id\":\"https:\\\/\\\/valaisfilmcommission.ch\\\/fr\\\/#website\",\"url\":\"https:\\\/\\\/valaisfilmcommission.ch\\\/fr\\\/\",\"name\":\"Valais Film Commission\",\"description\":\"Soutien de l&#039;audiovisuel en Valais\",\"publisher\":{\"@id\":\"https:\\\/\\\/valaisfilmcommission.ch\\\/fr\\\/#organization\"},\"potentialAction\":[{\"@type\":\"SearchAction\",\"target\":{\"@type\":\"EntryPoint\",\"urlTemplate\":\"https:\\\/\\\/valaisfilmcommission.ch\\\/fr\\\/?s={search_term_string}\"},\"query-input\":{\"@type\":\"PropertyValueSpecification\",\"valueRequired\":true,\"valueName\":\"search_term_string\"}}],\"inLanguage\":\"fr-FR\"},{\"@type\":\"Organization\",\"@id\":\"https:\\\/\\\/valaisfilmcommission.ch\\\/fr\\\/#organization\",\"name\":\"Valais Film Commission\",\"url\":\"https:\\\/\\\/valaisfilmcommission.ch\\\/fr\\\/\",\"logo\":{\"@type\":\"ImageObject\",\"inLanguage\":\"fr-FR\",\"@id\":\"https:\\\/\\\/valaisfilmcommission.ch\\\/fr\\\/#\\\/schema\\\/logo\\\/image\\\/\",\"url\":\"https:\\\/\\\/valaisfilmcommission.ch\\\/wp-content\\\/uploads\\\/2020\\\/07\\\/Valais_FR.svg\",\"contentUrl\":\"https:\\\/\\\/valaisfilmcommission.ch\\\/wp-content\\\/uploads\\\/2020\\\/07\\\/Valais_FR.svg\",\"width\":1,\"height\":1,\"caption\":\"Valais Film Commission\"},\"image\":{\"@id\":\"https:\\\/\\\/valaisfilmcommission.ch\\\/fr\\\/#\\\/schema\\\/logo\\\/image\\\/\"},\"sameAs\":[\"https:\\\/\\\/x.com\\\/ValaisFilmCom\",\"https:\\\/\\\/www.instagram.com\\\/valaisfilmcommission\\\/\"]},{\"@type\":\"Person\",\"@id\":\"https:\\\/\\\/valaisfilmcommission.ch\\\/fr\\\/#\\\/schema\\\/person\\\/7cc678b12ca3f4768a0212c4eabb3c5b\",\"name\":\"Valais Film Commission\",\"image\":{\"@type\":\"ImageObject\",\"inLanguage\":\"fr-FR\",\"@id\":\"https:\\\/\\\/secure.gravatar.com\\\/avatar\\\/6a8365a52399b9c7e05a4a904406a5b6477d5597b3413118e04227ebbac9d24b?s=96&d=mm&r=g\",\"url\":\"https:\\\/\\\/secure.gravatar.com\\\/avatar\\\/6a8365a52399b9c7e05a4a904406a5b6477d5597b3413118e04227ebbac9d24b?s=96&d=mm&r=g\",\"contentUrl\":\"https:\\\/\\\/secure.gravatar.com\\\/avatar\\\/6a8365a52399b9c7e05a4a904406a5b6477d5597b3413118e04227ebbac9d24b?s=96&d=mm&r=g\",\"caption\":\"Valais Film Commission\"}}]}<\/script>\n<!-- \/ Yoast SEO plugin. -->","yoast_head_json":{"title":"Perspectives internationales gr\u00e2ce \u00e0 l\u2019AFCI. &#8211; Valais Film Commission","robots":{"index":"index","follow":"follow","max-snippet":"max-snippet:-1","max-image-preview":"max-image-preview:large","max-video-preview":"max-video-preview:-1"},"canonical":"https:\/\/valaisfilmcommission.ch\/fr\/perspectives-internationales-grace-a-lafci\/","og_locale":"fr_FR","og_type":"article","og_title":"Perspectives internationales gr\u00e2ce \u00e0 l\u2019AFCI. &#8211; Valais Film Commission","og_description":"Organis\u00e9 tous les deux ans par l\u2019Association of Film Commissioners International (AFCI), le Cin\u00e9posium r\u00e9unit des repr\u00e9sentants de film commissions, des producteurs, des studios et des acteurs cl\u00e9s de l\u2019industrie audiovisuelle mondiale. Contrairement \u00e0 l\u2019AFCI Week, cet \u00e9v\u00e9nement itin\u00e9rant met \u00e0 l\u2019honneur la ville ou la r\u00e9gion qui l\u2019accueille, tout en offrant un espace privil\u00e9gi\u00e9 [&hellip;]","og_url":"https:\/\/valaisfilmcommission.ch\/fr\/perspectives-internationales-grace-a-lafci\/","og_site_name":"Valais Film Commission","article_published_time":"2025-10-15T08:37:22+00:00","article_modified_time":"2025-10-15T08:43:07+00:00","og_image":[{"width":1600,"height":1200,"url":"https:\/\/valaisfilmcommission.ch\/wp-content\/uploads\/2025\/10\/WhatsApp-Image-2025-10-15-at-10.41.47.jpeg","type":"image\/jpeg"}],"author":"Valais Film Commission","twitter_card":"summary_large_image","twitter_creator":"@ValaisFilmCom","twitter_site":"@ValaisFilmCom","twitter_misc":{"\u00c9crit par":"Valais Film Commission","Dur\u00e9e de lecture estim\u00e9e":"2 minutes"},"schema":{"@context":"https:\/\/schema.org","@graph":[{"@type":"Article","@id":"https:\/\/valaisfilmcommission.ch\/fr\/perspectives-internationales-grace-a-lafci\/#article","isPartOf":{"@id":"https:\/\/valaisfilmcommission.ch\/fr\/perspectives-internationales-grace-a-lafci\/"},"author":{"name":"Valais Film Commission","@id":"https:\/\/valaisfilmcommission.ch\/fr\/#\/schema\/person\/7cc678b12ca3f4768a0212c4eabb3c5b"},"headline":"Perspectives internationales gr\u00e2ce \u00e0 l\u2019AFCI.","datePublished":"2025-10-15T08:37:22+00:00","dateModified":"2025-10-15T08:43:07+00:00","mainEntityOfPage":{"@id":"https:\/\/valaisfilmcommission.ch\/fr\/perspectives-internationales-grace-a-lafci\/"},"wordCount":302,"publisher":{"@id":"https:\/\/valaisfilmcommission.ch\/fr\/#organization"},"image":{"@id":"https:\/\/valaisfilmcommission.ch\/fr\/perspectives-internationales-grace-a-lafci\/#primaryimage"},"thumbnailUrl":"https:\/\/valaisfilmcommission.ch\/wp-content\/uploads\/2025\/10\/WhatsApp-Image-2025-10-15-at-10.41.47-e1760517863808.jpeg","articleSection":["Divers"],"inLanguage":"fr-FR"},{"@type":"WebPage","@id":"https:\/\/valaisfilmcommission.ch\/fr\/perspectives-internationales-grace-a-lafci\/","url":"https:\/\/valaisfilmcommission.ch\/fr\/perspectives-internationales-grace-a-lafci\/","name":"Perspectives internationales gr\u00e2ce \u00e0 l\u2019AFCI. &#8211; Valais Film Commission","isPartOf":{"@id":"https:\/\/valaisfilmcommission.ch\/fr\/#website"},"primaryImageOfPage":{"@id":"https:\/\/valaisfilmcommission.ch\/fr\/perspectives-internationales-grace-a-lafci\/#primaryimage"},"image":{"@id":"https:\/\/valaisfilmcommission.ch\/fr\/perspectives-internationales-grace-a-lafci\/#primaryimage"},"thumbnailUrl":"https:\/\/valaisfilmcommission.ch\/wp-content\/uploads\/2025\/10\/WhatsApp-Image-2025-10-15-at-10.41.47-e1760517863808.jpeg","datePublished":"2025-10-15T08:37:22+00:00","dateModified":"2025-10-15T08:43:07+00:00","breadcrumb":{"@id":"https:\/\/valaisfilmcommission.ch\/fr\/perspectives-internationales-grace-a-lafci\/#breadcrumb"},"inLanguage":"fr-FR","potentialAction":[{"@type":"ReadAction","target":["https:\/\/valaisfilmcommission.ch\/fr\/perspectives-internationales-grace-a-lafci\/"]}]},{"@type":"ImageObject","inLanguage":"fr-FR","@id":"https:\/\/valaisfilmcommission.ch\/fr\/perspectives-internationales-grace-a-lafci\/#primaryimage","url":"https:\/\/valaisfilmcommission.ch\/wp-content\/uploads\/2025\/10\/WhatsApp-Image-2025-10-15-at-10.41.47-e1760517863808.jpeg","contentUrl":"https:\/\/valaisfilmcommission.ch\/wp-content\/uploads\/2025\/10\/WhatsApp-Image-2025-10-15-at-10.41.47-e1760517863808.jpeg","width":1600,"height":850},{"@type":"BreadcrumbList","@id":"https:\/\/valaisfilmcommission.ch\/fr\/perspectives-internationales-grace-a-lafci\/#breadcrumb","itemListElement":[{"@type":"ListItem","position":1,"name":"Home","item":"https:\/\/valaisfilmcommission.ch\/fr\/"},{"@type":"ListItem","position":2,"name":"Divers","item":"https:\/\/valaisfilmcommission.ch\/fr\/category\/divers\/"},{"@type":"ListItem","position":3,"name":"Perspectives internationales gr\u00e2ce \u00e0 l\u2019AFCI."}]},{"@type":"WebSite","@id":"https:\/\/valaisfilmcommission.ch\/fr\/#website","url":"https:\/\/valaisfilmcommission.ch\/fr\/","name":"Valais Film Commission","description":"Soutien de l&#039;audiovisuel en Valais","publisher":{"@id":"https:\/\/valaisfilmcommission.ch\/fr\/#organization"},"potentialAction":[{"@type":"SearchAction","target":{"@type":"EntryPoint","urlTemplate":"https:\/\/valaisfilmcommission.ch\/fr\/?s={search_term_string}"},"query-input":{"@type":"PropertyValueSpecification","valueRequired":true,"valueName":"search_term_string"}}],"inLanguage":"fr-FR"},{"@type":"Organization","@id":"https:\/\/valaisfilmcommission.ch\/fr\/#organization","name":"Valais Film Commission","url":"https:\/\/valaisfilmcommission.ch\/fr\/","logo":{"@type":"ImageObject","inLanguage":"fr-FR","@id":"https:\/\/valaisfilmcommission.ch\/fr\/#\/schema\/logo\/image\/","url":"https:\/\/valaisfilmcommission.ch\/wp-content\/uploads\/2020\/07\/Valais_FR.svg","contentUrl":"https:\/\/valaisfilmcommission.ch\/wp-content\/uploads\/2020\/07\/Valais_FR.svg","width":1,"height":1,"caption":"Valais Film Commission"},"image":{"@id":"https:\/\/valaisfilmcommission.ch\/fr\/#\/schema\/logo\/image\/"},"sameAs":["https:\/\/x.com\/ValaisFilmCom","https:\/\/www.instagram.com\/valaisfilmcommission\/"]},{"@type":"Person","@id":"https:\/\/valaisfilmcommission.ch\/fr\/#\/schema\/person\/7cc678b12ca3f4768a0212c4eabb3c5b","name":"Valais Film Commission","image":{"@type":"ImageObject","inLanguage":"fr-FR","@id":"https:\/\/secure.gravatar.com\/avatar\/6a8365a52399b9c7e05a4a904406a5b6477d5597b3413118e04227ebbac9d24b?s=96&d=mm&r=g","url":"https:\/\/secure.gravatar.com\/avatar\/6a8365a52399b9c7e05a4a904406a5b6477d5597b3413118e04227ebbac9d24b?s=96&d=mm&r=g","contentUrl":"https:\/\/secure.gravatar.com\/avatar\/6a8365a52399b9c7e05a4a904406a5b6477d5597b3413118e04227ebbac9d24b?s=96&d=mm&r=g","caption":"Valais Film Commission"}}]}},"_links":{"self":[{"href":"https:\/\/valaisfilmcommission.ch\/fr\/wp-json\/wp\/v2\/posts\/10685","targetHints":{"allow":["GET"]}}],"collection":[{"href":"https:\/\/valaisfilmcommission.ch\/fr\/wp-json\/wp\/v2\/posts"}],"about":[{"href":"https:\/\/valaisfilmcommission.ch\/fr\/wp-json\/wp\/v2\/types\/post"}],"author":[{"embeddable":true,"href":"https:\/\/valaisfilmcommission.ch\/fr\/wp-json\/wp\/v2\/users\/14"}],"replies":[{"embeddable":true,"href":"https:\/\/valaisfilmcommission.ch\/fr\/wp-json\/wp\/v2\/comments?post=10685"}],"version-history":[{"count":1,"href":"https:\/\/valaisfilmcommission.ch\/fr\/wp-json\/wp\/v2\/posts\/10685\/revisions"}],"predecessor-version":[{"id":10689,"href":"https:\/\/valaisfilmcommission.ch\/fr\/wp-json\/wp\/v2\/posts\/10685\/revisions\/10689"}],"wp:featuredmedia":[{"embeddable":true,"href":"https:\/\/valaisfilmcommission.ch\/fr\/wp-json\/wp\/v2\/media\/10690"}],"wp:attachment":[{"href":"https:\/\/valaisfilmcommission.ch\/fr\/wp-json\/wp\/v2\/media?parent=10685"}],"wp:term":[{"taxonomy":"category","embeddable":true,"href":"https:\/\/valaisfilmcommission.ch\/fr\/wp-json\/wp\/v2\/categories?post=10685"},{"taxonomy":"post_tag","embeddable":true,"href":"https:\/\/valaisfilmcommission.ch\/fr\/wp-json\/wp\/v2\/tags?post=10685"}],"curies":[{"name":"wp","href":"https:\/\/api.w.org\/{rel}","templated":true}]}}