{"id":10426,"date":"2025-06-16T11:13:15","date_gmt":"2025-06-16T09:13:15","guid":{"rendered":"https:\/\/valaisfilmcommission.ch\/?p=10426"},"modified":"2025-06-16T11:13:16","modified_gmt":"2025-06-16T09:13:16","slug":"les-coproductions-minoritaires-un-levier-strategique-pour-lattractivite-internationale","status":"publish","type":"post","link":"https:\/\/valaisfilmcommission.ch\/fr\/les-coproductions-minoritaires-un-levier-strategique-pour-lattractivite-internationale\/","title":{"rendered":"Les coproductions minoritaires : un levier strat\u00e9gique pour l\u2019attractivit\u00e9 internationale."},"content":{"rendered":"\n<p>Dans sa mission de valorisation du territoire et de soutien \u00e0 l\u2019\u00e9conomie locale, la Valais Film Commission (VFC) s\u2019engage activement dans le d\u00e9veloppement de productions internationales tout comme les coproductions minoritaires impliquant la Suisse. Ce type de projets repr\u00e9sente un outil strat\u00e9gique pour attirer des tournages internationaux et cr\u00e9er des retomb\u00e9es concr\u00e8tes pour la r\u00e9gion.<\/p>\n\n\n\n<h3 class=\"wp-block-heading\">Qu\u2019est-ce qu\u2019une coproduction minoritaire ?<\/h3>\n\n\n\n<p>Dans une coproduction minoritaire, la Suisse intervient comme partenaire non-majoritaire, que ce soit sur le plan financier, artistique ou logistique. Cela signifie que l\u2019initiative du projet vient g\u00e9n\u00e9ralement de l\u2019\u00e9tranger, mais que la Suisse, au travers de producteurs locaux, y apporte une contribution financi\u00e8re (minoritaire) tout en mettant en avant des lieux de tournage, un soutien logistique ou encore des comp\u00e9tences suisses (techniciens).<\/p>\n\n\n\n<p>Ces projets permettent ainsi aux producteurs suisses de se positionner dans des r\u00e9seaux de production majoritairement europ\u00e9ens, et favorisent une circulation \u00e9largie des \u0153uvres au-del\u00e0 des fronti\u00e8res helv\u00e9tiques.<\/p>\n\n\n\n<h3 class=\"wp-block-heading\">Deux exemples concrets : \u00ab&nbsp;Eurotrash&nbsp;\u00bb et \u00ab&nbsp;J\u2019oublierai ton nom&nbsp;\u00bb<\/h3>\n\n\n\n<p>Les films \u00ab Eurotrash \u00bb (coproduction suisse-allemande) de Frauke Finsterwalder, et \u00ab J\u2019oublierai ton nom \u00bb (coproduction suisse-fran\u00e7aise) de Yann Gonzalez, illustrent cette dynamique. Tous deux ont int\u00e9gr\u00e9 le Valais comme lieu de tournage, confirmant la capacit\u00e9 du territoire \u00e0 accueillir des projets exigeants tout en valorisant la diversit\u00e9 de ses infrastructures et de ses comp\u00e9tences techniques.<\/p>\n\n\n\n<h3 class=\"wp-block-heading\">Un moteur pour l\u2019\u00e9conomie et la visibilit\u00e9 du Valais<\/h3>\n\n\n\n<p>En soutenant ces projets, la VFC contribue non seulement \u00e0 l\u2019animation \u00e9conomique du territoire (nuit\u00e9es, restauration, transports, comp\u00e9tences locales), mais aussi \u00e0 la promotion du Valais \u00e0 l\u2019\u00e9chelle internationale. Les coproductions minoritaires permettent ainsi de conjuguer impact culturel et retomb\u00e9es \u00e9conomiques, tout en inscrivant le Valais dans les circuits professionnels du cin\u00e9ma europ\u00e9en.<\/p>\n\n\n\n<p><\/p>\n\n\n\n<figure class=\"wp-block-image size-large\"><img fetchpriority=\"high\" decoding=\"async\" width=\"461\" height=\"1024\" src=\"https:\/\/valaisfilmcommission.ch\/wp-content\/uploads\/2025\/06\/WhatsApp-Image-2025-06-16-at-10.49.12-1-461x1024.jpeg\" alt=\"\" class=\"wp-image-10427\" srcset=\"https:\/\/valaisfilmcommission.ch\/wp-content\/uploads\/2025\/06\/WhatsApp-Image-2025-06-16-at-10.49.12-1-461x1024.jpeg 461w, https:\/\/valaisfilmcommission.ch\/wp-content\/uploads\/2025\/06\/WhatsApp-Image-2025-06-16-at-10.49.12-1-135x300.jpeg 135w, https:\/\/valaisfilmcommission.ch\/wp-content\/uploads\/2025\/06\/WhatsApp-Image-2025-06-16-at-10.49.12-1-691x1536.jpeg 691w, https:\/\/valaisfilmcommission.ch\/wp-content\/uploads\/2025\/06\/WhatsApp-Image-2025-06-16-at-10.49.12-1.jpeg 720w\" sizes=\"(max-width: 461px) 100vw, 461px\" \/><\/figure>\n","protected":false},"excerpt":{"rendered":"<p>Dans sa mission de valorisation du territoire et de soutien \u00e0 l\u2019\u00e9conomie locale, la Valais Film Commission (VFC) s\u2019engage activement dans le d\u00e9veloppement de productions internationales tout comme les coproductions minoritaires impliquant la Suisse. Ce type de projets repr\u00e9sente un outil strat\u00e9gique pour attirer des tournages internationaux et cr\u00e9er des retomb\u00e9es concr\u00e8tes pour la r\u00e9gion. [&hellip;]<\/p>\n","protected":false},"author":14,"featured_media":10427,"comment_status":"closed","ping_status":"open","sticky":false,"template":"","format":"standard","meta":{"_acf_changed":false,"footnotes":""},"categories":[1],"tags":[],"class_list":["post-10426","post","type-post","status-publish","format-standard","has-post-thumbnail","hentry","category-divers"],"acf":[],"yoast_head":"<!-- This site is optimized with the Yoast SEO plugin v27.5 - https:\/\/yoast.com\/product\/yoast-seo-wordpress\/ -->\n<title>Les coproductions minoritaires : un levier strat\u00e9gique pour l\u2019attractivit\u00e9 internationale. &#8211; Valais Film Commission<\/title>\n<meta name=\"robots\" content=\"index, follow, max-snippet:-1, max-image-preview:large, max-video-preview:-1\" \/>\n<link rel=\"canonical\" href=\"https:\/\/valaisfilmcommission.ch\/fr\/les-coproductions-minoritaires-un-levier-strategique-pour-lattractivite-internationale\/\" \/>\n<meta property=\"og:locale\" content=\"fr_FR\" \/>\n<meta property=\"og:type\" content=\"article\" \/>\n<meta property=\"og:title\" content=\"Les coproductions minoritaires : un levier strat\u00e9gique pour l\u2019attractivit\u00e9 internationale. &#8211; Valais Film Commission\" \/>\n<meta property=\"og:description\" content=\"Dans sa mission de valorisation du territoire et de soutien \u00e0 l\u2019\u00e9conomie locale, la Valais Film Commission (VFC) s\u2019engage activement dans le d\u00e9veloppement de productions internationales tout comme les coproductions minoritaires impliquant la Suisse. Ce type de projets repr\u00e9sente un outil strat\u00e9gique pour attirer des tournages internationaux et cr\u00e9er des retomb\u00e9es concr\u00e8tes pour la r\u00e9gion. [&hellip;]\" \/>\n<meta property=\"og:url\" content=\"https:\/\/valaisfilmcommission.ch\/fr\/les-coproductions-minoritaires-un-levier-strategique-pour-lattractivite-internationale\/\" \/>\n<meta property=\"og:site_name\" content=\"Valais Film Commission\" \/>\n<meta property=\"article:published_time\" content=\"2025-06-16T09:13:15+00:00\" \/>\n<meta property=\"article:modified_time\" content=\"2025-06-16T09:13:16+00:00\" \/>\n<meta property=\"og:image\" content=\"https:\/\/valaisfilmcommission.ch\/wp-content\/uploads\/2025\/06\/WhatsApp-Image-2025-06-16-at-10.49.12-1.jpeg\" \/>\n\t<meta property=\"og:image:width\" content=\"720\" \/>\n\t<meta property=\"og:image:height\" content=\"1600\" \/>\n\t<meta property=\"og:image:type\" content=\"image\/jpeg\" \/>\n<meta name=\"author\" content=\"Valais Film Commission\" \/>\n<meta name=\"twitter:card\" content=\"summary_large_image\" \/>\n<meta name=\"twitter:creator\" content=\"@ValaisFilmCom\" \/>\n<meta name=\"twitter:site\" content=\"@ValaisFilmCom\" \/>\n<meta name=\"twitter:label1\" content=\"\u00c9crit par\" \/>\n\t<meta name=\"twitter:data1\" content=\"Valais Film Commission\" \/>\n\t<meta name=\"twitter:label2\" content=\"Dur\u00e9e de lecture estim\u00e9e\" \/>\n\t<meta name=\"twitter:data2\" content=\"2 minutes\" \/>\n<script type=\"application\/ld+json\" class=\"yoast-schema-graph\">{\"@context\":\"https:\\\/\\\/schema.org\",\"@graph\":[{\"@type\":\"Article\",\"@id\":\"https:\\\/\\\/valaisfilmcommission.ch\\\/fr\\\/les-coproductions-minoritaires-un-levier-strategique-pour-lattractivite-internationale\\\/#article\",\"isPartOf\":{\"@id\":\"https:\\\/\\\/valaisfilmcommission.ch\\\/fr\\\/les-coproductions-minoritaires-un-levier-strategique-pour-lattractivite-internationale\\\/\"},\"author\":{\"name\":\"Valais Film Commission\",\"@id\":\"https:\\\/\\\/valaisfilmcommission.ch\\\/fr\\\/#\\\/schema\\\/person\\\/7cc678b12ca3f4768a0212c4eabb3c5b\"},\"headline\":\"Les coproductions minoritaires : un levier strat\u00e9gique pour l\u2019attractivit\u00e9 internationale.\",\"datePublished\":\"2025-06-16T09:13:15+00:00\",\"dateModified\":\"2025-06-16T09:13:16+00:00\",\"mainEntityOfPage\":{\"@id\":\"https:\\\/\\\/valaisfilmcommission.ch\\\/fr\\\/les-coproductions-minoritaires-un-levier-strategique-pour-lattractivite-internationale\\\/\"},\"wordCount\":317,\"publisher\":{\"@id\":\"https:\\\/\\\/valaisfilmcommission.ch\\\/fr\\\/#organization\"},\"image\":{\"@id\":\"https:\\\/\\\/valaisfilmcommission.ch\\\/fr\\\/les-coproductions-minoritaires-un-levier-strategique-pour-lattractivite-internationale\\\/#primaryimage\"},\"thumbnailUrl\":\"https:\\\/\\\/valaisfilmcommission.ch\\\/wp-content\\\/uploads\\\/2025\\\/06\\\/WhatsApp-Image-2025-06-16-at-10.49.12-1.jpeg\",\"articleSection\":[\"Divers\"],\"inLanguage\":\"fr-FR\"},{\"@type\":\"WebPage\",\"@id\":\"https:\\\/\\\/valaisfilmcommission.ch\\\/fr\\\/les-coproductions-minoritaires-un-levier-strategique-pour-lattractivite-internationale\\\/\",\"url\":\"https:\\\/\\\/valaisfilmcommission.ch\\\/fr\\\/les-coproductions-minoritaires-un-levier-strategique-pour-lattractivite-internationale\\\/\",\"name\":\"Les coproductions minoritaires : un levier strat\u00e9gique pour l\u2019attractivit\u00e9 internationale. &#8211; Valais Film Commission\",\"isPartOf\":{\"@id\":\"https:\\\/\\\/valaisfilmcommission.ch\\\/fr\\\/#website\"},\"primaryImageOfPage\":{\"@id\":\"https:\\\/\\\/valaisfilmcommission.ch\\\/fr\\\/les-coproductions-minoritaires-un-levier-strategique-pour-lattractivite-internationale\\\/#primaryimage\"},\"image\":{\"@id\":\"https:\\\/\\\/valaisfilmcommission.ch\\\/fr\\\/les-coproductions-minoritaires-un-levier-strategique-pour-lattractivite-internationale\\\/#primaryimage\"},\"thumbnailUrl\":\"https:\\\/\\\/valaisfilmcommission.ch\\\/wp-content\\\/uploads\\\/2025\\\/06\\\/WhatsApp-Image-2025-06-16-at-10.49.12-1.jpeg\",\"datePublished\":\"2025-06-16T09:13:15+00:00\",\"dateModified\":\"2025-06-16T09:13:16+00:00\",\"breadcrumb\":{\"@id\":\"https:\\\/\\\/valaisfilmcommission.ch\\\/fr\\\/les-coproductions-minoritaires-un-levier-strategique-pour-lattractivite-internationale\\\/#breadcrumb\"},\"inLanguage\":\"fr-FR\",\"potentialAction\":[{\"@type\":\"ReadAction\",\"target\":[\"https:\\\/\\\/valaisfilmcommission.ch\\\/fr\\\/les-coproductions-minoritaires-un-levier-strategique-pour-lattractivite-internationale\\\/\"]}]},{\"@type\":\"ImageObject\",\"inLanguage\":\"fr-FR\",\"@id\":\"https:\\\/\\\/valaisfilmcommission.ch\\\/fr\\\/les-coproductions-minoritaires-un-levier-strategique-pour-lattractivite-internationale\\\/#primaryimage\",\"url\":\"https:\\\/\\\/valaisfilmcommission.ch\\\/wp-content\\\/uploads\\\/2025\\\/06\\\/WhatsApp-Image-2025-06-16-at-10.49.12-1.jpeg\",\"contentUrl\":\"https:\\\/\\\/valaisfilmcommission.ch\\\/wp-content\\\/uploads\\\/2025\\\/06\\\/WhatsApp-Image-2025-06-16-at-10.49.12-1.jpeg\",\"width\":720,\"height\":1600},{\"@type\":\"BreadcrumbList\",\"@id\":\"https:\\\/\\\/valaisfilmcommission.ch\\\/fr\\\/les-coproductions-minoritaires-un-levier-strategique-pour-lattractivite-internationale\\\/#breadcrumb\",\"itemListElement\":[{\"@type\":\"ListItem\",\"position\":1,\"name\":\"Home\",\"item\":\"https:\\\/\\\/valaisfilmcommission.ch\\\/fr\\\/\"},{\"@type\":\"ListItem\",\"position\":2,\"name\":\"Divers\",\"item\":\"https:\\\/\\\/valaisfilmcommission.ch\\\/fr\\\/category\\\/divers\\\/\"},{\"@type\":\"ListItem\",\"position\":3,\"name\":\"Les coproductions minoritaires : un levier strat\u00e9gique pour l\u2019attractivit\u00e9 internationale.\"}]},{\"@type\":\"WebSite\",\"@id\":\"https:\\\/\\\/valaisfilmcommission.ch\\\/fr\\\/#website\",\"url\":\"https:\\\/\\\/valaisfilmcommission.ch\\\/fr\\\/\",\"name\":\"Valais Film Commission\",\"description\":\"Soutien de l&#039;audiovisuel en Valais\",\"publisher\":{\"@id\":\"https:\\\/\\\/valaisfilmcommission.ch\\\/fr\\\/#organization\"},\"potentialAction\":[{\"@type\":\"SearchAction\",\"target\":{\"@type\":\"EntryPoint\",\"urlTemplate\":\"https:\\\/\\\/valaisfilmcommission.ch\\\/fr\\\/?s={search_term_string}\"},\"query-input\":{\"@type\":\"PropertyValueSpecification\",\"valueRequired\":true,\"valueName\":\"search_term_string\"}}],\"inLanguage\":\"fr-FR\"},{\"@type\":\"Organization\",\"@id\":\"https:\\\/\\\/valaisfilmcommission.ch\\\/fr\\\/#organization\",\"name\":\"Valais Film Commission\",\"url\":\"https:\\\/\\\/valaisfilmcommission.ch\\\/fr\\\/\",\"logo\":{\"@type\":\"ImageObject\",\"inLanguage\":\"fr-FR\",\"@id\":\"https:\\\/\\\/valaisfilmcommission.ch\\\/fr\\\/#\\\/schema\\\/logo\\\/image\\\/\",\"url\":\"https:\\\/\\\/valaisfilmcommission.ch\\\/wp-content\\\/uploads\\\/2020\\\/07\\\/Valais_FR.svg\",\"contentUrl\":\"https:\\\/\\\/valaisfilmcommission.ch\\\/wp-content\\\/uploads\\\/2020\\\/07\\\/Valais_FR.svg\",\"width\":1,\"height\":1,\"caption\":\"Valais Film Commission\"},\"image\":{\"@id\":\"https:\\\/\\\/valaisfilmcommission.ch\\\/fr\\\/#\\\/schema\\\/logo\\\/image\\\/\"},\"sameAs\":[\"https:\\\/\\\/x.com\\\/ValaisFilmCom\",\"https:\\\/\\\/www.instagram.com\\\/valaisfilmcommission\\\/\"]},{\"@type\":\"Person\",\"@id\":\"https:\\\/\\\/valaisfilmcommission.ch\\\/fr\\\/#\\\/schema\\\/person\\\/7cc678b12ca3f4768a0212c4eabb3c5b\",\"name\":\"Valais Film Commission\",\"image\":{\"@type\":\"ImageObject\",\"inLanguage\":\"fr-FR\",\"@id\":\"https:\\\/\\\/secure.gravatar.com\\\/avatar\\\/6a8365a52399b9c7e05a4a904406a5b6477d5597b3413118e04227ebbac9d24b?s=96&d=mm&r=g\",\"url\":\"https:\\\/\\\/secure.gravatar.com\\\/avatar\\\/6a8365a52399b9c7e05a4a904406a5b6477d5597b3413118e04227ebbac9d24b?s=96&d=mm&r=g\",\"contentUrl\":\"https:\\\/\\\/secure.gravatar.com\\\/avatar\\\/6a8365a52399b9c7e05a4a904406a5b6477d5597b3413118e04227ebbac9d24b?s=96&d=mm&r=g\",\"caption\":\"Valais Film Commission\"}}]}<\/script>\n<!-- \/ Yoast SEO plugin. -->","yoast_head_json":{"title":"Les coproductions minoritaires : un levier strat\u00e9gique pour l\u2019attractivit\u00e9 internationale. &#8211; Valais Film Commission","robots":{"index":"index","follow":"follow","max-snippet":"max-snippet:-1","max-image-preview":"max-image-preview:large","max-video-preview":"max-video-preview:-1"},"canonical":"https:\/\/valaisfilmcommission.ch\/fr\/les-coproductions-minoritaires-un-levier-strategique-pour-lattractivite-internationale\/","og_locale":"fr_FR","og_type":"article","og_title":"Les coproductions minoritaires : un levier strat\u00e9gique pour l\u2019attractivit\u00e9 internationale. &#8211; Valais Film Commission","og_description":"Dans sa mission de valorisation du territoire et de soutien \u00e0 l\u2019\u00e9conomie locale, la Valais Film Commission (VFC) s\u2019engage activement dans le d\u00e9veloppement de productions internationales tout comme les coproductions minoritaires impliquant la Suisse. Ce type de projets repr\u00e9sente un outil strat\u00e9gique pour attirer des tournages internationaux et cr\u00e9er des retomb\u00e9es concr\u00e8tes pour la r\u00e9gion. [&hellip;]","og_url":"https:\/\/valaisfilmcommission.ch\/fr\/les-coproductions-minoritaires-un-levier-strategique-pour-lattractivite-internationale\/","og_site_name":"Valais Film Commission","article_published_time":"2025-06-16T09:13:15+00:00","article_modified_time":"2025-06-16T09:13:16+00:00","og_image":[{"width":720,"height":1600,"url":"https:\/\/valaisfilmcommission.ch\/wp-content\/uploads\/2025\/06\/WhatsApp-Image-2025-06-16-at-10.49.12-1.jpeg","type":"image\/jpeg"}],"author":"Valais Film Commission","twitter_card":"summary_large_image","twitter_creator":"@ValaisFilmCom","twitter_site":"@ValaisFilmCom","twitter_misc":{"\u00c9crit par":"Valais Film Commission","Dur\u00e9e de lecture estim\u00e9e":"2 minutes"},"schema":{"@context":"https:\/\/schema.org","@graph":[{"@type":"Article","@id":"https:\/\/valaisfilmcommission.ch\/fr\/les-coproductions-minoritaires-un-levier-strategique-pour-lattractivite-internationale\/#article","isPartOf":{"@id":"https:\/\/valaisfilmcommission.ch\/fr\/les-coproductions-minoritaires-un-levier-strategique-pour-lattractivite-internationale\/"},"author":{"name":"Valais Film Commission","@id":"https:\/\/valaisfilmcommission.ch\/fr\/#\/schema\/person\/7cc678b12ca3f4768a0212c4eabb3c5b"},"headline":"Les coproductions minoritaires : un levier strat\u00e9gique pour l\u2019attractivit\u00e9 internationale.","datePublished":"2025-06-16T09:13:15+00:00","dateModified":"2025-06-16T09:13:16+00:00","mainEntityOfPage":{"@id":"https:\/\/valaisfilmcommission.ch\/fr\/les-coproductions-minoritaires-un-levier-strategique-pour-lattractivite-internationale\/"},"wordCount":317,"publisher":{"@id":"https:\/\/valaisfilmcommission.ch\/fr\/#organization"},"image":{"@id":"https:\/\/valaisfilmcommission.ch\/fr\/les-coproductions-minoritaires-un-levier-strategique-pour-lattractivite-internationale\/#primaryimage"},"thumbnailUrl":"https:\/\/valaisfilmcommission.ch\/wp-content\/uploads\/2025\/06\/WhatsApp-Image-2025-06-16-at-10.49.12-1.jpeg","articleSection":["Divers"],"inLanguage":"fr-FR"},{"@type":"WebPage","@id":"https:\/\/valaisfilmcommission.ch\/fr\/les-coproductions-minoritaires-un-levier-strategique-pour-lattractivite-internationale\/","url":"https:\/\/valaisfilmcommission.ch\/fr\/les-coproductions-minoritaires-un-levier-strategique-pour-lattractivite-internationale\/","name":"Les coproductions minoritaires : un levier strat\u00e9gique pour l\u2019attractivit\u00e9 internationale. &#8211; Valais Film Commission","isPartOf":{"@id":"https:\/\/valaisfilmcommission.ch\/fr\/#website"},"primaryImageOfPage":{"@id":"https:\/\/valaisfilmcommission.ch\/fr\/les-coproductions-minoritaires-un-levier-strategique-pour-lattractivite-internationale\/#primaryimage"},"image":{"@id":"https:\/\/valaisfilmcommission.ch\/fr\/les-coproductions-minoritaires-un-levier-strategique-pour-lattractivite-internationale\/#primaryimage"},"thumbnailUrl":"https:\/\/valaisfilmcommission.ch\/wp-content\/uploads\/2025\/06\/WhatsApp-Image-2025-06-16-at-10.49.12-1.jpeg","datePublished":"2025-06-16T09:13:15+00:00","dateModified":"2025-06-16T09:13:16+00:00","breadcrumb":{"@id":"https:\/\/valaisfilmcommission.ch\/fr\/les-coproductions-minoritaires-un-levier-strategique-pour-lattractivite-internationale\/#breadcrumb"},"inLanguage":"fr-FR","potentialAction":[{"@type":"ReadAction","target":["https:\/\/valaisfilmcommission.ch\/fr\/les-coproductions-minoritaires-un-levier-strategique-pour-lattractivite-internationale\/"]}]},{"@type":"ImageObject","inLanguage":"fr-FR","@id":"https:\/\/valaisfilmcommission.ch\/fr\/les-coproductions-minoritaires-un-levier-strategique-pour-lattractivite-internationale\/#primaryimage","url":"https:\/\/valaisfilmcommission.ch\/wp-content\/uploads\/2025\/06\/WhatsApp-Image-2025-06-16-at-10.49.12-1.jpeg","contentUrl":"https:\/\/valaisfilmcommission.ch\/wp-content\/uploads\/2025\/06\/WhatsApp-Image-2025-06-16-at-10.49.12-1.jpeg","width":720,"height":1600},{"@type":"BreadcrumbList","@id":"https:\/\/valaisfilmcommission.ch\/fr\/les-coproductions-minoritaires-un-levier-strategique-pour-lattractivite-internationale\/#breadcrumb","itemListElement":[{"@type":"ListItem","position":1,"name":"Home","item":"https:\/\/valaisfilmcommission.ch\/fr\/"},{"@type":"ListItem","position":2,"name":"Divers","item":"https:\/\/valaisfilmcommission.ch\/fr\/category\/divers\/"},{"@type":"ListItem","position":3,"name":"Les coproductions minoritaires : un levier strat\u00e9gique pour l\u2019attractivit\u00e9 internationale."}]},{"@type":"WebSite","@id":"https:\/\/valaisfilmcommission.ch\/fr\/#website","url":"https:\/\/valaisfilmcommission.ch\/fr\/","name":"Valais Film Commission","description":"Soutien de l&#039;audiovisuel en Valais","publisher":{"@id":"https:\/\/valaisfilmcommission.ch\/fr\/#organization"},"potentialAction":[{"@type":"SearchAction","target":{"@type":"EntryPoint","urlTemplate":"https:\/\/valaisfilmcommission.ch\/fr\/?s={search_term_string}"},"query-input":{"@type":"PropertyValueSpecification","valueRequired":true,"valueName":"search_term_string"}}],"inLanguage":"fr-FR"},{"@type":"Organization","@id":"https:\/\/valaisfilmcommission.ch\/fr\/#organization","name":"Valais Film Commission","url":"https:\/\/valaisfilmcommission.ch\/fr\/","logo":{"@type":"ImageObject","inLanguage":"fr-FR","@id":"https:\/\/valaisfilmcommission.ch\/fr\/#\/schema\/logo\/image\/","url":"https:\/\/valaisfilmcommission.ch\/wp-content\/uploads\/2020\/07\/Valais_FR.svg","contentUrl":"https:\/\/valaisfilmcommission.ch\/wp-content\/uploads\/2020\/07\/Valais_FR.svg","width":1,"height":1,"caption":"Valais Film Commission"},"image":{"@id":"https:\/\/valaisfilmcommission.ch\/fr\/#\/schema\/logo\/image\/"},"sameAs":["https:\/\/x.com\/ValaisFilmCom","https:\/\/www.instagram.com\/valaisfilmcommission\/"]},{"@type":"Person","@id":"https:\/\/valaisfilmcommission.ch\/fr\/#\/schema\/person\/7cc678b12ca3f4768a0212c4eabb3c5b","name":"Valais Film Commission","image":{"@type":"ImageObject","inLanguage":"fr-FR","@id":"https:\/\/secure.gravatar.com\/avatar\/6a8365a52399b9c7e05a4a904406a5b6477d5597b3413118e04227ebbac9d24b?s=96&d=mm&r=g","url":"https:\/\/secure.gravatar.com\/avatar\/6a8365a52399b9c7e05a4a904406a5b6477d5597b3413118e04227ebbac9d24b?s=96&d=mm&r=g","contentUrl":"https:\/\/secure.gravatar.com\/avatar\/6a8365a52399b9c7e05a4a904406a5b6477d5597b3413118e04227ebbac9d24b?s=96&d=mm&r=g","caption":"Valais Film Commission"}}]}},"_links":{"self":[{"href":"https:\/\/valaisfilmcommission.ch\/fr\/wp-json\/wp\/v2\/posts\/10426","targetHints":{"allow":["GET"]}}],"collection":[{"href":"https:\/\/valaisfilmcommission.ch\/fr\/wp-json\/wp\/v2\/posts"}],"about":[{"href":"https:\/\/valaisfilmcommission.ch\/fr\/wp-json\/wp\/v2\/types\/post"}],"author":[{"embeddable":true,"href":"https:\/\/valaisfilmcommission.ch\/fr\/wp-json\/wp\/v2\/users\/14"}],"replies":[{"embeddable":true,"href":"https:\/\/valaisfilmcommission.ch\/fr\/wp-json\/wp\/v2\/comments?post=10426"}],"version-history":[{"count":1,"href":"https:\/\/valaisfilmcommission.ch\/fr\/wp-json\/wp\/v2\/posts\/10426\/revisions"}],"predecessor-version":[{"id":10430,"href":"https:\/\/valaisfilmcommission.ch\/fr\/wp-json\/wp\/v2\/posts\/10426\/revisions\/10430"}],"wp:featuredmedia":[{"embeddable":true,"href":"https:\/\/valaisfilmcommission.ch\/fr\/wp-json\/wp\/v2\/media\/10427"}],"wp:attachment":[{"href":"https:\/\/valaisfilmcommission.ch\/fr\/wp-json\/wp\/v2\/media?parent=10426"}],"wp:term":[{"taxonomy":"category","embeddable":true,"href":"https:\/\/valaisfilmcommission.ch\/fr\/wp-json\/wp\/v2\/categories?post=10426"},{"taxonomy":"post_tag","embeddable":true,"href":"https:\/\/valaisfilmcommission.ch\/fr\/wp-json\/wp\/v2\/tags?post=10426"}],"curies":[{"name":"wp","href":"https:\/\/api.w.org\/{rel}","templated":true}]}}