{"id":10371,"date":"2025-05-28T07:32:50","date_gmt":"2025-05-28T05:32:50","guid":{"rendered":"https:\/\/valaisfilmcommission.ch\/?p=10371"},"modified":"2025-05-28T07:38:30","modified_gmt":"2025-05-28T05:38:30","slug":"la-valais-film-commission-sexporte-a-linternational-une-strategie-ambitieuse-pour-rayonner-au-dela-des-frontieres","status":"publish","type":"post","link":"https:\/\/valaisfilmcommission.ch\/fr\/la-valais-film-commission-sexporte-a-linternational-une-strategie-ambitieuse-pour-rayonner-au-dela-des-frontieres\/","title":{"rendered":"La Valais Film Commission s\u2019exporte \u00e0 l\u2019international : une strat\u00e9gie ambitieuse pour rayonner au-del\u00e0 des fronti\u00e8res."},"content":{"rendered":"\n<p>La VFC saisit chaque opportunit\u00e9, en multipliant les pr\u00e9sences sur les grands rendez-vous du secteur audiovisuel, pour renforcer sa visibilit\u00e9 et mettre en avant les atouts uniques de son territoire : des paysages naturels d\u2019une grande diversit\u00e9, un \u00e9cosyst\u00e8me audiovisuel en plein essor, des infrastructures techniques modernes, un accompagnement personnalis\u00e9 pour les productions et une incitation financi\u00e8re.<br>Au-del\u00e0 de la promotion ponctuelle d\u2019un film ou d\u2019un \u00e9v\u00e9nement, cette d\u00e9marche vise \u00e0 faire conna\u00eetre le Valais comme une terre de tournage p\u00e9renne pour les productions, \u00e0 renforcer sa notori\u00e9t\u00e9 aupr\u00e8s des professionnels internationaux, et \u00e0 tisser des liens solides avec les acteurs de l\u2019industrie cin\u00e9matographique, notamment dans le domaine de l\u2019animation.<\/p>\n\n\n\n<p><strong>Stuttgart : animation et innovation \u00e0 l\u2019honneur.<\/strong><br>La participation de la VFC au Festival international du film d\u2019animation de Stuttgart (ITFS) 2025 et aux Animation Production Days (APD) (6-8 avril 2025) a marqu\u00e9 une nouvelle \u00e9tape dans sa strat\u00e9gie. L\u2019objectif : faire du Valais une destination de r\u00e9f\u00e9rence pour l\u2019animation. Le film \u00ab Sauvages \u00bb de Claude Barras, enti\u00e8rement tourn\u00e9 en Valais, a \u00e9t\u00e9 mis \u00e0 l\u2019honneur \u00e0 travers une projection officielle et une \u00e9tude de cas lors d\u2019un panel consacr\u00e9 \u00e0 la coproduction avec la Suisse. Ce m\u00eame \u00e9v\u00e9nement a permis de pr\u00e9senter Studio 13, premier studio d\u2019animation de Suisse romande, symbole d\u2019un secteur dynamique en plein essor.<br>La pr\u00e9sence valaisanne s\u2019est aussi distingu\u00e9e par des moments forts valorisant le savoir-faire local, notamment avec une master class du r\u00e9alisateur Claude Barras, figure embl\u00e9matique de l\u2019animation ainsi qu\u2019avec une exposition d\u00e9di\u00e9e aux marionnettes de son film.<\/p>\n\n\n\n<p><strong>Cannes : une synergie suisse au service de la cr\u00e9ation.<\/strong><br>\u00c0 l\u2019occasion du Festival de Cannes (14-18 mai 2025), la Valais Film Commission a collabor\u00e9 avec la Ticino Film Commission afin de valoriser conjointement le potentiel de la Suisse comme terre de tournage.<br>Cette d\u00e9marche collaborative vise \u00e0 cr\u00e9er des synergies entre les diff\u00e9rentes r\u00e9gions suisses et \u00e0 offrir une vitrine unifi\u00e9e des atouts du pays : diversit\u00e9 des paysages, soutien institutionnel, savoir-faire technique et qualit\u00e9 de vie. En unissant leurs forces, les commissions souhaitent convaincre les professionnels du monde entier que la Suisse repr\u00e9sente une option cr\u00e9dible, comp\u00e9titive et inspirante pour leurs projets audiovisuels.<\/p>\n\n\n\n<p><strong>Chine : une ouverture vers de nouveaux march\u00e9s.<\/strong><br>Dans une logique d\u2019\u00e9largissement de son rayonnement, la Valais Film Commission a pris part au Festival international du film de Beijing (18\u201326 avril), l\u2019un des \u00e9v\u00e9nements majeurs du cin\u00e9ma en Asie.<br>Lors d\u2019une table ronde sur la coproduction avec la Suisse, la VFC a pu dialoguer avec des professionnels chinois et rencontrer les repr\u00e9sentants du China Film Group, dans le but d\u2019explorer de futures collaborations.<br>Cette pr\u00e9sence en Chine confirme l\u2019ambition de la VFC : d\u00e9passer les fronti\u00e8res europ\u00e9ennes et s\u2019ouvrir \u00e0 de nouveaux march\u00e9s strat\u00e9giques pour faire du Valais une destination reconnue mondialement par l\u2019industrie cin\u00e9matographique.<\/p>\n\n\n\n<figure class=\"wp-block-image size-full\"><img fetchpriority=\"high\" decoding=\"async\" width=\"1170\" height=\"483\" src=\"https:\/\/valaisfilmcommission.ch\/wp-content\/uploads\/2025\/05\/WhatsApp-Image-2025-05-28-at-07.15.15.jpeg\" alt=\"\" class=\"wp-image-10375\" srcset=\"https:\/\/valaisfilmcommission.ch\/wp-content\/uploads\/2025\/05\/WhatsApp-Image-2025-05-28-at-07.15.15.jpeg 1170w, https:\/\/valaisfilmcommission.ch\/wp-content\/uploads\/2025\/05\/WhatsApp-Image-2025-05-28-at-07.15.15-300x124.jpeg 300w, https:\/\/valaisfilmcommission.ch\/wp-content\/uploads\/2025\/05\/WhatsApp-Image-2025-05-28-at-07.15.15-1024x423.jpeg 1024w, https:\/\/valaisfilmcommission.ch\/wp-content\/uploads\/2025\/05\/WhatsApp-Image-2025-05-28-at-07.15.15-768x317.jpeg 768w\" sizes=\"(max-width: 1170px) 100vw, 1170px\" \/><\/figure>\n\n\n\n<figure class=\"wp-block-image size-full\"><img decoding=\"async\" width=\"1013\" height=\"879\" src=\"https:\/\/valaisfilmcommission.ch\/wp-content\/uploads\/2025\/05\/WhatsApp-Image-2025-05-28-at-07.15.47.jpeg\" alt=\"\" class=\"wp-image-10378\" srcset=\"https:\/\/valaisfilmcommission.ch\/wp-content\/uploads\/2025\/05\/WhatsApp-Image-2025-05-28-at-07.15.47.jpeg 1013w, https:\/\/valaisfilmcommission.ch\/wp-content\/uploads\/2025\/05\/WhatsApp-Image-2025-05-28-at-07.15.47-300x260.jpeg 300w, https:\/\/valaisfilmcommission.ch\/wp-content\/uploads\/2025\/05\/WhatsApp-Image-2025-05-28-at-07.15.47-768x666.jpeg 768w\" sizes=\"(max-width: 1013px) 100vw, 1013px\" \/><\/figure>\n","protected":false},"excerpt":{"rendered":"<p>La VFC saisit chaque opportunit\u00e9, en multipliant les pr\u00e9sences sur les grands rendez-vous du secteur audiovisuel, pour renforcer sa visibilit\u00e9 et mettre en avant les atouts uniques de son territoire : des paysages naturels d\u2019une grande diversit\u00e9, un \u00e9cosyst\u00e8me audiovisuel en plein essor, des infrastructures techniques modernes, un accompagnement personnalis\u00e9 pour les productions et une [&hellip;]<\/p>\n","protected":false},"author":14,"featured_media":10375,"comment_status":"closed","ping_status":"open","sticky":false,"template":"","format":"standard","meta":{"_acf_changed":false,"footnotes":""},"categories":[1],"tags":[],"class_list":["post-10371","post","type-post","status-publish","format-standard","has-post-thumbnail","hentry","category-divers"],"acf":[],"yoast_head":"<!-- This site is optimized with the Yoast SEO plugin v27.5 - https:\/\/yoast.com\/product\/yoast-seo-wordpress\/ -->\n<title>La Valais Film Commission s\u2019exporte \u00e0 l\u2019international : une strat\u00e9gie ambitieuse pour rayonner au-del\u00e0 des fronti\u00e8res. &#8211; Valais Film Commission<\/title>\n<meta name=\"robots\" content=\"index, follow, max-snippet:-1, max-image-preview:large, max-video-preview:-1\" \/>\n<link rel=\"canonical\" href=\"https:\/\/valaisfilmcommission.ch\/fr\/la-valais-film-commission-sexporte-a-linternational-une-strategie-ambitieuse-pour-rayonner-au-dela-des-frontieres\/\" \/>\n<meta property=\"og:locale\" content=\"fr_FR\" \/>\n<meta property=\"og:type\" content=\"article\" \/>\n<meta property=\"og:title\" content=\"La Valais Film Commission s\u2019exporte \u00e0 l\u2019international : une strat\u00e9gie ambitieuse pour rayonner au-del\u00e0 des fronti\u00e8res. &#8211; Valais Film Commission\" \/>\n<meta property=\"og:description\" content=\"La VFC saisit chaque opportunit\u00e9, en multipliant les pr\u00e9sences sur les grands rendez-vous du secteur audiovisuel, pour renforcer sa visibilit\u00e9 et mettre en avant les atouts uniques de son territoire : des paysages naturels d\u2019une grande diversit\u00e9, un \u00e9cosyst\u00e8me audiovisuel en plein essor, des infrastructures techniques modernes, un accompagnement personnalis\u00e9 pour les productions et une [&hellip;]\" \/>\n<meta property=\"og:url\" content=\"https:\/\/valaisfilmcommission.ch\/fr\/la-valais-film-commission-sexporte-a-linternational-une-strategie-ambitieuse-pour-rayonner-au-dela-des-frontieres\/\" \/>\n<meta property=\"og:site_name\" content=\"Valais Film Commission\" \/>\n<meta property=\"article:published_time\" content=\"2025-05-28T05:32:50+00:00\" \/>\n<meta property=\"article:modified_time\" content=\"2025-05-28T05:38:30+00:00\" \/>\n<meta property=\"og:image\" content=\"https:\/\/valaisfilmcommission.ch\/wp-content\/uploads\/2025\/05\/WhatsApp-Image-2025-05-28-at-07.15.15.jpeg\" \/>\n\t<meta property=\"og:image:width\" content=\"1170\" \/>\n\t<meta property=\"og:image:height\" content=\"483\" \/>\n\t<meta property=\"og:image:type\" content=\"image\/jpeg\" \/>\n<meta name=\"author\" content=\"Valais Film Commission\" \/>\n<meta name=\"twitter:card\" content=\"summary_large_image\" \/>\n<meta name=\"twitter:creator\" content=\"@ValaisFilmCom\" \/>\n<meta name=\"twitter:site\" content=\"@ValaisFilmCom\" \/>\n<meta name=\"twitter:label1\" content=\"\u00c9crit par\" \/>\n\t<meta name=\"twitter:data1\" content=\"Valais Film Commission\" \/>\n\t<meta name=\"twitter:label2\" content=\"Dur\u00e9e de lecture estim\u00e9e\" \/>\n\t<meta name=\"twitter:data2\" content=\"3 minutes\" \/>\n<script type=\"application\/ld+json\" class=\"yoast-schema-graph\">{\"@context\":\"https:\\\/\\\/schema.org\",\"@graph\":[{\"@type\":\"Article\",\"@id\":\"https:\\\/\\\/valaisfilmcommission.ch\\\/fr\\\/la-valais-film-commission-sexporte-a-linternational-une-strategie-ambitieuse-pour-rayonner-au-dela-des-frontieres\\\/#article\",\"isPartOf\":{\"@id\":\"https:\\\/\\\/valaisfilmcommission.ch\\\/fr\\\/la-valais-film-commission-sexporte-a-linternational-une-strategie-ambitieuse-pour-rayonner-au-dela-des-frontieres\\\/\"},\"author\":{\"name\":\"Valais Film Commission\",\"@id\":\"https:\\\/\\\/valaisfilmcommission.ch\\\/fr\\\/#\\\/schema\\\/person\\\/7cc678b12ca3f4768a0212c4eabb3c5b\"},\"headline\":\"La Valais Film Commission s\u2019exporte \u00e0 l\u2019international : une strat\u00e9gie ambitieuse pour rayonner au-del\u00e0 des fronti\u00e8res.\",\"datePublished\":\"2025-05-28T05:32:50+00:00\",\"dateModified\":\"2025-05-28T05:38:30+00:00\",\"mainEntityOfPage\":{\"@id\":\"https:\\\/\\\/valaisfilmcommission.ch\\\/fr\\\/la-valais-film-commission-sexporte-a-linternational-une-strategie-ambitieuse-pour-rayonner-au-dela-des-frontieres\\\/\"},\"wordCount\":526,\"publisher\":{\"@id\":\"https:\\\/\\\/valaisfilmcommission.ch\\\/fr\\\/#organization\"},\"image\":{\"@id\":\"https:\\\/\\\/valaisfilmcommission.ch\\\/fr\\\/la-valais-film-commission-sexporte-a-linternational-une-strategie-ambitieuse-pour-rayonner-au-dela-des-frontieres\\\/#primaryimage\"},\"thumbnailUrl\":\"https:\\\/\\\/valaisfilmcommission.ch\\\/wp-content\\\/uploads\\\/2025\\\/05\\\/WhatsApp-Image-2025-05-28-at-07.15.15.jpeg\",\"articleSection\":[\"Divers\"],\"inLanguage\":\"fr-FR\"},{\"@type\":\"WebPage\",\"@id\":\"https:\\\/\\\/valaisfilmcommission.ch\\\/fr\\\/la-valais-film-commission-sexporte-a-linternational-une-strategie-ambitieuse-pour-rayonner-au-dela-des-frontieres\\\/\",\"url\":\"https:\\\/\\\/valaisfilmcommission.ch\\\/fr\\\/la-valais-film-commission-sexporte-a-linternational-une-strategie-ambitieuse-pour-rayonner-au-dela-des-frontieres\\\/\",\"name\":\"La Valais Film Commission s\u2019exporte \u00e0 l\u2019international : une strat\u00e9gie ambitieuse pour rayonner au-del\u00e0 des fronti\u00e8res. &#8211; Valais Film Commission\",\"isPartOf\":{\"@id\":\"https:\\\/\\\/valaisfilmcommission.ch\\\/fr\\\/#website\"},\"primaryImageOfPage\":{\"@id\":\"https:\\\/\\\/valaisfilmcommission.ch\\\/fr\\\/la-valais-film-commission-sexporte-a-linternational-une-strategie-ambitieuse-pour-rayonner-au-dela-des-frontieres\\\/#primaryimage\"},\"image\":{\"@id\":\"https:\\\/\\\/valaisfilmcommission.ch\\\/fr\\\/la-valais-film-commission-sexporte-a-linternational-une-strategie-ambitieuse-pour-rayonner-au-dela-des-frontieres\\\/#primaryimage\"},\"thumbnailUrl\":\"https:\\\/\\\/valaisfilmcommission.ch\\\/wp-content\\\/uploads\\\/2025\\\/05\\\/WhatsApp-Image-2025-05-28-at-07.15.15.jpeg\",\"datePublished\":\"2025-05-28T05:32:50+00:00\",\"dateModified\":\"2025-05-28T05:38:30+00:00\",\"breadcrumb\":{\"@id\":\"https:\\\/\\\/valaisfilmcommission.ch\\\/fr\\\/la-valais-film-commission-sexporte-a-linternational-une-strategie-ambitieuse-pour-rayonner-au-dela-des-frontieres\\\/#breadcrumb\"},\"inLanguage\":\"fr-FR\",\"potentialAction\":[{\"@type\":\"ReadAction\",\"target\":[\"https:\\\/\\\/valaisfilmcommission.ch\\\/fr\\\/la-valais-film-commission-sexporte-a-linternational-une-strategie-ambitieuse-pour-rayonner-au-dela-des-frontieres\\\/\"]}]},{\"@type\":\"ImageObject\",\"inLanguage\":\"fr-FR\",\"@id\":\"https:\\\/\\\/valaisfilmcommission.ch\\\/fr\\\/la-valais-film-commission-sexporte-a-linternational-une-strategie-ambitieuse-pour-rayonner-au-dela-des-frontieres\\\/#primaryimage\",\"url\":\"https:\\\/\\\/valaisfilmcommission.ch\\\/wp-content\\\/uploads\\\/2025\\\/05\\\/WhatsApp-Image-2025-05-28-at-07.15.15.jpeg\",\"contentUrl\":\"https:\\\/\\\/valaisfilmcommission.ch\\\/wp-content\\\/uploads\\\/2025\\\/05\\\/WhatsApp-Image-2025-05-28-at-07.15.15.jpeg\",\"width\":1170,\"height\":483},{\"@type\":\"BreadcrumbList\",\"@id\":\"https:\\\/\\\/valaisfilmcommission.ch\\\/fr\\\/la-valais-film-commission-sexporte-a-linternational-une-strategie-ambitieuse-pour-rayonner-au-dela-des-frontieres\\\/#breadcrumb\",\"itemListElement\":[{\"@type\":\"ListItem\",\"position\":1,\"name\":\"Home\",\"item\":\"https:\\\/\\\/valaisfilmcommission.ch\\\/fr\\\/\"},{\"@type\":\"ListItem\",\"position\":2,\"name\":\"Divers\",\"item\":\"https:\\\/\\\/valaisfilmcommission.ch\\\/fr\\\/category\\\/divers\\\/\"},{\"@type\":\"ListItem\",\"position\":3,\"name\":\"La Valais Film Commission s\u2019exporte \u00e0 l\u2019international : une strat\u00e9gie ambitieuse pour rayonner au-del\u00e0 des fronti\u00e8res.\"}]},{\"@type\":\"WebSite\",\"@id\":\"https:\\\/\\\/valaisfilmcommission.ch\\\/fr\\\/#website\",\"url\":\"https:\\\/\\\/valaisfilmcommission.ch\\\/fr\\\/\",\"name\":\"Valais Film Commission\",\"description\":\"Soutien de l&#039;audiovisuel en Valais\",\"publisher\":{\"@id\":\"https:\\\/\\\/valaisfilmcommission.ch\\\/fr\\\/#organization\"},\"potentialAction\":[{\"@type\":\"SearchAction\",\"target\":{\"@type\":\"EntryPoint\",\"urlTemplate\":\"https:\\\/\\\/valaisfilmcommission.ch\\\/fr\\\/?s={search_term_string}\"},\"query-input\":{\"@type\":\"PropertyValueSpecification\",\"valueRequired\":true,\"valueName\":\"search_term_string\"}}],\"inLanguage\":\"fr-FR\"},{\"@type\":\"Organization\",\"@id\":\"https:\\\/\\\/valaisfilmcommission.ch\\\/fr\\\/#organization\",\"name\":\"Valais Film Commission\",\"url\":\"https:\\\/\\\/valaisfilmcommission.ch\\\/fr\\\/\",\"logo\":{\"@type\":\"ImageObject\",\"inLanguage\":\"fr-FR\",\"@id\":\"https:\\\/\\\/valaisfilmcommission.ch\\\/fr\\\/#\\\/schema\\\/logo\\\/image\\\/\",\"url\":\"https:\\\/\\\/valaisfilmcommission.ch\\\/wp-content\\\/uploads\\\/2020\\\/07\\\/Valais_FR.svg\",\"contentUrl\":\"https:\\\/\\\/valaisfilmcommission.ch\\\/wp-content\\\/uploads\\\/2020\\\/07\\\/Valais_FR.svg\",\"width\":1,\"height\":1,\"caption\":\"Valais Film Commission\"},\"image\":{\"@id\":\"https:\\\/\\\/valaisfilmcommission.ch\\\/fr\\\/#\\\/schema\\\/logo\\\/image\\\/\"},\"sameAs\":[\"https:\\\/\\\/x.com\\\/ValaisFilmCom\",\"https:\\\/\\\/www.instagram.com\\\/valaisfilmcommission\\\/\"]},{\"@type\":\"Person\",\"@id\":\"https:\\\/\\\/valaisfilmcommission.ch\\\/fr\\\/#\\\/schema\\\/person\\\/7cc678b12ca3f4768a0212c4eabb3c5b\",\"name\":\"Valais Film Commission\",\"image\":{\"@type\":\"ImageObject\",\"inLanguage\":\"fr-FR\",\"@id\":\"https:\\\/\\\/secure.gravatar.com\\\/avatar\\\/6a8365a52399b9c7e05a4a904406a5b6477d5597b3413118e04227ebbac9d24b?s=96&d=mm&r=g\",\"url\":\"https:\\\/\\\/secure.gravatar.com\\\/avatar\\\/6a8365a52399b9c7e05a4a904406a5b6477d5597b3413118e04227ebbac9d24b?s=96&d=mm&r=g\",\"contentUrl\":\"https:\\\/\\\/secure.gravatar.com\\\/avatar\\\/6a8365a52399b9c7e05a4a904406a5b6477d5597b3413118e04227ebbac9d24b?s=96&d=mm&r=g\",\"caption\":\"Valais Film Commission\"}}]}<\/script>\n<!-- \/ Yoast SEO plugin. -->","yoast_head_json":{"title":"La Valais Film Commission s\u2019exporte \u00e0 l\u2019international : une strat\u00e9gie ambitieuse pour rayonner au-del\u00e0 des fronti\u00e8res. &#8211; Valais Film Commission","robots":{"index":"index","follow":"follow","max-snippet":"max-snippet:-1","max-image-preview":"max-image-preview:large","max-video-preview":"max-video-preview:-1"},"canonical":"https:\/\/valaisfilmcommission.ch\/fr\/la-valais-film-commission-sexporte-a-linternational-une-strategie-ambitieuse-pour-rayonner-au-dela-des-frontieres\/","og_locale":"fr_FR","og_type":"article","og_title":"La Valais Film Commission s\u2019exporte \u00e0 l\u2019international : une strat\u00e9gie ambitieuse pour rayonner au-del\u00e0 des fronti\u00e8res. &#8211; Valais Film Commission","og_description":"La VFC saisit chaque opportunit\u00e9, en multipliant les pr\u00e9sences sur les grands rendez-vous du secteur audiovisuel, pour renforcer sa visibilit\u00e9 et mettre en avant les atouts uniques de son territoire : des paysages naturels d\u2019une grande diversit\u00e9, un \u00e9cosyst\u00e8me audiovisuel en plein essor, des infrastructures techniques modernes, un accompagnement personnalis\u00e9 pour les productions et une [&hellip;]","og_url":"https:\/\/valaisfilmcommission.ch\/fr\/la-valais-film-commission-sexporte-a-linternational-une-strategie-ambitieuse-pour-rayonner-au-dela-des-frontieres\/","og_site_name":"Valais Film Commission","article_published_time":"2025-05-28T05:32:50+00:00","article_modified_time":"2025-05-28T05:38:30+00:00","og_image":[{"width":1170,"height":483,"url":"https:\/\/valaisfilmcommission.ch\/wp-content\/uploads\/2025\/05\/WhatsApp-Image-2025-05-28-at-07.15.15.jpeg","type":"image\/jpeg"}],"author":"Valais Film Commission","twitter_card":"summary_large_image","twitter_creator":"@ValaisFilmCom","twitter_site":"@ValaisFilmCom","twitter_misc":{"\u00c9crit par":"Valais Film Commission","Dur\u00e9e de lecture estim\u00e9e":"3 minutes"},"schema":{"@context":"https:\/\/schema.org","@graph":[{"@type":"Article","@id":"https:\/\/valaisfilmcommission.ch\/fr\/la-valais-film-commission-sexporte-a-linternational-une-strategie-ambitieuse-pour-rayonner-au-dela-des-frontieres\/#article","isPartOf":{"@id":"https:\/\/valaisfilmcommission.ch\/fr\/la-valais-film-commission-sexporte-a-linternational-une-strategie-ambitieuse-pour-rayonner-au-dela-des-frontieres\/"},"author":{"name":"Valais Film Commission","@id":"https:\/\/valaisfilmcommission.ch\/fr\/#\/schema\/person\/7cc678b12ca3f4768a0212c4eabb3c5b"},"headline":"La Valais Film Commission s\u2019exporte \u00e0 l\u2019international : une strat\u00e9gie ambitieuse pour rayonner au-del\u00e0 des fronti\u00e8res.","datePublished":"2025-05-28T05:32:50+00:00","dateModified":"2025-05-28T05:38:30+00:00","mainEntityOfPage":{"@id":"https:\/\/valaisfilmcommission.ch\/fr\/la-valais-film-commission-sexporte-a-linternational-une-strategie-ambitieuse-pour-rayonner-au-dela-des-frontieres\/"},"wordCount":526,"publisher":{"@id":"https:\/\/valaisfilmcommission.ch\/fr\/#organization"},"image":{"@id":"https:\/\/valaisfilmcommission.ch\/fr\/la-valais-film-commission-sexporte-a-linternational-une-strategie-ambitieuse-pour-rayonner-au-dela-des-frontieres\/#primaryimage"},"thumbnailUrl":"https:\/\/valaisfilmcommission.ch\/wp-content\/uploads\/2025\/05\/WhatsApp-Image-2025-05-28-at-07.15.15.jpeg","articleSection":["Divers"],"inLanguage":"fr-FR"},{"@type":"WebPage","@id":"https:\/\/valaisfilmcommission.ch\/fr\/la-valais-film-commission-sexporte-a-linternational-une-strategie-ambitieuse-pour-rayonner-au-dela-des-frontieres\/","url":"https:\/\/valaisfilmcommission.ch\/fr\/la-valais-film-commission-sexporte-a-linternational-une-strategie-ambitieuse-pour-rayonner-au-dela-des-frontieres\/","name":"La Valais Film Commission s\u2019exporte \u00e0 l\u2019international : une strat\u00e9gie ambitieuse pour rayonner au-del\u00e0 des fronti\u00e8res. &#8211; Valais Film Commission","isPartOf":{"@id":"https:\/\/valaisfilmcommission.ch\/fr\/#website"},"primaryImageOfPage":{"@id":"https:\/\/valaisfilmcommission.ch\/fr\/la-valais-film-commission-sexporte-a-linternational-une-strategie-ambitieuse-pour-rayonner-au-dela-des-frontieres\/#primaryimage"},"image":{"@id":"https:\/\/valaisfilmcommission.ch\/fr\/la-valais-film-commission-sexporte-a-linternational-une-strategie-ambitieuse-pour-rayonner-au-dela-des-frontieres\/#primaryimage"},"thumbnailUrl":"https:\/\/valaisfilmcommission.ch\/wp-content\/uploads\/2025\/05\/WhatsApp-Image-2025-05-28-at-07.15.15.jpeg","datePublished":"2025-05-28T05:32:50+00:00","dateModified":"2025-05-28T05:38:30+00:00","breadcrumb":{"@id":"https:\/\/valaisfilmcommission.ch\/fr\/la-valais-film-commission-sexporte-a-linternational-une-strategie-ambitieuse-pour-rayonner-au-dela-des-frontieres\/#breadcrumb"},"inLanguage":"fr-FR","potentialAction":[{"@type":"ReadAction","target":["https:\/\/valaisfilmcommission.ch\/fr\/la-valais-film-commission-sexporte-a-linternational-une-strategie-ambitieuse-pour-rayonner-au-dela-des-frontieres\/"]}]},{"@type":"ImageObject","inLanguage":"fr-FR","@id":"https:\/\/valaisfilmcommission.ch\/fr\/la-valais-film-commission-sexporte-a-linternational-une-strategie-ambitieuse-pour-rayonner-au-dela-des-frontieres\/#primaryimage","url":"https:\/\/valaisfilmcommission.ch\/wp-content\/uploads\/2025\/05\/WhatsApp-Image-2025-05-28-at-07.15.15.jpeg","contentUrl":"https:\/\/valaisfilmcommission.ch\/wp-content\/uploads\/2025\/05\/WhatsApp-Image-2025-05-28-at-07.15.15.jpeg","width":1170,"height":483},{"@type":"BreadcrumbList","@id":"https:\/\/valaisfilmcommission.ch\/fr\/la-valais-film-commission-sexporte-a-linternational-une-strategie-ambitieuse-pour-rayonner-au-dela-des-frontieres\/#breadcrumb","itemListElement":[{"@type":"ListItem","position":1,"name":"Home","item":"https:\/\/valaisfilmcommission.ch\/fr\/"},{"@type":"ListItem","position":2,"name":"Divers","item":"https:\/\/valaisfilmcommission.ch\/fr\/category\/divers\/"},{"@type":"ListItem","position":3,"name":"La Valais Film Commission s\u2019exporte \u00e0 l\u2019international : une strat\u00e9gie ambitieuse pour rayonner au-del\u00e0 des fronti\u00e8res."}]},{"@type":"WebSite","@id":"https:\/\/valaisfilmcommission.ch\/fr\/#website","url":"https:\/\/valaisfilmcommission.ch\/fr\/","name":"Valais Film Commission","description":"Soutien de l&#039;audiovisuel en Valais","publisher":{"@id":"https:\/\/valaisfilmcommission.ch\/fr\/#organization"},"potentialAction":[{"@type":"SearchAction","target":{"@type":"EntryPoint","urlTemplate":"https:\/\/valaisfilmcommission.ch\/fr\/?s={search_term_string}"},"query-input":{"@type":"PropertyValueSpecification","valueRequired":true,"valueName":"search_term_string"}}],"inLanguage":"fr-FR"},{"@type":"Organization","@id":"https:\/\/valaisfilmcommission.ch\/fr\/#organization","name":"Valais Film Commission","url":"https:\/\/valaisfilmcommission.ch\/fr\/","logo":{"@type":"ImageObject","inLanguage":"fr-FR","@id":"https:\/\/valaisfilmcommission.ch\/fr\/#\/schema\/logo\/image\/","url":"https:\/\/valaisfilmcommission.ch\/wp-content\/uploads\/2020\/07\/Valais_FR.svg","contentUrl":"https:\/\/valaisfilmcommission.ch\/wp-content\/uploads\/2020\/07\/Valais_FR.svg","width":1,"height":1,"caption":"Valais Film Commission"},"image":{"@id":"https:\/\/valaisfilmcommission.ch\/fr\/#\/schema\/logo\/image\/"},"sameAs":["https:\/\/x.com\/ValaisFilmCom","https:\/\/www.instagram.com\/valaisfilmcommission\/"]},{"@type":"Person","@id":"https:\/\/valaisfilmcommission.ch\/fr\/#\/schema\/person\/7cc678b12ca3f4768a0212c4eabb3c5b","name":"Valais Film Commission","image":{"@type":"ImageObject","inLanguage":"fr-FR","@id":"https:\/\/secure.gravatar.com\/avatar\/6a8365a52399b9c7e05a4a904406a5b6477d5597b3413118e04227ebbac9d24b?s=96&d=mm&r=g","url":"https:\/\/secure.gravatar.com\/avatar\/6a8365a52399b9c7e05a4a904406a5b6477d5597b3413118e04227ebbac9d24b?s=96&d=mm&r=g","contentUrl":"https:\/\/secure.gravatar.com\/avatar\/6a8365a52399b9c7e05a4a904406a5b6477d5597b3413118e04227ebbac9d24b?s=96&d=mm&r=g","caption":"Valais Film Commission"}}]}},"_links":{"self":[{"href":"https:\/\/valaisfilmcommission.ch\/fr\/wp-json\/wp\/v2\/posts\/10371","targetHints":{"allow":["GET"]}}],"collection":[{"href":"https:\/\/valaisfilmcommission.ch\/fr\/wp-json\/wp\/v2\/posts"}],"about":[{"href":"https:\/\/valaisfilmcommission.ch\/fr\/wp-json\/wp\/v2\/types\/post"}],"author":[{"embeddable":true,"href":"https:\/\/valaisfilmcommission.ch\/fr\/wp-json\/wp\/v2\/users\/14"}],"replies":[{"embeddable":true,"href":"https:\/\/valaisfilmcommission.ch\/fr\/wp-json\/wp\/v2\/comments?post=10371"}],"version-history":[{"count":1,"href":"https:\/\/valaisfilmcommission.ch\/fr\/wp-json\/wp\/v2\/posts\/10371\/revisions"}],"predecessor-version":[{"id":10381,"href":"https:\/\/valaisfilmcommission.ch\/fr\/wp-json\/wp\/v2\/posts\/10371\/revisions\/10381"}],"wp:featuredmedia":[{"embeddable":true,"href":"https:\/\/valaisfilmcommission.ch\/fr\/wp-json\/wp\/v2\/media\/10375"}],"wp:attachment":[{"href":"https:\/\/valaisfilmcommission.ch\/fr\/wp-json\/wp\/v2\/media?parent=10371"}],"wp:term":[{"taxonomy":"category","embeddable":true,"href":"https:\/\/valaisfilmcommission.ch\/fr\/wp-json\/wp\/v2\/categories?post=10371"},{"taxonomy":"post_tag","embeddable":true,"href":"https:\/\/valaisfilmcommission.ch\/fr\/wp-json\/wp\/v2\/tags?post=10371"}],"curies":[{"name":"wp","href":"https:\/\/api.w.org\/{rel}","templated":true}]}}