{"id":10280,"date":"2025-04-24T09:10:36","date_gmt":"2025-04-24T07:10:36","guid":{"rendered":"https:\/\/valaisfilmcommission.ch\/?p=10280"},"modified":"2025-08-25T10:27:51","modified_gmt":"2025-08-25T08:27:51","slug":"un-film-promotionnel-entre-le-valais-et-le-tessin-pour-mettre-en-valeur-les-paysages-des-deux-cantons","status":"publish","type":"post","link":"https:\/\/valaisfilmcommission.ch\/fr\/un-film-promotionnel-entre-le-valais-et-le-tessin-pour-mettre-en-valeur-les-paysages-des-deux-cantons\/","title":{"rendered":"Un film promotionnel entre le Valais et le Tessin pour mettre en valeur les paysages des deux cantons."},"content":{"rendered":"\n<p>La Valais Film Commission et la Ticino Film Commission ont choisi une approche originale et humoristique pour illustrer l\u2019importance de la coop\u00e9ration entre les r\u00e9gions. Ce film promotionnel met en sc\u00e8ne le fameux tonneau du chien Barry qui s\u2019\u00e9gare du set \u00e0 Belalp (VS) pour arriver dans le lac de Locarno (TI) en roulant \u00e0 travers des paysages valaisans et tessinois. \u00a0<\/p>\n\n\n\n<p>Gr\u00e2ce \u00e0 ce court-m\u00e9trage promotionnel, elles mettent en lumi\u00e8re la compl\u00e9mentarit\u00e9 des paysages suisses et l\u2019opportunit\u00e9 qu\u2019offre cette diversit\u00e9 pour les productions cin\u00e9matographiques. Au-del\u00e0 de la mise en valeur de ces paysages exceptionnels, cette collaboration renforce les liens entre les organismes r\u00e9gionaux et souligne leur r\u00f4le cl\u00e9 dans la promotion de la Suisse comme destination cin\u00e9matographique de premier plan. En r\u00e9alisant ce spot, les deux commissions affirment leur engagement \u00e0 attirer davantage de tournages et \u00e0 accro\u00eetre la visibilit\u00e9 de la Suisse sur la sc\u00e8ne internationale.<\/p>\n\n\n\n<p><\/p>\n\n\n\n<figure class=\"wp-block-video\"><video height=\"1080\" style=\"aspect-ratio: 1920 \/ 1080;\" width=\"1920\" controls src=\"https:\/\/valaisfilmcommission.ch\/wp-content\/uploads\/2025\/04\/BARRY_UEBERGABE_final_VFC-TFC_FHD-h264.mp4\"><\/video><\/figure>\n","protected":false},"excerpt":{"rendered":"<p>La Valais Film Commission et la Ticino Film Commission ont choisi une approche originale et humoristique pour illustrer l\u2019importance de la coop\u00e9ration entre les r\u00e9gions. Ce film promotionnel met en sc\u00e8ne le fameux tonneau du chien Barry qui s\u2019\u00e9gare du set \u00e0 Belalp (VS) pour arriver dans le lac de Locarno (TI) en roulant \u00e0 [&hellip;]<\/p>\n","protected":false},"author":14,"featured_media":10285,"comment_status":"closed","ping_status":"open","sticky":false,"template":"","format":"standard","meta":{"_acf_changed":false,"footnotes":""},"categories":[1],"tags":[],"class_list":["post-10280","post","type-post","status-publish","format-standard","has-post-thumbnail","hentry","category-divers"],"acf":[],"yoast_head":"<!-- This site is optimized with the Yoast SEO plugin v27.5 - https:\/\/yoast.com\/product\/yoast-seo-wordpress\/ -->\n<title>Un film promotionnel entre le Valais et le Tessin pour mettre en valeur les paysages des deux cantons. &#8211; Valais Film Commission<\/title>\n<meta name=\"robots\" content=\"index, follow, max-snippet:-1, max-image-preview:large, max-video-preview:-1\" \/>\n<link rel=\"canonical\" href=\"https:\/\/valaisfilmcommission.ch\/fr\/un-film-promotionnel-entre-le-valais-et-le-tessin-pour-mettre-en-valeur-les-paysages-des-deux-cantons\/\" \/>\n<meta property=\"og:locale\" content=\"fr_FR\" \/>\n<meta property=\"og:type\" content=\"article\" \/>\n<meta property=\"og:title\" content=\"Un film promotionnel entre le Valais et le Tessin pour mettre en valeur les paysages des deux cantons. &#8211; Valais Film Commission\" \/>\n<meta property=\"og:description\" content=\"La Valais Film Commission et la Ticino Film Commission ont choisi une approche originale et humoristique pour illustrer l\u2019importance de la coop\u00e9ration entre les r\u00e9gions. Ce film promotionnel met en sc\u00e8ne le fameux tonneau du chien Barry qui s\u2019\u00e9gare du set \u00e0 Belalp (VS) pour arriver dans le lac de Locarno (TI) en roulant \u00e0 [&hellip;]\" \/>\n<meta property=\"og:url\" content=\"https:\/\/valaisfilmcommission.ch\/fr\/un-film-promotionnel-entre-le-valais-et-le-tessin-pour-mettre-en-valeur-les-paysages-des-deux-cantons\/\" \/>\n<meta property=\"og:site_name\" content=\"Valais Film Commission\" \/>\n<meta property=\"article:published_time\" content=\"2025-04-24T07:10:36+00:00\" \/>\n<meta property=\"article:modified_time\" content=\"2025-08-25T08:27:51+00:00\" \/>\n<meta property=\"og:image\" content=\"https:\/\/valaisfilmcommission.ch\/wp-content\/uploads\/2025\/04\/Capture-decran-2025-04-24-a-09.09.32.png\" \/>\n\t<meta property=\"og:image:width\" content=\"835\" \/>\n\t<meta property=\"og:image:height\" content=\"464\" \/>\n\t<meta property=\"og:image:type\" content=\"image\/png\" \/>\n<meta name=\"author\" content=\"Valais Film Commission\" \/>\n<meta name=\"twitter:card\" content=\"summary_large_image\" \/>\n<meta name=\"twitter:creator\" content=\"@ValaisFilmCom\" \/>\n<meta name=\"twitter:site\" content=\"@ValaisFilmCom\" \/>\n<meta name=\"twitter:label1\" content=\"\u00c9crit par\" \/>\n\t<meta name=\"twitter:data1\" content=\"Valais Film Commission\" \/>\n\t<meta name=\"twitter:label2\" content=\"Dur\u00e9e de lecture estim\u00e9e\" \/>\n\t<meta name=\"twitter:data2\" content=\"1 minute\" \/>\n<script type=\"application\/ld+json\" class=\"yoast-schema-graph\">{\"@context\":\"https:\\\/\\\/schema.org\",\"@graph\":[{\"@type\":\"Article\",\"@id\":\"https:\\\/\\\/valaisfilmcommission.ch\\\/fr\\\/un-film-promotionnel-entre-le-valais-et-le-tessin-pour-mettre-en-valeur-les-paysages-des-deux-cantons\\\/#article\",\"isPartOf\":{\"@id\":\"https:\\\/\\\/valaisfilmcommission.ch\\\/fr\\\/un-film-promotionnel-entre-le-valais-et-le-tessin-pour-mettre-en-valeur-les-paysages-des-deux-cantons\\\/\"},\"author\":{\"name\":\"Valais Film Commission\",\"@id\":\"https:\\\/\\\/valaisfilmcommission.ch\\\/fr\\\/#\\\/schema\\\/person\\\/7cc678b12ca3f4768a0212c4eabb3c5b\"},\"headline\":\"Un film promotionnel entre le Valais et le Tessin pour mettre en valeur les paysages des deux cantons.\",\"datePublished\":\"2025-04-24T07:10:36+00:00\",\"dateModified\":\"2025-08-25T08:27:51+00:00\",\"mainEntityOfPage\":{\"@id\":\"https:\\\/\\\/valaisfilmcommission.ch\\\/fr\\\/un-film-promotionnel-entre-le-valais-et-le-tessin-pour-mettre-en-valeur-les-paysages-des-deux-cantons\\\/\"},\"wordCount\":178,\"publisher\":{\"@id\":\"https:\\\/\\\/valaisfilmcommission.ch\\\/fr\\\/#organization\"},\"image\":{\"@id\":\"https:\\\/\\\/valaisfilmcommission.ch\\\/fr\\\/un-film-promotionnel-entre-le-valais-et-le-tessin-pour-mettre-en-valeur-les-paysages-des-deux-cantons\\\/#primaryimage\"},\"thumbnailUrl\":\"https:\\\/\\\/valaisfilmcommission.ch\\\/wp-content\\\/uploads\\\/2025\\\/04\\\/Capture-decran-2025-04-24-a-09.09.32.png\",\"articleSection\":[\"Divers\"],\"inLanguage\":\"fr-FR\"},{\"@type\":\"WebPage\",\"@id\":\"https:\\\/\\\/valaisfilmcommission.ch\\\/fr\\\/un-film-promotionnel-entre-le-valais-et-le-tessin-pour-mettre-en-valeur-les-paysages-des-deux-cantons\\\/\",\"url\":\"https:\\\/\\\/valaisfilmcommission.ch\\\/fr\\\/un-film-promotionnel-entre-le-valais-et-le-tessin-pour-mettre-en-valeur-les-paysages-des-deux-cantons\\\/\",\"name\":\"Un film promotionnel entre le Valais et le Tessin pour mettre en valeur les paysages des deux cantons. &#8211; Valais Film Commission\",\"isPartOf\":{\"@id\":\"https:\\\/\\\/valaisfilmcommission.ch\\\/fr\\\/#website\"},\"primaryImageOfPage\":{\"@id\":\"https:\\\/\\\/valaisfilmcommission.ch\\\/fr\\\/un-film-promotionnel-entre-le-valais-et-le-tessin-pour-mettre-en-valeur-les-paysages-des-deux-cantons\\\/#primaryimage\"},\"image\":{\"@id\":\"https:\\\/\\\/valaisfilmcommission.ch\\\/fr\\\/un-film-promotionnel-entre-le-valais-et-le-tessin-pour-mettre-en-valeur-les-paysages-des-deux-cantons\\\/#primaryimage\"},\"thumbnailUrl\":\"https:\\\/\\\/valaisfilmcommission.ch\\\/wp-content\\\/uploads\\\/2025\\\/04\\\/Capture-decran-2025-04-24-a-09.09.32.png\",\"datePublished\":\"2025-04-24T07:10:36+00:00\",\"dateModified\":\"2025-08-25T08:27:51+00:00\",\"breadcrumb\":{\"@id\":\"https:\\\/\\\/valaisfilmcommission.ch\\\/fr\\\/un-film-promotionnel-entre-le-valais-et-le-tessin-pour-mettre-en-valeur-les-paysages-des-deux-cantons\\\/#breadcrumb\"},\"inLanguage\":\"fr-FR\",\"potentialAction\":[{\"@type\":\"ReadAction\",\"target\":[\"https:\\\/\\\/valaisfilmcommission.ch\\\/fr\\\/un-film-promotionnel-entre-le-valais-et-le-tessin-pour-mettre-en-valeur-les-paysages-des-deux-cantons\\\/\"]}]},{\"@type\":\"ImageObject\",\"inLanguage\":\"fr-FR\",\"@id\":\"https:\\\/\\\/valaisfilmcommission.ch\\\/fr\\\/un-film-promotionnel-entre-le-valais-et-le-tessin-pour-mettre-en-valeur-les-paysages-des-deux-cantons\\\/#primaryimage\",\"url\":\"https:\\\/\\\/valaisfilmcommission.ch\\\/wp-content\\\/uploads\\\/2025\\\/04\\\/Capture-decran-2025-04-24-a-09.09.32.png\",\"contentUrl\":\"https:\\\/\\\/valaisfilmcommission.ch\\\/wp-content\\\/uploads\\\/2025\\\/04\\\/Capture-decran-2025-04-24-a-09.09.32.png\",\"width\":835,\"height\":464},{\"@type\":\"BreadcrumbList\",\"@id\":\"https:\\\/\\\/valaisfilmcommission.ch\\\/fr\\\/un-film-promotionnel-entre-le-valais-et-le-tessin-pour-mettre-en-valeur-les-paysages-des-deux-cantons\\\/#breadcrumb\",\"itemListElement\":[{\"@type\":\"ListItem\",\"position\":1,\"name\":\"Home\",\"item\":\"https:\\\/\\\/valaisfilmcommission.ch\\\/fr\\\/\"},{\"@type\":\"ListItem\",\"position\":2,\"name\":\"Divers\",\"item\":\"https:\\\/\\\/valaisfilmcommission.ch\\\/fr\\\/category\\\/divers\\\/\"},{\"@type\":\"ListItem\",\"position\":3,\"name\":\"Un film promotionnel entre le Valais et le Tessin pour mettre en valeur les paysages des deux cantons.\"}]},{\"@type\":\"WebSite\",\"@id\":\"https:\\\/\\\/valaisfilmcommission.ch\\\/fr\\\/#website\",\"url\":\"https:\\\/\\\/valaisfilmcommission.ch\\\/fr\\\/\",\"name\":\"Valais Film Commission\",\"description\":\"Soutien de l&#039;audiovisuel en Valais\",\"publisher\":{\"@id\":\"https:\\\/\\\/valaisfilmcommission.ch\\\/fr\\\/#organization\"},\"potentialAction\":[{\"@type\":\"SearchAction\",\"target\":{\"@type\":\"EntryPoint\",\"urlTemplate\":\"https:\\\/\\\/valaisfilmcommission.ch\\\/fr\\\/?s={search_term_string}\"},\"query-input\":{\"@type\":\"PropertyValueSpecification\",\"valueRequired\":true,\"valueName\":\"search_term_string\"}}],\"inLanguage\":\"fr-FR\"},{\"@type\":\"Organization\",\"@id\":\"https:\\\/\\\/valaisfilmcommission.ch\\\/fr\\\/#organization\",\"name\":\"Valais Film Commission\",\"url\":\"https:\\\/\\\/valaisfilmcommission.ch\\\/fr\\\/\",\"logo\":{\"@type\":\"ImageObject\",\"inLanguage\":\"fr-FR\",\"@id\":\"https:\\\/\\\/valaisfilmcommission.ch\\\/fr\\\/#\\\/schema\\\/logo\\\/image\\\/\",\"url\":\"https:\\\/\\\/valaisfilmcommission.ch\\\/wp-content\\\/uploads\\\/2020\\\/07\\\/Valais_FR.svg\",\"contentUrl\":\"https:\\\/\\\/valaisfilmcommission.ch\\\/wp-content\\\/uploads\\\/2020\\\/07\\\/Valais_FR.svg\",\"width\":1,\"height\":1,\"caption\":\"Valais Film Commission\"},\"image\":{\"@id\":\"https:\\\/\\\/valaisfilmcommission.ch\\\/fr\\\/#\\\/schema\\\/logo\\\/image\\\/\"},\"sameAs\":[\"https:\\\/\\\/x.com\\\/ValaisFilmCom\",\"https:\\\/\\\/www.instagram.com\\\/valaisfilmcommission\\\/\"]},{\"@type\":\"Person\",\"@id\":\"https:\\\/\\\/valaisfilmcommission.ch\\\/fr\\\/#\\\/schema\\\/person\\\/7cc678b12ca3f4768a0212c4eabb3c5b\",\"name\":\"Valais Film Commission\",\"image\":{\"@type\":\"ImageObject\",\"inLanguage\":\"fr-FR\",\"@id\":\"https:\\\/\\\/secure.gravatar.com\\\/avatar\\\/6a8365a52399b9c7e05a4a904406a5b6477d5597b3413118e04227ebbac9d24b?s=96&d=mm&r=g\",\"url\":\"https:\\\/\\\/secure.gravatar.com\\\/avatar\\\/6a8365a52399b9c7e05a4a904406a5b6477d5597b3413118e04227ebbac9d24b?s=96&d=mm&r=g\",\"contentUrl\":\"https:\\\/\\\/secure.gravatar.com\\\/avatar\\\/6a8365a52399b9c7e05a4a904406a5b6477d5597b3413118e04227ebbac9d24b?s=96&d=mm&r=g\",\"caption\":\"Valais Film Commission\"}}]}<\/script>\n<!-- \/ Yoast SEO plugin. -->","yoast_head_json":{"title":"Un film promotionnel entre le Valais et le Tessin pour mettre en valeur les paysages des deux cantons. &#8211; Valais Film Commission","robots":{"index":"index","follow":"follow","max-snippet":"max-snippet:-1","max-image-preview":"max-image-preview:large","max-video-preview":"max-video-preview:-1"},"canonical":"https:\/\/valaisfilmcommission.ch\/fr\/un-film-promotionnel-entre-le-valais-et-le-tessin-pour-mettre-en-valeur-les-paysages-des-deux-cantons\/","og_locale":"fr_FR","og_type":"article","og_title":"Un film promotionnel entre le Valais et le Tessin pour mettre en valeur les paysages des deux cantons. &#8211; Valais Film Commission","og_description":"La Valais Film Commission et la Ticino Film Commission ont choisi une approche originale et humoristique pour illustrer l\u2019importance de la coop\u00e9ration entre les r\u00e9gions. Ce film promotionnel met en sc\u00e8ne le fameux tonneau du chien Barry qui s\u2019\u00e9gare du set \u00e0 Belalp (VS) pour arriver dans le lac de Locarno (TI) en roulant \u00e0 [&hellip;]","og_url":"https:\/\/valaisfilmcommission.ch\/fr\/un-film-promotionnel-entre-le-valais-et-le-tessin-pour-mettre-en-valeur-les-paysages-des-deux-cantons\/","og_site_name":"Valais Film Commission","article_published_time":"2025-04-24T07:10:36+00:00","article_modified_time":"2025-08-25T08:27:51+00:00","og_image":[{"width":835,"height":464,"url":"https:\/\/valaisfilmcommission.ch\/wp-content\/uploads\/2025\/04\/Capture-decran-2025-04-24-a-09.09.32.png","type":"image\/png"}],"author":"Valais Film Commission","twitter_card":"summary_large_image","twitter_creator":"@ValaisFilmCom","twitter_site":"@ValaisFilmCom","twitter_misc":{"\u00c9crit par":"Valais Film Commission","Dur\u00e9e de lecture estim\u00e9e":"1 minute"},"schema":{"@context":"https:\/\/schema.org","@graph":[{"@type":"Article","@id":"https:\/\/valaisfilmcommission.ch\/fr\/un-film-promotionnel-entre-le-valais-et-le-tessin-pour-mettre-en-valeur-les-paysages-des-deux-cantons\/#article","isPartOf":{"@id":"https:\/\/valaisfilmcommission.ch\/fr\/un-film-promotionnel-entre-le-valais-et-le-tessin-pour-mettre-en-valeur-les-paysages-des-deux-cantons\/"},"author":{"name":"Valais Film Commission","@id":"https:\/\/valaisfilmcommission.ch\/fr\/#\/schema\/person\/7cc678b12ca3f4768a0212c4eabb3c5b"},"headline":"Un film promotionnel entre le Valais et le Tessin pour mettre en valeur les paysages des deux cantons.","datePublished":"2025-04-24T07:10:36+00:00","dateModified":"2025-08-25T08:27:51+00:00","mainEntityOfPage":{"@id":"https:\/\/valaisfilmcommission.ch\/fr\/un-film-promotionnel-entre-le-valais-et-le-tessin-pour-mettre-en-valeur-les-paysages-des-deux-cantons\/"},"wordCount":178,"publisher":{"@id":"https:\/\/valaisfilmcommission.ch\/fr\/#organization"},"image":{"@id":"https:\/\/valaisfilmcommission.ch\/fr\/un-film-promotionnel-entre-le-valais-et-le-tessin-pour-mettre-en-valeur-les-paysages-des-deux-cantons\/#primaryimage"},"thumbnailUrl":"https:\/\/valaisfilmcommission.ch\/wp-content\/uploads\/2025\/04\/Capture-decran-2025-04-24-a-09.09.32.png","articleSection":["Divers"],"inLanguage":"fr-FR"},{"@type":"WebPage","@id":"https:\/\/valaisfilmcommission.ch\/fr\/un-film-promotionnel-entre-le-valais-et-le-tessin-pour-mettre-en-valeur-les-paysages-des-deux-cantons\/","url":"https:\/\/valaisfilmcommission.ch\/fr\/un-film-promotionnel-entre-le-valais-et-le-tessin-pour-mettre-en-valeur-les-paysages-des-deux-cantons\/","name":"Un film promotionnel entre le Valais et le Tessin pour mettre en valeur les paysages des deux cantons. &#8211; Valais Film Commission","isPartOf":{"@id":"https:\/\/valaisfilmcommission.ch\/fr\/#website"},"primaryImageOfPage":{"@id":"https:\/\/valaisfilmcommission.ch\/fr\/un-film-promotionnel-entre-le-valais-et-le-tessin-pour-mettre-en-valeur-les-paysages-des-deux-cantons\/#primaryimage"},"image":{"@id":"https:\/\/valaisfilmcommission.ch\/fr\/un-film-promotionnel-entre-le-valais-et-le-tessin-pour-mettre-en-valeur-les-paysages-des-deux-cantons\/#primaryimage"},"thumbnailUrl":"https:\/\/valaisfilmcommission.ch\/wp-content\/uploads\/2025\/04\/Capture-decran-2025-04-24-a-09.09.32.png","datePublished":"2025-04-24T07:10:36+00:00","dateModified":"2025-08-25T08:27:51+00:00","breadcrumb":{"@id":"https:\/\/valaisfilmcommission.ch\/fr\/un-film-promotionnel-entre-le-valais-et-le-tessin-pour-mettre-en-valeur-les-paysages-des-deux-cantons\/#breadcrumb"},"inLanguage":"fr-FR","potentialAction":[{"@type":"ReadAction","target":["https:\/\/valaisfilmcommission.ch\/fr\/un-film-promotionnel-entre-le-valais-et-le-tessin-pour-mettre-en-valeur-les-paysages-des-deux-cantons\/"]}]},{"@type":"ImageObject","inLanguage":"fr-FR","@id":"https:\/\/valaisfilmcommission.ch\/fr\/un-film-promotionnel-entre-le-valais-et-le-tessin-pour-mettre-en-valeur-les-paysages-des-deux-cantons\/#primaryimage","url":"https:\/\/valaisfilmcommission.ch\/wp-content\/uploads\/2025\/04\/Capture-decran-2025-04-24-a-09.09.32.png","contentUrl":"https:\/\/valaisfilmcommission.ch\/wp-content\/uploads\/2025\/04\/Capture-decran-2025-04-24-a-09.09.32.png","width":835,"height":464},{"@type":"BreadcrumbList","@id":"https:\/\/valaisfilmcommission.ch\/fr\/un-film-promotionnel-entre-le-valais-et-le-tessin-pour-mettre-en-valeur-les-paysages-des-deux-cantons\/#breadcrumb","itemListElement":[{"@type":"ListItem","position":1,"name":"Home","item":"https:\/\/valaisfilmcommission.ch\/fr\/"},{"@type":"ListItem","position":2,"name":"Divers","item":"https:\/\/valaisfilmcommission.ch\/fr\/category\/divers\/"},{"@type":"ListItem","position":3,"name":"Un film promotionnel entre le Valais et le Tessin pour mettre en valeur les paysages des deux cantons."}]},{"@type":"WebSite","@id":"https:\/\/valaisfilmcommission.ch\/fr\/#website","url":"https:\/\/valaisfilmcommission.ch\/fr\/","name":"Valais Film Commission","description":"Soutien de l&#039;audiovisuel en Valais","publisher":{"@id":"https:\/\/valaisfilmcommission.ch\/fr\/#organization"},"potentialAction":[{"@type":"SearchAction","target":{"@type":"EntryPoint","urlTemplate":"https:\/\/valaisfilmcommission.ch\/fr\/?s={search_term_string}"},"query-input":{"@type":"PropertyValueSpecification","valueRequired":true,"valueName":"search_term_string"}}],"inLanguage":"fr-FR"},{"@type":"Organization","@id":"https:\/\/valaisfilmcommission.ch\/fr\/#organization","name":"Valais Film Commission","url":"https:\/\/valaisfilmcommission.ch\/fr\/","logo":{"@type":"ImageObject","inLanguage":"fr-FR","@id":"https:\/\/valaisfilmcommission.ch\/fr\/#\/schema\/logo\/image\/","url":"https:\/\/valaisfilmcommission.ch\/wp-content\/uploads\/2020\/07\/Valais_FR.svg","contentUrl":"https:\/\/valaisfilmcommission.ch\/wp-content\/uploads\/2020\/07\/Valais_FR.svg","width":1,"height":1,"caption":"Valais Film Commission"},"image":{"@id":"https:\/\/valaisfilmcommission.ch\/fr\/#\/schema\/logo\/image\/"},"sameAs":["https:\/\/x.com\/ValaisFilmCom","https:\/\/www.instagram.com\/valaisfilmcommission\/"]},{"@type":"Person","@id":"https:\/\/valaisfilmcommission.ch\/fr\/#\/schema\/person\/7cc678b12ca3f4768a0212c4eabb3c5b","name":"Valais Film Commission","image":{"@type":"ImageObject","inLanguage":"fr-FR","@id":"https:\/\/secure.gravatar.com\/avatar\/6a8365a52399b9c7e05a4a904406a5b6477d5597b3413118e04227ebbac9d24b?s=96&d=mm&r=g","url":"https:\/\/secure.gravatar.com\/avatar\/6a8365a52399b9c7e05a4a904406a5b6477d5597b3413118e04227ebbac9d24b?s=96&d=mm&r=g","contentUrl":"https:\/\/secure.gravatar.com\/avatar\/6a8365a52399b9c7e05a4a904406a5b6477d5597b3413118e04227ebbac9d24b?s=96&d=mm&r=g","caption":"Valais Film Commission"}}]}},"_links":{"self":[{"href":"https:\/\/valaisfilmcommission.ch\/fr\/wp-json\/wp\/v2\/posts\/10280","targetHints":{"allow":["GET"]}}],"collection":[{"href":"https:\/\/valaisfilmcommission.ch\/fr\/wp-json\/wp\/v2\/posts"}],"about":[{"href":"https:\/\/valaisfilmcommission.ch\/fr\/wp-json\/wp\/v2\/types\/post"}],"author":[{"embeddable":true,"href":"https:\/\/valaisfilmcommission.ch\/fr\/wp-json\/wp\/v2\/users\/14"}],"replies":[{"embeddable":true,"href":"https:\/\/valaisfilmcommission.ch\/fr\/wp-json\/wp\/v2\/comments?post=10280"}],"version-history":[{"count":3,"href":"https:\/\/valaisfilmcommission.ch\/fr\/wp-json\/wp\/v2\/posts\/10280\/revisions"}],"predecessor-version":[{"id":10656,"href":"https:\/\/valaisfilmcommission.ch\/fr\/wp-json\/wp\/v2\/posts\/10280\/revisions\/10656"}],"wp:featuredmedia":[{"embeddable":true,"href":"https:\/\/valaisfilmcommission.ch\/fr\/wp-json\/wp\/v2\/media\/10285"}],"wp:attachment":[{"href":"https:\/\/valaisfilmcommission.ch\/fr\/wp-json\/wp\/v2\/media?parent=10280"}],"wp:term":[{"taxonomy":"category","embeddable":true,"href":"https:\/\/valaisfilmcommission.ch\/fr\/wp-json\/wp\/v2\/categories?post=10280"},{"taxonomy":"post_tag","embeddable":true,"href":"https:\/\/valaisfilmcommission.ch\/fr\/wp-json\/wp\/v2\/tags?post=10280"}],"curies":[{"name":"wp","href":"https:\/\/api.w.org\/{rel}","templated":true}]}}