{"id":8795,"date":"2023-11-08T11:04:03","date_gmt":"2023-11-08T10:04:03","guid":{"rendered":"https:\/\/valaisfilmcommission.ch\/?p=8795"},"modified":"2023-11-10T11:14:25","modified_gmt":"2023-11-10T10:14:25","slug":"new-coproduction-agreement-between-canada-and-switzerland","status":"publish","type":"post","link":"https:\/\/valaisfilmcommission.ch\/en\/new-coproduction-agreement-between-canada-and-switzerland\/","title":{"rendered":"New coproduction agreement between Canada and Switzerland."},"content":{"rendered":"\n<h2 class=\"wp-block-heading\"><strong>Canada &#8211; Switzerland coproduction agreement renewed<\/strong>.<\/h2>\n\n\n\n<p>Great news for the Swiss film industry: the President of the Confederation Alain Berset has signed a new coproduction agreement between Canada and Switzerland. This treaty replaces the current one and aims to facilitate financing and will be more advantageous for the audiovisual industries of both countries. Coproduced films will also benefit from improved broadcasting arrangements, a significant advantage for film distribution. And that&#8217;s not all: the agreement also considers the financing of new co-production models, such as series.<\/p>\n\n\n\n<div style=\"height:30px\" aria-hidden=\"true\" class=\"wp-block-spacer\"><\/div>\n\n\n\n<div class=\"wp-block-columns is-layout-flex wp-container-core-columns-is-layout-9d6595d7 wp-block-columns-is-layout-flex\">\n<div class=\"wp-block-column is-layout-flow wp-block-column-is-layout-flow\">\n<figure class=\"wp-block-image size-large\"><img fetchpriority=\"high\" decoding=\"async\" width=\"1024\" height=\"576\" src=\"https:\/\/valaisfilmcommission.ch\/wp-content\/uploads\/2023\/11\/CINEMANIA_\u00a9FelixSchaaf-28-1024x576.jpg\" alt=\"Alain Berset, President and Federal Councillor for Internal Affairs of the Swiss Confederation, and the Honourable M\u00e9lanie Joly, Minister of Foreign Affairs, accompanied by the Honourable Pascale St-Onge, Minister of Canadian Heritage, jointly signed a modernized audiovisual coproduction treaty between Canada and Switzerland.\" class=\"wp-image-8781\" srcset=\"https:\/\/valaisfilmcommission.ch\/wp-content\/uploads\/2023\/11\/CINEMANIA_\u00a9FelixSchaaf-28-1024x576.jpg 1024w, https:\/\/valaisfilmcommission.ch\/wp-content\/uploads\/2023\/11\/CINEMANIA_\u00a9FelixSchaaf-28-300x169.jpg 300w, https:\/\/valaisfilmcommission.ch\/wp-content\/uploads\/2023\/11\/CINEMANIA_\u00a9FelixSchaaf-28-768x432.jpg 768w, https:\/\/valaisfilmcommission.ch\/wp-content\/uploads\/2023\/11\/CINEMANIA_\u00a9FelixSchaaf-28-1536x864.jpg 1536w, https:\/\/valaisfilmcommission.ch\/wp-content\/uploads\/2023\/11\/CINEMANIA_\u00a9FelixSchaaf-28-2048x1152.jpg 2048w\" sizes=\"(max-width: 1024px) 100vw, 1024px\" \/><figcaption class=\"wp-element-caption\">CINEMANIA_\u00a9FelixSchaaf<\/figcaption><\/figure>\n<\/div>\n\n\n\n<div class=\"wp-block-column is-vertically-aligned-center is-layout-flow wp-block-column-is-layout-flow\">\n<blockquote class=\"wp-block-quote is-layout-flow wp-block-quote-is-layout-flow\">\n<p><\/p>\n<cite>\u201cThis new coproduction agreement confirms the outstanding cooperation between Canada and Switzerland. It also allows us to strengthen the existing cultural and linguistic ties between our two countries.\u201d<br>Alain Berset, president of the Swiss Confederation<\/cite><\/blockquote>\n<\/div>\n<\/div>\n\n\n\n<div style=\"height:30px\" aria-hidden=\"true\" class=\"wp-block-spacer\"><\/div>\n\n\n\n<h2 class=\"wp-block-heading\"><strong>Coproduction agreements<\/strong>.<\/h2>\n\n\n\n<p>Coproduction agreements are agreements signed between two countries to promote film production. These agreements enable producers to create synergies in terms of resources and financing for their productions.<\/p>\n\n\n\n<h2 class=\"wp-block-heading\"><strong>Valais. A land for films.<\/strong><\/h2>\n\n\n\n<p>With its Cash Rebate system, unique in Switzerland, the Valais is an attractive location for international film productions. In addition to financial support in the form of Incentives, the Valais Film Commission offers a large inventory of film sets and a personalized scouting service. Moreover, the structure offers support from the very beginning to the end of an audiovisual production. The services on offer include location scouting, facilitating authorizations, contacts with authorities and private individuals, and participation in previews and campaigns for major film festivals.<\/p>\n\n\n\n<div style=\"height:50px\" aria-hidden=\"true\" class=\"wp-block-spacer\"><\/div>\n\n\n\n<h4 class=\"wp-block-heading\">More information :<\/h4>\n\n\n\n<ul class=\"wp-block-list\">\n<li><a href=\"https:\/\/www.admin.ch\/gov\/en\/start\/documentation\/media-releases.msg-id-98401.html\" target=\"_blank\" rel=\"noreferrer noopener\">Press release Swiss Confederation coproduction agreement<\/a><\/li>\n\n\n\n<li><a href=\"https:\/\/valaisfilmcommission.ch\/en\/inventaire-des-decors\/\">Location inventory<\/a><\/li>\n<\/ul>\n","protected":false},"excerpt":{"rendered":"<p>Canada &#8211; Switzerland coproduction agreement renewed. Great news for the Swiss film industry: the President of the Confederation Alain Berset has signed a new coproduction agreement between Canada and Switzerland. This treaty replaces the current one and aims to facilitate financing and will be more advantageous for the audiovisual industries of both countries. Coproduced films [&hellip;]<\/p>\n","protected":false},"author":14,"featured_media":8782,"comment_status":"closed","ping_status":"open","sticky":false,"template":"","format":"standard","meta":{"_acf_changed":false,"footnotes":""},"categories":[52],"tags":[],"class_list":["post-8795","post","type-post","status-publish","format-standard","has-post-thumbnail","hentry","category-miscellaneous"],"acf":[],"yoast_head":"<!-- This site is optimized with the Yoast SEO plugin v27.5 - https:\/\/yoast.com\/product\/yoast-seo-wordpress\/ -->\n<title>New coproduction agreement between Canada and Switzerland. &#8211; Valais Film Commission<\/title>\n<meta name=\"description\" content=\"Canada and Switzerland have signed a new coproduction treaty that is more advantageous for both countries&#039; audiovisual industries.\" \/>\n<meta name=\"robots\" content=\"index, follow, max-snippet:-1, max-image-preview:large, max-video-preview:-1\" \/>\n<link rel=\"canonical\" href=\"https:\/\/valaisfilmcommission.ch\/en\/new-coproduction-agreement-between-canada-and-switzerland\/\" \/>\n<meta property=\"og:locale\" content=\"en_US\" \/>\n<meta property=\"og:type\" content=\"article\" \/>\n<meta property=\"og:title\" content=\"New coproduction agreement between Canada and Switzerland. &#8211; Valais Film Commission\" \/>\n<meta property=\"og:description\" content=\"Canada and Switzerland have signed a new coproduction treaty that is more advantageous for both countries&#039; audiovisual industries.\" \/>\n<meta property=\"og:url\" content=\"https:\/\/valaisfilmcommission.ch\/en\/new-coproduction-agreement-between-canada-and-switzerland\/\" \/>\n<meta property=\"og:site_name\" content=\"Valais Film Commission\" \/>\n<meta property=\"article:published_time\" content=\"2023-11-08T10:04:03+00:00\" \/>\n<meta property=\"article:modified_time\" content=\"2023-11-10T10:14:25+00:00\" \/>\n<meta property=\"og:image\" content=\"https:\/\/valaisfilmcommission.ch\/wp-content\/uploads\/2023\/11\/CINEMANIA_\u00a9FelixSchaaf-28-scaled.jpg\" \/>\n\t<meta property=\"og:image:width\" content=\"2560\" \/>\n\t<meta property=\"og:image:height\" content=\"1440\" \/>\n\t<meta property=\"og:image:type\" content=\"image\/jpeg\" \/>\n<meta name=\"author\" content=\"Valais Film Commission\" \/>\n<meta name=\"twitter:card\" content=\"summary_large_image\" \/>\n<meta name=\"twitter:creator\" content=\"@ValaisFilmCom\" \/>\n<meta name=\"twitter:site\" content=\"@ValaisFilmCom\" \/>\n<meta name=\"twitter:label1\" content=\"Written by\" \/>\n\t<meta name=\"twitter:data1\" content=\"Valais Film Commission\" \/>\n\t<meta name=\"twitter:label2\" content=\"Est. reading time\" \/>\n\t<meta name=\"twitter:data2\" content=\"2 minutes\" \/>\n<script type=\"application\/ld+json\" class=\"yoast-schema-graph\">{\"@context\":\"https:\\\/\\\/schema.org\",\"@graph\":[{\"@type\":\"Article\",\"@id\":\"https:\\\/\\\/valaisfilmcommission.ch\\\/en\\\/new-coproduction-agreement-between-canada-and-switzerland\\\/#article\",\"isPartOf\":{\"@id\":\"https:\\\/\\\/valaisfilmcommission.ch\\\/en\\\/new-coproduction-agreement-between-canada-and-switzerland\\\/\"},\"author\":{\"name\":\"Valais Film Commission\",\"@id\":\"https:\\\/\\\/valaisfilmcommission.ch\\\/en\\\/#\\\/schema\\\/person\\\/7cc678b12ca3f4768a0212c4eabb3c5b\"},\"headline\":\"New coproduction agreement between Canada and Switzerland.\",\"datePublished\":\"2023-11-08T10:04:03+00:00\",\"dateModified\":\"2023-11-10T10:14:25+00:00\",\"mainEntityOfPage\":{\"@id\":\"https:\\\/\\\/valaisfilmcommission.ch\\\/en\\\/new-coproduction-agreement-between-canada-and-switzerland\\\/\"},\"wordCount\":260,\"publisher\":{\"@id\":\"https:\\\/\\\/valaisfilmcommission.ch\\\/en\\\/#organization\"},\"image\":{\"@id\":\"https:\\\/\\\/valaisfilmcommission.ch\\\/en\\\/new-coproduction-agreement-between-canada-and-switzerland\\\/#primaryimage\"},\"thumbnailUrl\":\"https:\\\/\\\/valaisfilmcommission.ch\\\/wp-content\\\/uploads\\\/2023\\\/11\\\/CINEMANIA_\u00a9FelixSchaaf-28-scaled.jpg\",\"articleSection\":[\"Miscellaneous\"],\"inLanguage\":\"en-US\"},{\"@type\":\"WebPage\",\"@id\":\"https:\\\/\\\/valaisfilmcommission.ch\\\/en\\\/new-coproduction-agreement-between-canada-and-switzerland\\\/\",\"url\":\"https:\\\/\\\/valaisfilmcommission.ch\\\/en\\\/new-coproduction-agreement-between-canada-and-switzerland\\\/\",\"name\":\"New coproduction agreement between Canada and Switzerland. &#8211; Valais Film Commission\",\"isPartOf\":{\"@id\":\"https:\\\/\\\/valaisfilmcommission.ch\\\/en\\\/#website\"},\"primaryImageOfPage\":{\"@id\":\"https:\\\/\\\/valaisfilmcommission.ch\\\/en\\\/new-coproduction-agreement-between-canada-and-switzerland\\\/#primaryimage\"},\"image\":{\"@id\":\"https:\\\/\\\/valaisfilmcommission.ch\\\/en\\\/new-coproduction-agreement-between-canada-and-switzerland\\\/#primaryimage\"},\"thumbnailUrl\":\"https:\\\/\\\/valaisfilmcommission.ch\\\/wp-content\\\/uploads\\\/2023\\\/11\\\/CINEMANIA_\u00a9FelixSchaaf-28-scaled.jpg\",\"datePublished\":\"2023-11-08T10:04:03+00:00\",\"dateModified\":\"2023-11-10T10:14:25+00:00\",\"description\":\"Canada and Switzerland have signed a new coproduction treaty that is more advantageous for both countries' audiovisual industries.\",\"breadcrumb\":{\"@id\":\"https:\\\/\\\/valaisfilmcommission.ch\\\/en\\\/new-coproduction-agreement-between-canada-and-switzerland\\\/#breadcrumb\"},\"inLanguage\":\"en-US\",\"potentialAction\":[{\"@type\":\"ReadAction\",\"target\":[\"https:\\\/\\\/valaisfilmcommission.ch\\\/en\\\/new-coproduction-agreement-between-canada-and-switzerland\\\/\"]}]},{\"@type\":\"ImageObject\",\"inLanguage\":\"en-US\",\"@id\":\"https:\\\/\\\/valaisfilmcommission.ch\\\/en\\\/new-coproduction-agreement-between-canada-and-switzerland\\\/#primaryimage\",\"url\":\"https:\\\/\\\/valaisfilmcommission.ch\\\/wp-content\\\/uploads\\\/2023\\\/11\\\/CINEMANIA_\u00a9FelixSchaaf-28-scaled.jpg\",\"contentUrl\":\"https:\\\/\\\/valaisfilmcommission.ch\\\/wp-content\\\/uploads\\\/2023\\\/11\\\/CINEMANIA_\u00a9FelixSchaaf-28-scaled.jpg\",\"width\":2560,\"height\":1440,\"caption\":\"Alain Berset, pr\u00e9sident et conseiller F\u00e9d\u00e9ral aux affaires int\u00e9rieures de la Conf\u00e9d\u00e9ration suisse, et l\u2019honorable M\u00e9lanie Joly, ministre des Affaires \u00e9trang\u00e8res, accompagn\u00e9e de l\u2019honorable Pascale St-Onge, ministre du Patrimoine canadien, ont sign\u00e9 conjointement un trait\u00e9 modernis\u00e9 de coproduction audiovisuelle entre le Canada et la Suisse\"},{\"@type\":\"BreadcrumbList\",\"@id\":\"https:\\\/\\\/valaisfilmcommission.ch\\\/en\\\/new-coproduction-agreement-between-canada-and-switzerland\\\/#breadcrumb\",\"itemListElement\":[{\"@type\":\"ListItem\",\"position\":1,\"name\":\"Home\",\"item\":\"https:\\\/\\\/valaisfilmcommission.ch\\\/en\\\/\"},{\"@type\":\"ListItem\",\"position\":2,\"name\":\"Miscellaneous\",\"item\":\"https:\\\/\\\/valaisfilmcommission.ch\\\/en\\\/category\\\/miscellaneous\\\/\"},{\"@type\":\"ListItem\",\"position\":3,\"name\":\"New coproduction agreement between Canada and Switzerland.\"}]},{\"@type\":\"WebSite\",\"@id\":\"https:\\\/\\\/valaisfilmcommission.ch\\\/en\\\/#website\",\"url\":\"https:\\\/\\\/valaisfilmcommission.ch\\\/en\\\/\",\"name\":\"Valais Film Commission\",\"description\":\"Soutien de l&#039;audiovisuel en Valais\",\"publisher\":{\"@id\":\"https:\\\/\\\/valaisfilmcommission.ch\\\/en\\\/#organization\"},\"potentialAction\":[{\"@type\":\"SearchAction\",\"target\":{\"@type\":\"EntryPoint\",\"urlTemplate\":\"https:\\\/\\\/valaisfilmcommission.ch\\\/en\\\/?s={search_term_string}\"},\"query-input\":{\"@type\":\"PropertyValueSpecification\",\"valueRequired\":true,\"valueName\":\"search_term_string\"}}],\"inLanguage\":\"en-US\"},{\"@type\":\"Organization\",\"@id\":\"https:\\\/\\\/valaisfilmcommission.ch\\\/en\\\/#organization\",\"name\":\"Valais Film Commission\",\"url\":\"https:\\\/\\\/valaisfilmcommission.ch\\\/en\\\/\",\"logo\":{\"@type\":\"ImageObject\",\"inLanguage\":\"en-US\",\"@id\":\"https:\\\/\\\/valaisfilmcommission.ch\\\/en\\\/#\\\/schema\\\/logo\\\/image\\\/\",\"url\":\"https:\\\/\\\/valaisfilmcommission.ch\\\/wp-content\\\/uploads\\\/2020\\\/07\\\/Valais_FR.svg\",\"contentUrl\":\"https:\\\/\\\/valaisfilmcommission.ch\\\/wp-content\\\/uploads\\\/2020\\\/07\\\/Valais_FR.svg\",\"width\":1,\"height\":1,\"caption\":\"Valais Film Commission\"},\"image\":{\"@id\":\"https:\\\/\\\/valaisfilmcommission.ch\\\/en\\\/#\\\/schema\\\/logo\\\/image\\\/\"},\"sameAs\":[\"https:\\\/\\\/x.com\\\/ValaisFilmCom\",\"https:\\\/\\\/www.instagram.com\\\/valaisfilmcommission\\\/\"]},{\"@type\":\"Person\",\"@id\":\"https:\\\/\\\/valaisfilmcommission.ch\\\/en\\\/#\\\/schema\\\/person\\\/7cc678b12ca3f4768a0212c4eabb3c5b\",\"name\":\"Valais Film Commission\",\"image\":{\"@type\":\"ImageObject\",\"inLanguage\":\"en-US\",\"@id\":\"https:\\\/\\\/secure.gravatar.com\\\/avatar\\\/6a8365a52399b9c7e05a4a904406a5b6477d5597b3413118e04227ebbac9d24b?s=96&d=mm&r=g\",\"url\":\"https:\\\/\\\/secure.gravatar.com\\\/avatar\\\/6a8365a52399b9c7e05a4a904406a5b6477d5597b3413118e04227ebbac9d24b?s=96&d=mm&r=g\",\"contentUrl\":\"https:\\\/\\\/secure.gravatar.com\\\/avatar\\\/6a8365a52399b9c7e05a4a904406a5b6477d5597b3413118e04227ebbac9d24b?s=96&d=mm&r=g\",\"caption\":\"Valais Film Commission\"}}]}<\/script>\n<!-- \/ Yoast SEO plugin. -->","yoast_head_json":{"title":"New coproduction agreement between Canada and Switzerland. &#8211; Valais Film Commission","description":"Canada and Switzerland have signed a new coproduction treaty that is more advantageous for both countries' audiovisual industries.","robots":{"index":"index","follow":"follow","max-snippet":"max-snippet:-1","max-image-preview":"max-image-preview:large","max-video-preview":"max-video-preview:-1"},"canonical":"https:\/\/valaisfilmcommission.ch\/en\/new-coproduction-agreement-between-canada-and-switzerland\/","og_locale":"en_US","og_type":"article","og_title":"New coproduction agreement between Canada and Switzerland. &#8211; Valais Film Commission","og_description":"Canada and Switzerland have signed a new coproduction treaty that is more advantageous for both countries' audiovisual industries.","og_url":"https:\/\/valaisfilmcommission.ch\/en\/new-coproduction-agreement-between-canada-and-switzerland\/","og_site_name":"Valais Film Commission","article_published_time":"2023-11-08T10:04:03+00:00","article_modified_time":"2023-11-10T10:14:25+00:00","og_image":[{"width":2560,"height":1440,"url":"https:\/\/valaisfilmcommission.ch\/wp-content\/uploads\/2023\/11\/CINEMANIA_\u00a9FelixSchaaf-28-scaled.jpg","type":"image\/jpeg"}],"author":"Valais Film Commission","twitter_card":"summary_large_image","twitter_creator":"@ValaisFilmCom","twitter_site":"@ValaisFilmCom","twitter_misc":{"Written by":"Valais Film Commission","Est. reading time":"2 minutes"},"schema":{"@context":"https:\/\/schema.org","@graph":[{"@type":"Article","@id":"https:\/\/valaisfilmcommission.ch\/en\/new-coproduction-agreement-between-canada-and-switzerland\/#article","isPartOf":{"@id":"https:\/\/valaisfilmcommission.ch\/en\/new-coproduction-agreement-between-canada-and-switzerland\/"},"author":{"name":"Valais Film Commission","@id":"https:\/\/valaisfilmcommission.ch\/en\/#\/schema\/person\/7cc678b12ca3f4768a0212c4eabb3c5b"},"headline":"New coproduction agreement between Canada and Switzerland.","datePublished":"2023-11-08T10:04:03+00:00","dateModified":"2023-11-10T10:14:25+00:00","mainEntityOfPage":{"@id":"https:\/\/valaisfilmcommission.ch\/en\/new-coproduction-agreement-between-canada-and-switzerland\/"},"wordCount":260,"publisher":{"@id":"https:\/\/valaisfilmcommission.ch\/en\/#organization"},"image":{"@id":"https:\/\/valaisfilmcommission.ch\/en\/new-coproduction-agreement-between-canada-and-switzerland\/#primaryimage"},"thumbnailUrl":"https:\/\/valaisfilmcommission.ch\/wp-content\/uploads\/2023\/11\/CINEMANIA_\u00a9FelixSchaaf-28-scaled.jpg","articleSection":["Miscellaneous"],"inLanguage":"en-US"},{"@type":"WebPage","@id":"https:\/\/valaisfilmcommission.ch\/en\/new-coproduction-agreement-between-canada-and-switzerland\/","url":"https:\/\/valaisfilmcommission.ch\/en\/new-coproduction-agreement-between-canada-and-switzerland\/","name":"New coproduction agreement between Canada and Switzerland. &#8211; Valais Film Commission","isPartOf":{"@id":"https:\/\/valaisfilmcommission.ch\/en\/#website"},"primaryImageOfPage":{"@id":"https:\/\/valaisfilmcommission.ch\/en\/new-coproduction-agreement-between-canada-and-switzerland\/#primaryimage"},"image":{"@id":"https:\/\/valaisfilmcommission.ch\/en\/new-coproduction-agreement-between-canada-and-switzerland\/#primaryimage"},"thumbnailUrl":"https:\/\/valaisfilmcommission.ch\/wp-content\/uploads\/2023\/11\/CINEMANIA_\u00a9FelixSchaaf-28-scaled.jpg","datePublished":"2023-11-08T10:04:03+00:00","dateModified":"2023-11-10T10:14:25+00:00","description":"Canada and Switzerland have signed a new coproduction treaty that is more advantageous for both countries' audiovisual industries.","breadcrumb":{"@id":"https:\/\/valaisfilmcommission.ch\/en\/new-coproduction-agreement-between-canada-and-switzerland\/#breadcrumb"},"inLanguage":"en-US","potentialAction":[{"@type":"ReadAction","target":["https:\/\/valaisfilmcommission.ch\/en\/new-coproduction-agreement-between-canada-and-switzerland\/"]}]},{"@type":"ImageObject","inLanguage":"en-US","@id":"https:\/\/valaisfilmcommission.ch\/en\/new-coproduction-agreement-between-canada-and-switzerland\/#primaryimage","url":"https:\/\/valaisfilmcommission.ch\/wp-content\/uploads\/2023\/11\/CINEMANIA_\u00a9FelixSchaaf-28-scaled.jpg","contentUrl":"https:\/\/valaisfilmcommission.ch\/wp-content\/uploads\/2023\/11\/CINEMANIA_\u00a9FelixSchaaf-28-scaled.jpg","width":2560,"height":1440,"caption":"Alain Berset, pr\u00e9sident et conseiller F\u00e9d\u00e9ral aux affaires int\u00e9rieures de la Conf\u00e9d\u00e9ration suisse, et l\u2019honorable M\u00e9lanie Joly, ministre des Affaires \u00e9trang\u00e8res, accompagn\u00e9e de l\u2019honorable Pascale St-Onge, ministre du Patrimoine canadien, ont sign\u00e9 conjointement un trait\u00e9 modernis\u00e9 de coproduction audiovisuelle entre le Canada et la Suisse"},{"@type":"BreadcrumbList","@id":"https:\/\/valaisfilmcommission.ch\/en\/new-coproduction-agreement-between-canada-and-switzerland\/#breadcrumb","itemListElement":[{"@type":"ListItem","position":1,"name":"Home","item":"https:\/\/valaisfilmcommission.ch\/en\/"},{"@type":"ListItem","position":2,"name":"Miscellaneous","item":"https:\/\/valaisfilmcommission.ch\/en\/category\/miscellaneous\/"},{"@type":"ListItem","position":3,"name":"New coproduction agreement between Canada and Switzerland."}]},{"@type":"WebSite","@id":"https:\/\/valaisfilmcommission.ch\/en\/#website","url":"https:\/\/valaisfilmcommission.ch\/en\/","name":"Valais Film Commission","description":"Soutien de l&#039;audiovisuel en Valais","publisher":{"@id":"https:\/\/valaisfilmcommission.ch\/en\/#organization"},"potentialAction":[{"@type":"SearchAction","target":{"@type":"EntryPoint","urlTemplate":"https:\/\/valaisfilmcommission.ch\/en\/?s={search_term_string}"},"query-input":{"@type":"PropertyValueSpecification","valueRequired":true,"valueName":"search_term_string"}}],"inLanguage":"en-US"},{"@type":"Organization","@id":"https:\/\/valaisfilmcommission.ch\/en\/#organization","name":"Valais Film Commission","url":"https:\/\/valaisfilmcommission.ch\/en\/","logo":{"@type":"ImageObject","inLanguage":"en-US","@id":"https:\/\/valaisfilmcommission.ch\/en\/#\/schema\/logo\/image\/","url":"https:\/\/valaisfilmcommission.ch\/wp-content\/uploads\/2020\/07\/Valais_FR.svg","contentUrl":"https:\/\/valaisfilmcommission.ch\/wp-content\/uploads\/2020\/07\/Valais_FR.svg","width":1,"height":1,"caption":"Valais Film Commission"},"image":{"@id":"https:\/\/valaisfilmcommission.ch\/en\/#\/schema\/logo\/image\/"},"sameAs":["https:\/\/x.com\/ValaisFilmCom","https:\/\/www.instagram.com\/valaisfilmcommission\/"]},{"@type":"Person","@id":"https:\/\/valaisfilmcommission.ch\/en\/#\/schema\/person\/7cc678b12ca3f4768a0212c4eabb3c5b","name":"Valais Film Commission","image":{"@type":"ImageObject","inLanguage":"en-US","@id":"https:\/\/secure.gravatar.com\/avatar\/6a8365a52399b9c7e05a4a904406a5b6477d5597b3413118e04227ebbac9d24b?s=96&d=mm&r=g","url":"https:\/\/secure.gravatar.com\/avatar\/6a8365a52399b9c7e05a4a904406a5b6477d5597b3413118e04227ebbac9d24b?s=96&d=mm&r=g","contentUrl":"https:\/\/secure.gravatar.com\/avatar\/6a8365a52399b9c7e05a4a904406a5b6477d5597b3413118e04227ebbac9d24b?s=96&d=mm&r=g","caption":"Valais Film Commission"}}]}},"_links":{"self":[{"href":"https:\/\/valaisfilmcommission.ch\/en\/wp-json\/wp\/v2\/posts\/8795","targetHints":{"allow":["GET"]}}],"collection":[{"href":"https:\/\/valaisfilmcommission.ch\/en\/wp-json\/wp\/v2\/posts"}],"about":[{"href":"https:\/\/valaisfilmcommission.ch\/en\/wp-json\/wp\/v2\/types\/post"}],"author":[{"embeddable":true,"href":"https:\/\/valaisfilmcommission.ch\/en\/wp-json\/wp\/v2\/users\/14"}],"replies":[{"embeddable":true,"href":"https:\/\/valaisfilmcommission.ch\/en\/wp-json\/wp\/v2\/comments?post=8795"}],"version-history":[{"count":4,"href":"https:\/\/valaisfilmcommission.ch\/en\/wp-json\/wp\/v2\/posts\/8795\/revisions"}],"predecessor-version":[{"id":8833,"href":"https:\/\/valaisfilmcommission.ch\/en\/wp-json\/wp\/v2\/posts\/8795\/revisions\/8833"}],"wp:featuredmedia":[{"embeddable":true,"href":"https:\/\/valaisfilmcommission.ch\/en\/wp-json\/wp\/v2\/media\/8782"}],"wp:attachment":[{"href":"https:\/\/valaisfilmcommission.ch\/en\/wp-json\/wp\/v2\/media?parent=8795"}],"wp:term":[{"taxonomy":"category","embeddable":true,"href":"https:\/\/valaisfilmcommission.ch\/en\/wp-json\/wp\/v2\/categories?post=8795"},{"taxonomy":"post_tag","embeddable":true,"href":"https:\/\/valaisfilmcommission.ch\/en\/wp-json\/wp\/v2\/tags?post=8795"}],"curies":[{"name":"wp","href":"https:\/\/api.w.org\/{rel}","templated":true}]}}