{"id":9998,"date":"2024-10-24T16:30:10","date_gmt":"2024-10-24T14:30:10","guid":{"rendered":"https:\/\/valaisfilmcommission.ch\/?p=9998"},"modified":"2024-10-24T16:36:58","modified_gmt":"2024-10-24T14:36:58","slug":"die-valais-film-commission-oeffnet-sich-noch-mehr-der-internationalen-buehne-indem-sie-am-mia-internationaler-markt-fuer-audiovisuelle-medien-teilnimmt","status":"publish","type":"post","link":"https:\/\/valaisfilmcommission.ch\/de\/die-valais-film-commission-oeffnet-sich-noch-mehr-der-internationalen-buehne-indem-sie-am-mia-internationaler-markt-fuer-audiovisuelle-medien-teilnimmt\/","title":{"rendered":"Die Valais Film Commission \u00f6ffnet sich noch mehr der internationalen B\u00fchne, indem sie am MIA (Internationaler Markt f\u00fcr audiovisuelle Medien) teilnimmt."},"content":{"rendered":"\n<p>Im Oktober hatte die Valais Film Commission das Vergn\u00fcgen, nach Rom zum MIA zu reisen, um internationale Kontakte mit Fachleuten zu kn\u00fcpfen und die Serie Winter Palace begleiten, die als eine von sechs High-End-Serien zum GREENLit-Showcase eingeladen wurden.<\/p>\n\n\n\n<p>Im Anschluss an den Showcase organisierte die Valais Film Commission zusammen mit SWISS FILMS, der Ticino Film Commisison, RSI und SRG SSR ein Business Lunch, der eine einzigartige Gelegenheit zum Networking bot, gleichzeitig das Schweizer Fachwissen im audiovisuellen Bereich hervorhob und den internationalen Austausch und die Zusammenarbeit f\u00f6rderte.<\/p>\n\n\n\n<p><br><a href=\"https:\/\/valaisfilmcommission.ch\/wp-content\/uploads\/2024\/10\/17.10.2024-Die-Valais-Film-Commission-offnet-sich-noch-mehr-der-internationalen-Buhne-indem-sie-am-MIA-Internationaler-Markt-fur-audiovisuelle-Medien-teilnimmt.pdf\">Die Medienmitteilung lesen<\/a><\/p>\n\n\n\n<p><\/p>\n\n\n\n<figure class=\"wp-block-image size-large\"><img fetchpriority=\"high\" decoding=\"async\" width=\"1024\" height=\"663\" src=\"https:\/\/valaisfilmcommission.ch\/wp-content\/uploads\/2024\/10\/Capture-decran-2024-10-24-a-16.09.50-2-1024x663.png\" alt=\"\" class=\"wp-image-9999\" srcset=\"https:\/\/valaisfilmcommission.ch\/wp-content\/uploads\/2024\/10\/Capture-decran-2024-10-24-a-16.09.50-2-1024x663.png 1024w, https:\/\/valaisfilmcommission.ch\/wp-content\/uploads\/2024\/10\/Capture-decran-2024-10-24-a-16.09.50-2-300x194.png 300w, https:\/\/valaisfilmcommission.ch\/wp-content\/uploads\/2024\/10\/Capture-decran-2024-10-24-a-16.09.50-2-768x497.png 768w, https:\/\/valaisfilmcommission.ch\/wp-content\/uploads\/2024\/10\/Capture-decran-2024-10-24-a-16.09.50-2-1536x995.png 1536w, https:\/\/valaisfilmcommission.ch\/wp-content\/uploads\/2024\/10\/Capture-decran-2024-10-24-a-16.09.50-2.png 1861w\" sizes=\"(max-width: 1024px) 100vw, 1024px\" \/><\/figure>\n\n\n\n<figure class=\"wp-block-image size-large\"><img decoding=\"async\" width=\"1024\" height=\"682\" src=\"https:\/\/valaisfilmcommission.ch\/wp-content\/uploads\/2024\/10\/Capture-decran-2024-10-24-a-16.17.11-1-1024x682.png\" alt=\"\" class=\"wp-image-10002\" srcset=\"https:\/\/valaisfilmcommission.ch\/wp-content\/uploads\/2024\/10\/Capture-decran-2024-10-24-a-16.17.11-1-1024x682.png 1024w, https:\/\/valaisfilmcommission.ch\/wp-content\/uploads\/2024\/10\/Capture-decran-2024-10-24-a-16.17.11-1-300x200.png 300w, https:\/\/valaisfilmcommission.ch\/wp-content\/uploads\/2024\/10\/Capture-decran-2024-10-24-a-16.17.11-1-768x512.png 768w, https:\/\/valaisfilmcommission.ch\/wp-content\/uploads\/2024\/10\/Capture-decran-2024-10-24-a-16.17.11-1-1536x1023.png 1536w, https:\/\/valaisfilmcommission.ch\/wp-content\/uploads\/2024\/10\/Capture-decran-2024-10-24-a-16.17.11-1.png 1861w\" sizes=\"(max-width: 1024px) 100vw, 1024px\" \/><\/figure>\n","protected":false},"excerpt":{"rendered":"<p>Im Oktober hatte die Valais Film Commission das Vergn\u00fcgen, nach Rom zum MIA zu reisen, um internationale Kontakte mit Fachleuten zu kn\u00fcpfen und die Serie Winter Palace begleiten, die als eine von sechs High-End-Serien zum GREENLit-Showcase eingeladen wurden. Im Anschluss an den Showcase organisierte die Valais Film Commission zusammen mit SWISS FILMS, der Ticino Film [&hellip;]<\/p>\n","protected":false},"author":14,"featured_media":9999,"comment_status":"closed","ping_status":"open","sticky":false,"template":"","format":"standard","meta":{"_acf_changed":false,"footnotes":""},"categories":[13],"tags":[],"class_list":["post-9998","post","type-post","status-publish","format-standard","has-post-thumbnail","hentry","category-verschiedene"],"acf":[],"yoast_head":"<!-- This site is optimized with the Yoast SEO plugin v27.5 - https:\/\/yoast.com\/product\/yoast-seo-wordpress\/ -->\n<title>Die Valais Film Commission \u00f6ffnet sich noch mehr der internationalen B\u00fchne, indem sie am MIA (Internationaler Markt f\u00fcr audiovisuelle Medien) teilnimmt. &#8211; Valais Film Commission<\/title>\n<meta name=\"robots\" content=\"index, follow, max-snippet:-1, max-image-preview:large, max-video-preview:-1\" \/>\n<link rel=\"canonical\" href=\"https:\/\/valaisfilmcommission.ch\/de\/die-valais-film-commission-oeffnet-sich-noch-mehr-der-internationalen-buehne-indem-sie-am-mia-internationaler-markt-fuer-audiovisuelle-medien-teilnimmt\/\" \/>\n<meta property=\"og:locale\" content=\"de_DE\" \/>\n<meta property=\"og:type\" content=\"article\" \/>\n<meta property=\"og:title\" content=\"Die Valais Film Commission \u00f6ffnet sich noch mehr der internationalen B\u00fchne, indem sie am MIA (Internationaler Markt f\u00fcr audiovisuelle Medien) teilnimmt. &#8211; Valais Film Commission\" \/>\n<meta property=\"og:description\" content=\"Im Oktober hatte die Valais Film Commission das Vergn\u00fcgen, nach Rom zum MIA zu reisen, um internationale Kontakte mit Fachleuten zu kn\u00fcpfen und die Serie Winter Palace begleiten, die als eine von sechs High-End-Serien zum GREENLit-Showcase eingeladen wurden. Im Anschluss an den Showcase organisierte die Valais Film Commission zusammen mit SWISS FILMS, der Ticino Film [&hellip;]\" \/>\n<meta property=\"og:url\" content=\"https:\/\/valaisfilmcommission.ch\/de\/die-valais-film-commission-oeffnet-sich-noch-mehr-der-internationalen-buehne-indem-sie-am-mia-internationaler-markt-fuer-audiovisuelle-medien-teilnimmt\/\" \/>\n<meta property=\"og:site_name\" content=\"Valais Film Commission\" \/>\n<meta property=\"article:published_time\" content=\"2024-10-24T14:30:10+00:00\" \/>\n<meta property=\"article:modified_time\" content=\"2024-10-24T14:36:58+00:00\" \/>\n<meta property=\"og:image\" content=\"https:\/\/valaisfilmcommission.ch\/wp-content\/uploads\/2024\/10\/Capture-decran-2024-10-24-a-16.09.50-2-1024x663.png\" \/>\n\t<meta property=\"og:image:width\" content=\"1024\" \/>\n\t<meta property=\"og:image:height\" content=\"663\" \/>\n\t<meta property=\"og:image:type\" content=\"image\/png\" \/>\n<meta name=\"author\" content=\"Valais Film Commission\" \/>\n<meta name=\"twitter:card\" content=\"summary_large_image\" \/>\n<meta name=\"twitter:creator\" content=\"@ValaisFilmCom\" \/>\n<meta name=\"twitter:site\" content=\"@ValaisFilmCom\" \/>\n<meta name=\"twitter:label1\" content=\"Verfasst von\" \/>\n\t<meta name=\"twitter:data1\" content=\"Valais Film Commission\" \/>\n\t<meta name=\"twitter:label2\" content=\"Gesch\u00e4tzte Lesezeit\" \/>\n\t<meta name=\"twitter:data2\" content=\"1\u00a0Minute\" \/>\n<script type=\"application\/ld+json\" class=\"yoast-schema-graph\">{\"@context\":\"https:\\\/\\\/schema.org\",\"@graph\":[{\"@type\":\"Article\",\"@id\":\"https:\\\/\\\/valaisfilmcommission.ch\\\/de\\\/die-valais-film-commission-oeffnet-sich-noch-mehr-der-internationalen-buehne-indem-sie-am-mia-internationaler-markt-fuer-audiovisuelle-medien-teilnimmt\\\/#article\",\"isPartOf\":{\"@id\":\"https:\\\/\\\/valaisfilmcommission.ch\\\/de\\\/die-valais-film-commission-oeffnet-sich-noch-mehr-der-internationalen-buehne-indem-sie-am-mia-internationaler-markt-fuer-audiovisuelle-medien-teilnimmt\\\/\"},\"author\":{\"name\":\"Valais Film Commission\",\"@id\":\"https:\\\/\\\/valaisfilmcommission.ch\\\/de\\\/#\\\/schema\\\/person\\\/7cc678b12ca3f4768a0212c4eabb3c5b\"},\"headline\":\"Die Valais Film Commission \u00f6ffnet sich noch mehr der internationalen B\u00fchne, indem sie am MIA (Internationaler Markt f\u00fcr audiovisuelle Medien) teilnimmt.\",\"datePublished\":\"2024-10-24T14:30:10+00:00\",\"dateModified\":\"2024-10-24T14:36:58+00:00\",\"mainEntityOfPage\":{\"@id\":\"https:\\\/\\\/valaisfilmcommission.ch\\\/de\\\/die-valais-film-commission-oeffnet-sich-noch-mehr-der-internationalen-buehne-indem-sie-am-mia-internationaler-markt-fuer-audiovisuelle-medien-teilnimmt\\\/\"},\"wordCount\":115,\"publisher\":{\"@id\":\"https:\\\/\\\/valaisfilmcommission.ch\\\/de\\\/#organization\"},\"image\":{\"@id\":\"https:\\\/\\\/valaisfilmcommission.ch\\\/de\\\/die-valais-film-commission-oeffnet-sich-noch-mehr-der-internationalen-buehne-indem-sie-am-mia-internationaler-markt-fuer-audiovisuelle-medien-teilnimmt\\\/#primaryimage\"},\"thumbnailUrl\":\"https:\\\/\\\/valaisfilmcommission.ch\\\/wp-content\\\/uploads\\\/2024\\\/10\\\/Capture-decran-2024-10-24-a-16.09.50-2.png\",\"articleSection\":[\"Verschiedene\"],\"inLanguage\":\"de\"},{\"@type\":\"WebPage\",\"@id\":\"https:\\\/\\\/valaisfilmcommission.ch\\\/de\\\/die-valais-film-commission-oeffnet-sich-noch-mehr-der-internationalen-buehne-indem-sie-am-mia-internationaler-markt-fuer-audiovisuelle-medien-teilnimmt\\\/\",\"url\":\"https:\\\/\\\/valaisfilmcommission.ch\\\/de\\\/die-valais-film-commission-oeffnet-sich-noch-mehr-der-internationalen-buehne-indem-sie-am-mia-internationaler-markt-fuer-audiovisuelle-medien-teilnimmt\\\/\",\"name\":\"Die Valais Film Commission \u00f6ffnet sich noch mehr der internationalen B\u00fchne, indem sie am MIA (Internationaler Markt f\u00fcr audiovisuelle Medien) teilnimmt. &#8211; Valais Film Commission\",\"isPartOf\":{\"@id\":\"https:\\\/\\\/valaisfilmcommission.ch\\\/de\\\/#website\"},\"primaryImageOfPage\":{\"@id\":\"https:\\\/\\\/valaisfilmcommission.ch\\\/de\\\/die-valais-film-commission-oeffnet-sich-noch-mehr-der-internationalen-buehne-indem-sie-am-mia-internationaler-markt-fuer-audiovisuelle-medien-teilnimmt\\\/#primaryimage\"},\"image\":{\"@id\":\"https:\\\/\\\/valaisfilmcommission.ch\\\/de\\\/die-valais-film-commission-oeffnet-sich-noch-mehr-der-internationalen-buehne-indem-sie-am-mia-internationaler-markt-fuer-audiovisuelle-medien-teilnimmt\\\/#primaryimage\"},\"thumbnailUrl\":\"https:\\\/\\\/valaisfilmcommission.ch\\\/wp-content\\\/uploads\\\/2024\\\/10\\\/Capture-decran-2024-10-24-a-16.09.50-2.png\",\"datePublished\":\"2024-10-24T14:30:10+00:00\",\"dateModified\":\"2024-10-24T14:36:58+00:00\",\"breadcrumb\":{\"@id\":\"https:\\\/\\\/valaisfilmcommission.ch\\\/de\\\/die-valais-film-commission-oeffnet-sich-noch-mehr-der-internationalen-buehne-indem-sie-am-mia-internationaler-markt-fuer-audiovisuelle-medien-teilnimmt\\\/#breadcrumb\"},\"inLanguage\":\"de\",\"potentialAction\":[{\"@type\":\"ReadAction\",\"target\":[\"https:\\\/\\\/valaisfilmcommission.ch\\\/de\\\/die-valais-film-commission-oeffnet-sich-noch-mehr-der-internationalen-buehne-indem-sie-am-mia-internationaler-markt-fuer-audiovisuelle-medien-teilnimmt\\\/\"]}]},{\"@type\":\"ImageObject\",\"inLanguage\":\"de\",\"@id\":\"https:\\\/\\\/valaisfilmcommission.ch\\\/de\\\/die-valais-film-commission-oeffnet-sich-noch-mehr-der-internationalen-buehne-indem-sie-am-mia-internationaler-markt-fuer-audiovisuelle-medien-teilnimmt\\\/#primaryimage\",\"url\":\"https:\\\/\\\/valaisfilmcommission.ch\\\/wp-content\\\/uploads\\\/2024\\\/10\\\/Capture-decran-2024-10-24-a-16.09.50-2.png\",\"contentUrl\":\"https:\\\/\\\/valaisfilmcommission.ch\\\/wp-content\\\/uploads\\\/2024\\\/10\\\/Capture-decran-2024-10-24-a-16.09.50-2.png\",\"width\":1861,\"height\":1205},{\"@type\":\"BreadcrumbList\",\"@id\":\"https:\\\/\\\/valaisfilmcommission.ch\\\/de\\\/die-valais-film-commission-oeffnet-sich-noch-mehr-der-internationalen-buehne-indem-sie-am-mia-internationaler-markt-fuer-audiovisuelle-medien-teilnimmt\\\/#breadcrumb\",\"itemListElement\":[{\"@type\":\"ListItem\",\"position\":1,\"name\":\"Home\",\"item\":\"https:\\\/\\\/valaisfilmcommission.ch\\\/de\\\/\"},{\"@type\":\"ListItem\",\"position\":2,\"name\":\"Verschiedene\",\"item\":\"https:\\\/\\\/valaisfilmcommission.ch\\\/de\\\/category\\\/verschiedene\\\/\"},{\"@type\":\"ListItem\",\"position\":3,\"name\":\"Die Valais Film Commission \u00f6ffnet sich noch mehr der internationalen B\u00fchne, indem sie am MIA (Internationaler Markt f\u00fcr audiovisuelle Medien) teilnimmt.\"}]},{\"@type\":\"WebSite\",\"@id\":\"https:\\\/\\\/valaisfilmcommission.ch\\\/de\\\/#website\",\"url\":\"https:\\\/\\\/valaisfilmcommission.ch\\\/de\\\/\",\"name\":\"Valais Film Commission\",\"description\":\"Soutien de l&#039;audiovisuel en Valais\",\"publisher\":{\"@id\":\"https:\\\/\\\/valaisfilmcommission.ch\\\/de\\\/#organization\"},\"potentialAction\":[{\"@type\":\"SearchAction\",\"target\":{\"@type\":\"EntryPoint\",\"urlTemplate\":\"https:\\\/\\\/valaisfilmcommission.ch\\\/de\\\/?s={search_term_string}\"},\"query-input\":{\"@type\":\"PropertyValueSpecification\",\"valueRequired\":true,\"valueName\":\"search_term_string\"}}],\"inLanguage\":\"de\"},{\"@type\":\"Organization\",\"@id\":\"https:\\\/\\\/valaisfilmcommission.ch\\\/de\\\/#organization\",\"name\":\"Valais Film Commission\",\"url\":\"https:\\\/\\\/valaisfilmcommission.ch\\\/de\\\/\",\"logo\":{\"@type\":\"ImageObject\",\"inLanguage\":\"de\",\"@id\":\"https:\\\/\\\/valaisfilmcommission.ch\\\/de\\\/#\\\/schema\\\/logo\\\/image\\\/\",\"url\":\"https:\\\/\\\/valaisfilmcommission.ch\\\/wp-content\\\/uploads\\\/2020\\\/07\\\/Valais_FR.svg\",\"contentUrl\":\"https:\\\/\\\/valaisfilmcommission.ch\\\/wp-content\\\/uploads\\\/2020\\\/07\\\/Valais_FR.svg\",\"width\":1,\"height\":1,\"caption\":\"Valais Film Commission\"},\"image\":{\"@id\":\"https:\\\/\\\/valaisfilmcommission.ch\\\/de\\\/#\\\/schema\\\/logo\\\/image\\\/\"},\"sameAs\":[\"https:\\\/\\\/x.com\\\/ValaisFilmCom\",\"https:\\\/\\\/www.instagram.com\\\/valaisfilmcommission\\\/\"]},{\"@type\":\"Person\",\"@id\":\"https:\\\/\\\/valaisfilmcommission.ch\\\/de\\\/#\\\/schema\\\/person\\\/7cc678b12ca3f4768a0212c4eabb3c5b\",\"name\":\"Valais Film Commission\",\"image\":{\"@type\":\"ImageObject\",\"inLanguage\":\"de\",\"@id\":\"https:\\\/\\\/secure.gravatar.com\\\/avatar\\\/6a8365a52399b9c7e05a4a904406a5b6477d5597b3413118e04227ebbac9d24b?s=96&d=mm&r=g\",\"url\":\"https:\\\/\\\/secure.gravatar.com\\\/avatar\\\/6a8365a52399b9c7e05a4a904406a5b6477d5597b3413118e04227ebbac9d24b?s=96&d=mm&r=g\",\"contentUrl\":\"https:\\\/\\\/secure.gravatar.com\\\/avatar\\\/6a8365a52399b9c7e05a4a904406a5b6477d5597b3413118e04227ebbac9d24b?s=96&d=mm&r=g\",\"caption\":\"Valais Film Commission\"}}]}<\/script>\n<!-- \/ Yoast SEO plugin. -->","yoast_head_json":{"title":"Die Valais Film Commission \u00f6ffnet sich noch mehr der internationalen B\u00fchne, indem sie am MIA (Internationaler Markt f\u00fcr audiovisuelle Medien) teilnimmt. &#8211; Valais Film Commission","robots":{"index":"index","follow":"follow","max-snippet":"max-snippet:-1","max-image-preview":"max-image-preview:large","max-video-preview":"max-video-preview:-1"},"canonical":"https:\/\/valaisfilmcommission.ch\/de\/die-valais-film-commission-oeffnet-sich-noch-mehr-der-internationalen-buehne-indem-sie-am-mia-internationaler-markt-fuer-audiovisuelle-medien-teilnimmt\/","og_locale":"de_DE","og_type":"article","og_title":"Die Valais Film Commission \u00f6ffnet sich noch mehr der internationalen B\u00fchne, indem sie am MIA (Internationaler Markt f\u00fcr audiovisuelle Medien) teilnimmt. &#8211; Valais Film Commission","og_description":"Im Oktober hatte die Valais Film Commission das Vergn\u00fcgen, nach Rom zum MIA zu reisen, um internationale Kontakte mit Fachleuten zu kn\u00fcpfen und die Serie Winter Palace begleiten, die als eine von sechs High-End-Serien zum GREENLit-Showcase eingeladen wurden. Im Anschluss an den Showcase organisierte die Valais Film Commission zusammen mit SWISS FILMS, der Ticino Film [&hellip;]","og_url":"https:\/\/valaisfilmcommission.ch\/de\/die-valais-film-commission-oeffnet-sich-noch-mehr-der-internationalen-buehne-indem-sie-am-mia-internationaler-markt-fuer-audiovisuelle-medien-teilnimmt\/","og_site_name":"Valais Film Commission","article_published_time":"2024-10-24T14:30:10+00:00","article_modified_time":"2024-10-24T14:36:58+00:00","og_image":[{"width":1024,"height":663,"url":"https:\/\/valaisfilmcommission.ch\/wp-content\/uploads\/2024\/10\/Capture-decran-2024-10-24-a-16.09.50-2-1024x663.png","type":"image\/png"}],"author":"Valais Film Commission","twitter_card":"summary_large_image","twitter_creator":"@ValaisFilmCom","twitter_site":"@ValaisFilmCom","twitter_misc":{"Verfasst von":"Valais Film Commission","Gesch\u00e4tzte Lesezeit":"1\u00a0Minute"},"schema":{"@context":"https:\/\/schema.org","@graph":[{"@type":"Article","@id":"https:\/\/valaisfilmcommission.ch\/de\/die-valais-film-commission-oeffnet-sich-noch-mehr-der-internationalen-buehne-indem-sie-am-mia-internationaler-markt-fuer-audiovisuelle-medien-teilnimmt\/#article","isPartOf":{"@id":"https:\/\/valaisfilmcommission.ch\/de\/die-valais-film-commission-oeffnet-sich-noch-mehr-der-internationalen-buehne-indem-sie-am-mia-internationaler-markt-fuer-audiovisuelle-medien-teilnimmt\/"},"author":{"name":"Valais Film Commission","@id":"https:\/\/valaisfilmcommission.ch\/de\/#\/schema\/person\/7cc678b12ca3f4768a0212c4eabb3c5b"},"headline":"Die Valais Film Commission \u00f6ffnet sich noch mehr der internationalen B\u00fchne, indem sie am MIA (Internationaler Markt f\u00fcr audiovisuelle Medien) teilnimmt.","datePublished":"2024-10-24T14:30:10+00:00","dateModified":"2024-10-24T14:36:58+00:00","mainEntityOfPage":{"@id":"https:\/\/valaisfilmcommission.ch\/de\/die-valais-film-commission-oeffnet-sich-noch-mehr-der-internationalen-buehne-indem-sie-am-mia-internationaler-markt-fuer-audiovisuelle-medien-teilnimmt\/"},"wordCount":115,"publisher":{"@id":"https:\/\/valaisfilmcommission.ch\/de\/#organization"},"image":{"@id":"https:\/\/valaisfilmcommission.ch\/de\/die-valais-film-commission-oeffnet-sich-noch-mehr-der-internationalen-buehne-indem-sie-am-mia-internationaler-markt-fuer-audiovisuelle-medien-teilnimmt\/#primaryimage"},"thumbnailUrl":"https:\/\/valaisfilmcommission.ch\/wp-content\/uploads\/2024\/10\/Capture-decran-2024-10-24-a-16.09.50-2.png","articleSection":["Verschiedene"],"inLanguage":"de"},{"@type":"WebPage","@id":"https:\/\/valaisfilmcommission.ch\/de\/die-valais-film-commission-oeffnet-sich-noch-mehr-der-internationalen-buehne-indem-sie-am-mia-internationaler-markt-fuer-audiovisuelle-medien-teilnimmt\/","url":"https:\/\/valaisfilmcommission.ch\/de\/die-valais-film-commission-oeffnet-sich-noch-mehr-der-internationalen-buehne-indem-sie-am-mia-internationaler-markt-fuer-audiovisuelle-medien-teilnimmt\/","name":"Die Valais Film Commission \u00f6ffnet sich noch mehr der internationalen B\u00fchne, indem sie am MIA (Internationaler Markt f\u00fcr audiovisuelle Medien) teilnimmt. &#8211; Valais Film Commission","isPartOf":{"@id":"https:\/\/valaisfilmcommission.ch\/de\/#website"},"primaryImageOfPage":{"@id":"https:\/\/valaisfilmcommission.ch\/de\/die-valais-film-commission-oeffnet-sich-noch-mehr-der-internationalen-buehne-indem-sie-am-mia-internationaler-markt-fuer-audiovisuelle-medien-teilnimmt\/#primaryimage"},"image":{"@id":"https:\/\/valaisfilmcommission.ch\/de\/die-valais-film-commission-oeffnet-sich-noch-mehr-der-internationalen-buehne-indem-sie-am-mia-internationaler-markt-fuer-audiovisuelle-medien-teilnimmt\/#primaryimage"},"thumbnailUrl":"https:\/\/valaisfilmcommission.ch\/wp-content\/uploads\/2024\/10\/Capture-decran-2024-10-24-a-16.09.50-2.png","datePublished":"2024-10-24T14:30:10+00:00","dateModified":"2024-10-24T14:36:58+00:00","breadcrumb":{"@id":"https:\/\/valaisfilmcommission.ch\/de\/die-valais-film-commission-oeffnet-sich-noch-mehr-der-internationalen-buehne-indem-sie-am-mia-internationaler-markt-fuer-audiovisuelle-medien-teilnimmt\/#breadcrumb"},"inLanguage":"de","potentialAction":[{"@type":"ReadAction","target":["https:\/\/valaisfilmcommission.ch\/de\/die-valais-film-commission-oeffnet-sich-noch-mehr-der-internationalen-buehne-indem-sie-am-mia-internationaler-markt-fuer-audiovisuelle-medien-teilnimmt\/"]}]},{"@type":"ImageObject","inLanguage":"de","@id":"https:\/\/valaisfilmcommission.ch\/de\/die-valais-film-commission-oeffnet-sich-noch-mehr-der-internationalen-buehne-indem-sie-am-mia-internationaler-markt-fuer-audiovisuelle-medien-teilnimmt\/#primaryimage","url":"https:\/\/valaisfilmcommission.ch\/wp-content\/uploads\/2024\/10\/Capture-decran-2024-10-24-a-16.09.50-2.png","contentUrl":"https:\/\/valaisfilmcommission.ch\/wp-content\/uploads\/2024\/10\/Capture-decran-2024-10-24-a-16.09.50-2.png","width":1861,"height":1205},{"@type":"BreadcrumbList","@id":"https:\/\/valaisfilmcommission.ch\/de\/die-valais-film-commission-oeffnet-sich-noch-mehr-der-internationalen-buehne-indem-sie-am-mia-internationaler-markt-fuer-audiovisuelle-medien-teilnimmt\/#breadcrumb","itemListElement":[{"@type":"ListItem","position":1,"name":"Home","item":"https:\/\/valaisfilmcommission.ch\/de\/"},{"@type":"ListItem","position":2,"name":"Verschiedene","item":"https:\/\/valaisfilmcommission.ch\/de\/category\/verschiedene\/"},{"@type":"ListItem","position":3,"name":"Die Valais Film Commission \u00f6ffnet sich noch mehr der internationalen B\u00fchne, indem sie am MIA (Internationaler Markt f\u00fcr audiovisuelle Medien) teilnimmt."}]},{"@type":"WebSite","@id":"https:\/\/valaisfilmcommission.ch\/de\/#website","url":"https:\/\/valaisfilmcommission.ch\/de\/","name":"Valais Film Commission","description":"Soutien de l&#039;audiovisuel en Valais","publisher":{"@id":"https:\/\/valaisfilmcommission.ch\/de\/#organization"},"potentialAction":[{"@type":"SearchAction","target":{"@type":"EntryPoint","urlTemplate":"https:\/\/valaisfilmcommission.ch\/de\/?s={search_term_string}"},"query-input":{"@type":"PropertyValueSpecification","valueRequired":true,"valueName":"search_term_string"}}],"inLanguage":"de"},{"@type":"Organization","@id":"https:\/\/valaisfilmcommission.ch\/de\/#organization","name":"Valais Film Commission","url":"https:\/\/valaisfilmcommission.ch\/de\/","logo":{"@type":"ImageObject","inLanguage":"de","@id":"https:\/\/valaisfilmcommission.ch\/de\/#\/schema\/logo\/image\/","url":"https:\/\/valaisfilmcommission.ch\/wp-content\/uploads\/2020\/07\/Valais_FR.svg","contentUrl":"https:\/\/valaisfilmcommission.ch\/wp-content\/uploads\/2020\/07\/Valais_FR.svg","width":1,"height":1,"caption":"Valais Film Commission"},"image":{"@id":"https:\/\/valaisfilmcommission.ch\/de\/#\/schema\/logo\/image\/"},"sameAs":["https:\/\/x.com\/ValaisFilmCom","https:\/\/www.instagram.com\/valaisfilmcommission\/"]},{"@type":"Person","@id":"https:\/\/valaisfilmcommission.ch\/de\/#\/schema\/person\/7cc678b12ca3f4768a0212c4eabb3c5b","name":"Valais Film Commission","image":{"@type":"ImageObject","inLanguage":"de","@id":"https:\/\/secure.gravatar.com\/avatar\/6a8365a52399b9c7e05a4a904406a5b6477d5597b3413118e04227ebbac9d24b?s=96&d=mm&r=g","url":"https:\/\/secure.gravatar.com\/avatar\/6a8365a52399b9c7e05a4a904406a5b6477d5597b3413118e04227ebbac9d24b?s=96&d=mm&r=g","contentUrl":"https:\/\/secure.gravatar.com\/avatar\/6a8365a52399b9c7e05a4a904406a5b6477d5597b3413118e04227ebbac9d24b?s=96&d=mm&r=g","caption":"Valais Film Commission"}}]}},"_links":{"self":[{"href":"https:\/\/valaisfilmcommission.ch\/de\/wp-json\/wp\/v2\/posts\/9998","targetHints":{"allow":["GET"]}}],"collection":[{"href":"https:\/\/valaisfilmcommission.ch\/de\/wp-json\/wp\/v2\/posts"}],"about":[{"href":"https:\/\/valaisfilmcommission.ch\/de\/wp-json\/wp\/v2\/types\/post"}],"author":[{"embeddable":true,"href":"https:\/\/valaisfilmcommission.ch\/de\/wp-json\/wp\/v2\/users\/14"}],"replies":[{"embeddable":true,"href":"https:\/\/valaisfilmcommission.ch\/de\/wp-json\/wp\/v2\/comments?post=9998"}],"version-history":[{"count":2,"href":"https:\/\/valaisfilmcommission.ch\/de\/wp-json\/wp\/v2\/posts\/9998\/revisions"}],"predecessor-version":[{"id":10016,"href":"https:\/\/valaisfilmcommission.ch\/de\/wp-json\/wp\/v2\/posts\/9998\/revisions\/10016"}],"wp:featuredmedia":[{"embeddable":true,"href":"https:\/\/valaisfilmcommission.ch\/de\/wp-json\/wp\/v2\/media\/9999"}],"wp:attachment":[{"href":"https:\/\/valaisfilmcommission.ch\/de\/wp-json\/wp\/v2\/media?parent=9998"}],"wp:term":[{"taxonomy":"category","embeddable":true,"href":"https:\/\/valaisfilmcommission.ch\/de\/wp-json\/wp\/v2\/categories?post=9998"},{"taxonomy":"post_tag","embeddable":true,"href":"https:\/\/valaisfilmcommission.ch\/de\/wp-json\/wp\/v2\/tags?post=9998"}],"curies":[{"name":"wp","href":"https:\/\/api.w.org\/{rel}","templated":true}]}}