{"id":8850,"date":"2023-12-12T11:22:11","date_gmt":"2023-12-12T10:22:11","guid":{"rendered":"https:\/\/valaisfilmcommission.ch\/?p=8850"},"modified":"2023-12-12T11:24:19","modified_gmt":"2023-12-12T10:24:19","slug":"netflix-kommt-ins-wallis","status":"publish","type":"post","link":"https:\/\/valaisfilmcommission.ch\/de\/netflix-kommt-ins-wallis\/","title":{"rendered":"Netflix kommt ins Wallis."},"content":{"rendered":"\n<h2 class=\"wp-block-heading\"><strong><strong>Winter Palace \u2013 die im Wallis gedrehte Netflix-Serie.<\/strong><\/strong><\/h2>\n\n\n\n<p>Winter Palace, so lautet der Titel der Serie, die Anfang 2024 im Kanton Wallis gedreht werden soll. Eine einmalige Gelegenheit, das Wallis als Drehort auf internationaler Ebene zu positionieren. Nach intensiver Recherche \u2013 im Fachjargon \u00abScouting\u00bb genannt \u2013 fiel die Wahl der Drehorte auf das Simplon Hospiz, das Binntal und das Schloss Mercier in Sierre.<\/p>\n\n\n\n<ul class=\"wp-block-list\">\n<li><a href=\"https:\/\/valaisfilmcommission.ch\/de\/filmkulissen\/\">Filmkulissen<\/a><\/li>\n<\/ul>\n\n\n\n<p>Diese Koproduktion von Netflix, RTS und Point Prod ist eine Premiere. Bis Ende 2024 werden acht 45-min\u00fctige Episoden erscheinen.<\/p>\n\n\n\n<h2 class=\"wp-block-heading\"><strong><strong><strong>Winter Palace \u2013 Synopsis.<\/strong><\/strong><\/strong><\/h2>\n\n\n\n<p>Wir schreiben das Jahr 1899. Die Winter sind hart und das Leben in den Bergen aufgrund der extremen Wetterbedingungen streng. Dennoch geht der Hotelier Andr\u00e9 Morel im Sp\u00e4tsommer desselben Jahres das Risiko ein, einen F\u00fcnf-Sterne-Palast w\u00e4hrend der gesamten Wintersaison zu \u00f6ffnen. Das markiert die Anf\u00e4nge des Luxustourismus in den Alpen. Eine Geschichte reich an Abenteuern, die verspricht, ihr Publikum zu fesseln.<\/p>\n\n\n\n<p>Lindsay Shapero hat die Serie geschrieben, w\u00e4hrend RTS, Point Prod und Oble Studios diese entwickeln. Regie f\u00fchrt der Freiburger Pierre Monnard.<\/p>\n\n\n\n<figure class=\"wp-block-image size-large\"><img fetchpriority=\"high\" decoding=\"async\" width=\"1024\" height=\"576\" src=\"https:\/\/valaisfilmcommission.ch\/wp-content\/uploads\/2023\/12\/Winter-Palace-image-RTS-1024x576.png\" alt=\"Winter Palace Netflix Wallis\" class=\"wp-image-8840\" srcset=\"https:\/\/valaisfilmcommission.ch\/wp-content\/uploads\/2023\/12\/Winter-Palace-image-RTS-1024x576.png 1024w, https:\/\/valaisfilmcommission.ch\/wp-content\/uploads\/2023\/12\/Winter-Palace-image-RTS-300x169.png 300w, https:\/\/valaisfilmcommission.ch\/wp-content\/uploads\/2023\/12\/Winter-Palace-image-RTS-768x432.png 768w, https:\/\/valaisfilmcommission.ch\/wp-content\/uploads\/2023\/12\/Winter-Palace-image-RTS.png 1280w\" sizes=\"(max-width: 1024px) 100vw, 1024px\" \/><figcaption class=\"wp-element-caption\">\u00a9 Bild : RTS<\/figcaption><\/figure>\n\n\n\n<h2 class=\"wp-block-heading\"><strong><strong>Die Valais Film Commission VFC kommt ins Spiel.<\/strong><\/strong><\/h2>\n\n\n\n<p>Die VFC freut sich, dieses Netflix-Projekt seit den ersten Sichtungen im Wallis zu unterst\u00fctzen. Insbesondere bei der Suche nach Kulissen, der Vermittlung von lokalen Beh\u00f6rden und Privatpersonen sowie durch gezielte Kommunikation.<\/p>\n\n\n\n<p>\u00abDiese Serie wird das Wallis und seine Landschaften einem internationalen Publikum bekannt machen,\u00bb sagt Patric Zenklusen, Film Commissioner bei der VFC.<\/p>\n\n\n\n<h2 class=\"wp-block-heading\"><strong>Lex Netflix.<\/strong><\/h2>\n\n\n\n<p>Zur Erinnerung: Im Mai 2022 hat die Schweiz die Lex Netflix angenommen. Ein Gesetz, das Streaming-Plattformen dazu verpflichtet, mindestens vier Prozent ihrer inl\u00e4ndischen Einnahmen in die Schweizer Filmproduktion zu investieren.<\/p>\n","protected":false},"excerpt":{"rendered":"<p>Winter Palace, so lautet der Titel der Netflix-Serie, die Anfang 2024 im Kanton Wallis gedreht werden soll.<\/p>\n","protected":false},"author":14,"featured_media":8842,"comment_status":"closed","ping_status":"open","sticky":false,"template":"","format":"standard","meta":{"_acf_changed":false,"footnotes":""},"categories":[13],"tags":[],"class_list":["post-8850","post","type-post","status-publish","format-standard","has-post-thumbnail","hentry","category-verschiedene"],"acf":[],"yoast_head":"<!-- This site is optimized with the Yoast SEO plugin v27.5 - https:\/\/yoast.com\/product\/yoast-seo-wordpress\/ -->\n<title>Netflix kommt ins Wallis. &#8211; Valais Film Commission<\/title>\n<meta name=\"description\" content=\"Winter Palace, so lautet der Titel der Netflix-Serie, die Anfang 2024 im Kanton Wallis gedreht werden soll.\" \/>\n<meta name=\"robots\" content=\"index, follow, max-snippet:-1, max-image-preview:large, max-video-preview:-1\" \/>\n<link rel=\"canonical\" href=\"https:\/\/valaisfilmcommission.ch\/de\/netflix-kommt-ins-wallis\/\" \/>\n<meta property=\"og:locale\" content=\"de_DE\" \/>\n<meta property=\"og:type\" content=\"article\" \/>\n<meta property=\"og:title\" content=\"Netflix kommt ins Wallis. &#8211; Valais Film Commission\" \/>\n<meta property=\"og:description\" content=\"Winter Palace, so lautet der Titel der Netflix-Serie, die Anfang 2024 im Kanton Wallis gedreht werden soll.\" \/>\n<meta property=\"og:url\" content=\"https:\/\/valaisfilmcommission.ch\/de\/netflix-kommt-ins-wallis\/\" \/>\n<meta property=\"og:site_name\" content=\"Valais Film Commission\" \/>\n<meta property=\"article:published_time\" content=\"2023-12-12T10:22:11+00:00\" \/>\n<meta property=\"article:modified_time\" content=\"2023-12-12T10:24:19+00:00\" \/>\n<meta property=\"og:image\" content=\"https:\/\/valaisfilmcommission.ch\/wp-content\/uploads\/2023\/12\/Winter-Palace-image-RTS.png\" \/>\n\t<meta property=\"og:image:width\" content=\"1280\" \/>\n\t<meta property=\"og:image:height\" content=\"720\" \/>\n\t<meta property=\"og:image:type\" content=\"image\/png\" \/>\n<meta name=\"author\" content=\"Valais Film Commission\" \/>\n<meta name=\"twitter:card\" content=\"summary_large_image\" \/>\n<meta name=\"twitter:creator\" content=\"@ValaisFilmCom\" \/>\n<meta name=\"twitter:site\" content=\"@ValaisFilmCom\" \/>\n<meta name=\"twitter:label1\" content=\"Verfasst von\" \/>\n\t<meta name=\"twitter:data1\" content=\"Valais Film Commission\" \/>\n\t<meta name=\"twitter:label2\" content=\"Gesch\u00e4tzte Lesezeit\" \/>\n\t<meta name=\"twitter:data2\" content=\"2\u00a0Minuten\" \/>\n<script type=\"application\/ld+json\" class=\"yoast-schema-graph\">{\"@context\":\"https:\\\/\\\/schema.org\",\"@graph\":[{\"@type\":\"Article\",\"@id\":\"https:\\\/\\\/valaisfilmcommission.ch\\\/de\\\/netflix-kommt-ins-wallis\\\/#article\",\"isPartOf\":{\"@id\":\"https:\\\/\\\/valaisfilmcommission.ch\\\/de\\\/netflix-kommt-ins-wallis\\\/\"},\"author\":{\"name\":\"Valais Film Commission\",\"@id\":\"https:\\\/\\\/valaisfilmcommission.ch\\\/de\\\/#\\\/schema\\\/person\\\/7cc678b12ca3f4768a0212c4eabb3c5b\"},\"headline\":\"Netflix kommt ins Wallis.\",\"datePublished\":\"2023-12-12T10:22:11+00:00\",\"dateModified\":\"2023-12-12T10:24:19+00:00\",\"mainEntityOfPage\":{\"@id\":\"https:\\\/\\\/valaisfilmcommission.ch\\\/de\\\/netflix-kommt-ins-wallis\\\/\"},\"wordCount\":269,\"publisher\":{\"@id\":\"https:\\\/\\\/valaisfilmcommission.ch\\\/de\\\/#organization\"},\"image\":{\"@id\":\"https:\\\/\\\/valaisfilmcommission.ch\\\/de\\\/netflix-kommt-ins-wallis\\\/#primaryimage\"},\"thumbnailUrl\":\"https:\\\/\\\/valaisfilmcommission.ch\\\/wp-content\\\/uploads\\\/2023\\\/12\\\/Winter-Palace-image-RTS.png\",\"articleSection\":[\"Verschiedene\"],\"inLanguage\":\"de\"},{\"@type\":\"WebPage\",\"@id\":\"https:\\\/\\\/valaisfilmcommission.ch\\\/de\\\/netflix-kommt-ins-wallis\\\/\",\"url\":\"https:\\\/\\\/valaisfilmcommission.ch\\\/de\\\/netflix-kommt-ins-wallis\\\/\",\"name\":\"Netflix kommt ins Wallis. &#8211; Valais Film Commission\",\"isPartOf\":{\"@id\":\"https:\\\/\\\/valaisfilmcommission.ch\\\/de\\\/#website\"},\"primaryImageOfPage\":{\"@id\":\"https:\\\/\\\/valaisfilmcommission.ch\\\/de\\\/netflix-kommt-ins-wallis\\\/#primaryimage\"},\"image\":{\"@id\":\"https:\\\/\\\/valaisfilmcommission.ch\\\/de\\\/netflix-kommt-ins-wallis\\\/#primaryimage\"},\"thumbnailUrl\":\"https:\\\/\\\/valaisfilmcommission.ch\\\/wp-content\\\/uploads\\\/2023\\\/12\\\/Winter-Palace-image-RTS.png\",\"datePublished\":\"2023-12-12T10:22:11+00:00\",\"dateModified\":\"2023-12-12T10:24:19+00:00\",\"description\":\"Winter Palace, so lautet der Titel der Netflix-Serie, die Anfang 2024 im Kanton Wallis gedreht werden soll.\",\"breadcrumb\":{\"@id\":\"https:\\\/\\\/valaisfilmcommission.ch\\\/de\\\/netflix-kommt-ins-wallis\\\/#breadcrumb\"},\"inLanguage\":\"de\",\"potentialAction\":[{\"@type\":\"ReadAction\",\"target\":[\"https:\\\/\\\/valaisfilmcommission.ch\\\/de\\\/netflix-kommt-ins-wallis\\\/\"]}]},{\"@type\":\"ImageObject\",\"inLanguage\":\"de\",\"@id\":\"https:\\\/\\\/valaisfilmcommission.ch\\\/de\\\/netflix-kommt-ins-wallis\\\/#primaryimage\",\"url\":\"https:\\\/\\\/valaisfilmcommission.ch\\\/wp-content\\\/uploads\\\/2023\\\/12\\\/Winter-Palace-image-RTS.png\",\"contentUrl\":\"https:\\\/\\\/valaisfilmcommission.ch\\\/wp-content\\\/uploads\\\/2023\\\/12\\\/Winter-Palace-image-RTS.png\",\"width\":1280,\"height\":720,\"caption\":\"Winter Palace Netflix Valais\"},{\"@type\":\"BreadcrumbList\",\"@id\":\"https:\\\/\\\/valaisfilmcommission.ch\\\/de\\\/netflix-kommt-ins-wallis\\\/#breadcrumb\",\"itemListElement\":[{\"@type\":\"ListItem\",\"position\":1,\"name\":\"Home\",\"item\":\"https:\\\/\\\/valaisfilmcommission.ch\\\/de\\\/\"},{\"@type\":\"ListItem\",\"position\":2,\"name\":\"Verschiedene\",\"item\":\"https:\\\/\\\/valaisfilmcommission.ch\\\/de\\\/category\\\/verschiedene\\\/\"},{\"@type\":\"ListItem\",\"position\":3,\"name\":\"Netflix kommt ins Wallis.\"}]},{\"@type\":\"WebSite\",\"@id\":\"https:\\\/\\\/valaisfilmcommission.ch\\\/de\\\/#website\",\"url\":\"https:\\\/\\\/valaisfilmcommission.ch\\\/de\\\/\",\"name\":\"Valais Film Commission\",\"description\":\"Soutien de l&#039;audiovisuel en Valais\",\"publisher\":{\"@id\":\"https:\\\/\\\/valaisfilmcommission.ch\\\/de\\\/#organization\"},\"potentialAction\":[{\"@type\":\"SearchAction\",\"target\":{\"@type\":\"EntryPoint\",\"urlTemplate\":\"https:\\\/\\\/valaisfilmcommission.ch\\\/de\\\/?s={search_term_string}\"},\"query-input\":{\"@type\":\"PropertyValueSpecification\",\"valueRequired\":true,\"valueName\":\"search_term_string\"}}],\"inLanguage\":\"de\"},{\"@type\":\"Organization\",\"@id\":\"https:\\\/\\\/valaisfilmcommission.ch\\\/de\\\/#organization\",\"name\":\"Valais Film Commission\",\"url\":\"https:\\\/\\\/valaisfilmcommission.ch\\\/de\\\/\",\"logo\":{\"@type\":\"ImageObject\",\"inLanguage\":\"de\",\"@id\":\"https:\\\/\\\/valaisfilmcommission.ch\\\/de\\\/#\\\/schema\\\/logo\\\/image\\\/\",\"url\":\"https:\\\/\\\/valaisfilmcommission.ch\\\/wp-content\\\/uploads\\\/2020\\\/07\\\/Valais_FR.svg\",\"contentUrl\":\"https:\\\/\\\/valaisfilmcommission.ch\\\/wp-content\\\/uploads\\\/2020\\\/07\\\/Valais_FR.svg\",\"width\":1,\"height\":1,\"caption\":\"Valais Film Commission\"},\"image\":{\"@id\":\"https:\\\/\\\/valaisfilmcommission.ch\\\/de\\\/#\\\/schema\\\/logo\\\/image\\\/\"},\"sameAs\":[\"https:\\\/\\\/x.com\\\/ValaisFilmCom\",\"https:\\\/\\\/www.instagram.com\\\/valaisfilmcommission\\\/\"]},{\"@type\":\"Person\",\"@id\":\"https:\\\/\\\/valaisfilmcommission.ch\\\/de\\\/#\\\/schema\\\/person\\\/7cc678b12ca3f4768a0212c4eabb3c5b\",\"name\":\"Valais Film Commission\",\"image\":{\"@type\":\"ImageObject\",\"inLanguage\":\"de\",\"@id\":\"https:\\\/\\\/secure.gravatar.com\\\/avatar\\\/6a8365a52399b9c7e05a4a904406a5b6477d5597b3413118e04227ebbac9d24b?s=96&d=mm&r=g\",\"url\":\"https:\\\/\\\/secure.gravatar.com\\\/avatar\\\/6a8365a52399b9c7e05a4a904406a5b6477d5597b3413118e04227ebbac9d24b?s=96&d=mm&r=g\",\"contentUrl\":\"https:\\\/\\\/secure.gravatar.com\\\/avatar\\\/6a8365a52399b9c7e05a4a904406a5b6477d5597b3413118e04227ebbac9d24b?s=96&d=mm&r=g\",\"caption\":\"Valais Film Commission\"}}]}<\/script>\n<!-- \/ Yoast SEO plugin. -->","yoast_head_json":{"title":"Netflix kommt ins Wallis. &#8211; Valais Film Commission","description":"Winter Palace, so lautet der Titel der Netflix-Serie, die Anfang 2024 im Kanton Wallis gedreht werden soll.","robots":{"index":"index","follow":"follow","max-snippet":"max-snippet:-1","max-image-preview":"max-image-preview:large","max-video-preview":"max-video-preview:-1"},"canonical":"https:\/\/valaisfilmcommission.ch\/de\/netflix-kommt-ins-wallis\/","og_locale":"de_DE","og_type":"article","og_title":"Netflix kommt ins Wallis. &#8211; Valais Film Commission","og_description":"Winter Palace, so lautet der Titel der Netflix-Serie, die Anfang 2024 im Kanton Wallis gedreht werden soll.","og_url":"https:\/\/valaisfilmcommission.ch\/de\/netflix-kommt-ins-wallis\/","og_site_name":"Valais Film Commission","article_published_time":"2023-12-12T10:22:11+00:00","article_modified_time":"2023-12-12T10:24:19+00:00","og_image":[{"width":1280,"height":720,"url":"https:\/\/valaisfilmcommission.ch\/wp-content\/uploads\/2023\/12\/Winter-Palace-image-RTS.png","type":"image\/png"}],"author":"Valais Film Commission","twitter_card":"summary_large_image","twitter_creator":"@ValaisFilmCom","twitter_site":"@ValaisFilmCom","twitter_misc":{"Verfasst von":"Valais Film Commission","Gesch\u00e4tzte Lesezeit":"2\u00a0Minuten"},"schema":{"@context":"https:\/\/schema.org","@graph":[{"@type":"Article","@id":"https:\/\/valaisfilmcommission.ch\/de\/netflix-kommt-ins-wallis\/#article","isPartOf":{"@id":"https:\/\/valaisfilmcommission.ch\/de\/netflix-kommt-ins-wallis\/"},"author":{"name":"Valais Film Commission","@id":"https:\/\/valaisfilmcommission.ch\/de\/#\/schema\/person\/7cc678b12ca3f4768a0212c4eabb3c5b"},"headline":"Netflix kommt ins Wallis.","datePublished":"2023-12-12T10:22:11+00:00","dateModified":"2023-12-12T10:24:19+00:00","mainEntityOfPage":{"@id":"https:\/\/valaisfilmcommission.ch\/de\/netflix-kommt-ins-wallis\/"},"wordCount":269,"publisher":{"@id":"https:\/\/valaisfilmcommission.ch\/de\/#organization"},"image":{"@id":"https:\/\/valaisfilmcommission.ch\/de\/netflix-kommt-ins-wallis\/#primaryimage"},"thumbnailUrl":"https:\/\/valaisfilmcommission.ch\/wp-content\/uploads\/2023\/12\/Winter-Palace-image-RTS.png","articleSection":["Verschiedene"],"inLanguage":"de"},{"@type":"WebPage","@id":"https:\/\/valaisfilmcommission.ch\/de\/netflix-kommt-ins-wallis\/","url":"https:\/\/valaisfilmcommission.ch\/de\/netflix-kommt-ins-wallis\/","name":"Netflix kommt ins Wallis. &#8211; Valais Film Commission","isPartOf":{"@id":"https:\/\/valaisfilmcommission.ch\/de\/#website"},"primaryImageOfPage":{"@id":"https:\/\/valaisfilmcommission.ch\/de\/netflix-kommt-ins-wallis\/#primaryimage"},"image":{"@id":"https:\/\/valaisfilmcommission.ch\/de\/netflix-kommt-ins-wallis\/#primaryimage"},"thumbnailUrl":"https:\/\/valaisfilmcommission.ch\/wp-content\/uploads\/2023\/12\/Winter-Palace-image-RTS.png","datePublished":"2023-12-12T10:22:11+00:00","dateModified":"2023-12-12T10:24:19+00:00","description":"Winter Palace, so lautet der Titel der Netflix-Serie, die Anfang 2024 im Kanton Wallis gedreht werden soll.","breadcrumb":{"@id":"https:\/\/valaisfilmcommission.ch\/de\/netflix-kommt-ins-wallis\/#breadcrumb"},"inLanguage":"de","potentialAction":[{"@type":"ReadAction","target":["https:\/\/valaisfilmcommission.ch\/de\/netflix-kommt-ins-wallis\/"]}]},{"@type":"ImageObject","inLanguage":"de","@id":"https:\/\/valaisfilmcommission.ch\/de\/netflix-kommt-ins-wallis\/#primaryimage","url":"https:\/\/valaisfilmcommission.ch\/wp-content\/uploads\/2023\/12\/Winter-Palace-image-RTS.png","contentUrl":"https:\/\/valaisfilmcommission.ch\/wp-content\/uploads\/2023\/12\/Winter-Palace-image-RTS.png","width":1280,"height":720,"caption":"Winter Palace Netflix Valais"},{"@type":"BreadcrumbList","@id":"https:\/\/valaisfilmcommission.ch\/de\/netflix-kommt-ins-wallis\/#breadcrumb","itemListElement":[{"@type":"ListItem","position":1,"name":"Home","item":"https:\/\/valaisfilmcommission.ch\/de\/"},{"@type":"ListItem","position":2,"name":"Verschiedene","item":"https:\/\/valaisfilmcommission.ch\/de\/category\/verschiedene\/"},{"@type":"ListItem","position":3,"name":"Netflix kommt ins Wallis."}]},{"@type":"WebSite","@id":"https:\/\/valaisfilmcommission.ch\/de\/#website","url":"https:\/\/valaisfilmcommission.ch\/de\/","name":"Valais Film Commission","description":"Soutien de l&#039;audiovisuel en Valais","publisher":{"@id":"https:\/\/valaisfilmcommission.ch\/de\/#organization"},"potentialAction":[{"@type":"SearchAction","target":{"@type":"EntryPoint","urlTemplate":"https:\/\/valaisfilmcommission.ch\/de\/?s={search_term_string}"},"query-input":{"@type":"PropertyValueSpecification","valueRequired":true,"valueName":"search_term_string"}}],"inLanguage":"de"},{"@type":"Organization","@id":"https:\/\/valaisfilmcommission.ch\/de\/#organization","name":"Valais Film Commission","url":"https:\/\/valaisfilmcommission.ch\/de\/","logo":{"@type":"ImageObject","inLanguage":"de","@id":"https:\/\/valaisfilmcommission.ch\/de\/#\/schema\/logo\/image\/","url":"https:\/\/valaisfilmcommission.ch\/wp-content\/uploads\/2020\/07\/Valais_FR.svg","contentUrl":"https:\/\/valaisfilmcommission.ch\/wp-content\/uploads\/2020\/07\/Valais_FR.svg","width":1,"height":1,"caption":"Valais Film Commission"},"image":{"@id":"https:\/\/valaisfilmcommission.ch\/de\/#\/schema\/logo\/image\/"},"sameAs":["https:\/\/x.com\/ValaisFilmCom","https:\/\/www.instagram.com\/valaisfilmcommission\/"]},{"@type":"Person","@id":"https:\/\/valaisfilmcommission.ch\/de\/#\/schema\/person\/7cc678b12ca3f4768a0212c4eabb3c5b","name":"Valais Film Commission","image":{"@type":"ImageObject","inLanguage":"de","@id":"https:\/\/secure.gravatar.com\/avatar\/6a8365a52399b9c7e05a4a904406a5b6477d5597b3413118e04227ebbac9d24b?s=96&d=mm&r=g","url":"https:\/\/secure.gravatar.com\/avatar\/6a8365a52399b9c7e05a4a904406a5b6477d5597b3413118e04227ebbac9d24b?s=96&d=mm&r=g","contentUrl":"https:\/\/secure.gravatar.com\/avatar\/6a8365a52399b9c7e05a4a904406a5b6477d5597b3413118e04227ebbac9d24b?s=96&d=mm&r=g","caption":"Valais Film Commission"}}]}},"_links":{"self":[{"href":"https:\/\/valaisfilmcommission.ch\/de\/wp-json\/wp\/v2\/posts\/8850","targetHints":{"allow":["GET"]}}],"collection":[{"href":"https:\/\/valaisfilmcommission.ch\/de\/wp-json\/wp\/v2\/posts"}],"about":[{"href":"https:\/\/valaisfilmcommission.ch\/de\/wp-json\/wp\/v2\/types\/post"}],"author":[{"embeddable":true,"href":"https:\/\/valaisfilmcommission.ch\/de\/wp-json\/wp\/v2\/users\/14"}],"replies":[{"embeddable":true,"href":"https:\/\/valaisfilmcommission.ch\/de\/wp-json\/wp\/v2\/comments?post=8850"}],"version-history":[{"count":4,"href":"https:\/\/valaisfilmcommission.ch\/de\/wp-json\/wp\/v2\/posts\/8850\/revisions"}],"predecessor-version":[{"id":8854,"href":"https:\/\/valaisfilmcommission.ch\/de\/wp-json\/wp\/v2\/posts\/8850\/revisions\/8854"}],"wp:featuredmedia":[{"embeddable":true,"href":"https:\/\/valaisfilmcommission.ch\/de\/wp-json\/wp\/v2\/media\/8842"}],"wp:attachment":[{"href":"https:\/\/valaisfilmcommission.ch\/de\/wp-json\/wp\/v2\/media?parent=8850"}],"wp:term":[{"taxonomy":"category","embeddable":true,"href":"https:\/\/valaisfilmcommission.ch\/de\/wp-json\/wp\/v2\/categories?post=8850"},{"taxonomy":"post_tag","embeddable":true,"href":"https:\/\/valaisfilmcommission.ch\/de\/wp-json\/wp\/v2\/tags?post=8850"}],"curies":[{"name":"wp","href":"https:\/\/api.w.org\/{rel}","templated":true}]}}