{"id":8305,"date":"2023-05-16T10:56:35","date_gmt":"2023-05-16T08:56:35","guid":{"rendered":"https:\/\/valaisfilmcommission.ch\/?p=8305"},"modified":"2023-05-16T10:58:37","modified_gmt":"2023-05-16T08:58:37","slug":"medienmitteilung","status":"publish","type":"post","link":"https:\/\/valaisfilmcommission.ch\/de\/medienmitteilung\/","title":{"rendered":"Medienmitteilung &#8211; 16. Mai 2023"},"content":{"rendered":"\t\t<div data-elementor-type=\"wp-post\" data-elementor-id=\"8305\" class=\"elementor elementor-8305 elementor-8283\" data-elementor-post-type=\"post\">\n\t\t\t\t\t\t<section class=\"elementor-section elementor-top-section elementor-element elementor-element-546a530 elementor-section-boxed elementor-section-height-default elementor-section-height-default\" data-id=\"546a530\" data-element_type=\"section\" data-e-type=\"section\">\n\t\t\t\t\t\t<div class=\"elementor-container elementor-column-gap-default\">\n\t\t\t\t\t<div class=\"elementor-column elementor-col-100 elementor-top-column elementor-element elementor-element-b13b3e4\" data-id=\"b13b3e4\" data-element_type=\"column\" data-e-type=\"column\">\n\t\t\t<div class=\"elementor-widget-wrap elementor-element-populated\">\n\t\t\t\t\t\t<div class=\"elementor-element elementor-element-3a0fbe2 elementor-widget elementor-widget-heading\" data-id=\"3a0fbe2\" data-element_type=\"widget\" data-e-type=\"widget\" data-widget_type=\"heading.default\">\n\t\t\t\t<div class=\"elementor-widget-container\">\n\t\t\t\t\t<h2 class=\"elementor-heading-title elementor-size-default\">\u00abLaissez-moi\u00bb \u2013 der erste Film mit der Unterst\u00fctzung der Valais Film Commission feiert sein Deb\u00fct in Cannes.<\/h2>\t\t\t\t<\/div>\n\t\t\t\t<\/div>\n\t\t\t\t\t<\/div>\n\t\t<\/div>\n\t\t\t\t\t<\/div>\n\t\t<\/section>\n\t\t\t\t<section class=\"elementor-section elementor-top-section elementor-element elementor-element-87ce00b elementor-section-boxed elementor-section-height-default elementor-section-height-default\" data-id=\"87ce00b\" data-element_type=\"section\" data-e-type=\"section\">\n\t\t\t\t\t\t<div class=\"elementor-container elementor-column-gap-default\">\n\t\t\t\t\t<div class=\"elementor-column elementor-col-100 elementor-top-column elementor-element elementor-element-1d6959f\" data-id=\"1d6959f\" data-element_type=\"column\" data-e-type=\"column\">\n\t\t\t<div class=\"elementor-widget-wrap elementor-element-populated\">\n\t\t\t\t\t\t<div class=\"elementor-element elementor-element-bfede2c elementor-widget elementor-widget-text-editor\" data-id=\"bfede2c\" data-element_type=\"widget\" data-e-type=\"widget\" data-widget_type=\"text-editor.default\">\n\t\t\t\t<div class=\"elementor-widget-container\">\n\t\t\t\t\t\t\t\t\t<p>Sion, Dienstag, 16. Mai 2023<\/p><p><strong> Den ersten Film des Genfers Maxime Rappaz hat die GoldenEggProduction produziert und im Sommer letzten Jahres im Val d\u2019H\u00e9rens, im Val des Dix und Chablais gedreht. Diesen hat die ACID \u2013 Association du cin\u00e9ma ind\u00e9pendant pour sa diffusion \u2013 fu\u0308r die Nebensektion des Independent-Films ausgew\u00e4hlt.<\/strong><\/p>\t\t\t\t\t\t\t\t<\/div>\n\t\t\t\t<\/div>\n\t\t\t\t\t<\/div>\n\t\t<\/div>\n\t\t\t\t\t<\/div>\n\t\t<\/section>\n\t\t\t\t<section class=\"elementor-section elementor-top-section elementor-element elementor-element-a6464dd elementor-section-boxed elementor-section-height-default elementor-section-height-default\" data-id=\"a6464dd\" data-element_type=\"section\" data-e-type=\"section\">\n\t\t\t\t\t\t<div class=\"elementor-container elementor-column-gap-default\">\n\t\t\t\t\t<div class=\"elementor-column elementor-col-100 elementor-top-column elementor-element elementor-element-e960eed\" data-id=\"e960eed\" data-element_type=\"column\" data-e-type=\"column\">\n\t\t\t<div class=\"elementor-widget-wrap elementor-element-populated\">\n\t\t\t\t\t\t<div class=\"elementor-element elementor-element-00d9413 elementor-widget elementor-widget-text-editor\" data-id=\"00d9413\" data-element_type=\"widget\" data-e-type=\"widget\" data-widget_type=\"text-editor.default\">\n\t\t\t\t<div class=\"elementor-widget-container\">\n\t\t\t\t\t\t\t\t\t<p class=\"p1\"><strong>Das Wallis mit einem Auftritt in Cannes<\/strong><\/p><p align=\"justify\">Das Besondere an diesem ersten schweizerischen Spielfilm ist die Unterstu\u0308tzung durch die neue, dem Film im Wallis gewidmete Struktur. \u00abLaissez-moi\u00bb erz\u00e4hlt die Geschichte einer Frau \u2013 gespielt von Jeanne Balibar \u2013, die ihrer Realit\u00e4t entflieht, indem sie einmal in der Woche in einem Berghotel M\u00e4nner trifft, die auf der Durchreise sind. Bis zu dem Moment, als einer von ihnen \u2013 gespielt von Thomas Sarbacher \u2013 beschliesst, seinen Aufenthalt f\u00fcr sie zu verl\u00e4ngern. Der Filmdreh hat vollst\u00e4ndig im Wallis stattgefunden und stellt die Walliser Szenerie, die Landschaften der Region sowie die Orte in den T\u00e4lern ins Rampenlicht. Am 17. Mai findet die Weltpremiere statt, und am n\u00e4chsten Tag ist ein Abend in den Farben des Wallis geplant, um diese besondere Auswahl zu feiern.<\/p><p align=\"justify\">\u00abHiermit bietet sich eine tolle Gelegenheit, die vielen Gesichter des Wallis zu zeigen und die von der Valais Film Commission angebotenen \u00a0Dienstleistungen \u00a0zu pr\u00e4sentieren. Wir sind sehr stolz, dass wir zur Umsetzung dieses Projekts beitragen konnten, und freuen uns, dass der Film in Cannes ausgew\u00e4hlt worden ist\u00bb, sagt Tristan Albrecht, Valais Film Commissioner.<\/p><p align=\"justify\">Die schweizerisch-franz\u00f6sisch-belgische Koproduktion hat sich dadurch, dass die Dreharbeiten im Wallis stattgefunden haben, die finanzielle Unterst\u00fctzung der Valais Film Commission VFC gesichert. Deren Aufgabe ist es, schweizerische und internationale Dreharbeiten in die Region zu holen, um einen direkten und indirekten wirtschaftlichen Mehrwert zu schaffen, das Image des Wallis durch die Produktion und Schaffung von Filmen zu st\u00e4rken sowie die lokale Filmindustrie zu f\u00f6rdern. Die Valais Film Commission bietet als erste Institution in der Schweiz nicht nur logistische, administrative und\/oder k\u00fcnstlerische Unterst\u00fctzung, sondern auch einen sogenannten Cash Rebate. Dieser kann zwischen 15 und 35 Prozent f\u00fcr die Produktion von Spielfilmen, Animationen und Serien betragen, wenn nachweislich gewinnbringend im Wallis investiert wird. W\u00e4hrend es in vielen anderen L\u00e4ndern bereits ein solches System \u00a0gibt, ist dies in der Schweiz ein Novum, das das \u00a0dem Wallis einen einzigartigen Platz in der Westschweizer und nationalen Filmbranche widmet.<\/p><p class=\"p1\"><strong>Weitere Informationen:<\/strong><\/p><p class=\"p1\"><a href=\"https:\/\/valaisfilmcommission.ch\/de\/\">Valais Film Commission<\/a><\/p><p class=\"p1\"><a href=\"https:\/\/www.lacid.org\/\">ACID<\/a><\/p><p class=\"p1\"><a href=\"http:\/\/www.goldeneggproduction.ch\/\">GoldenEggProduction<\/a><\/p><p class=\"p1\"><strong>Kontakt<\/strong><\/p><h4 align=\"left\">Valais Film Commission<br \/>Medienstelle<br \/><a class=\"ms-outlook-linkify\" href=\"mailto:films@valais.ch\">films@valais.ch<\/a><br \/>027 327 36 12<\/h4>\t\t\t\t\t\t\t\t<\/div>\n\t\t\t\t<\/div>\n\t\t\t\t\t<\/div>\n\t\t<\/div>\n\t\t\t\t\t<\/div>\n\t\t<\/section>\n\t\t\t\t<section class=\"elementor-section elementor-top-section elementor-element elementor-element-769b8c3 elementor-section-boxed elementor-section-height-default elementor-section-height-default\" data-id=\"769b8c3\" data-element_type=\"section\" data-e-type=\"section\">\n\t\t\t\t\t\t<div class=\"elementor-container elementor-column-gap-default\">\n\t\t\t\t\t<div class=\"elementor-column elementor-col-100 elementor-top-column elementor-element elementor-element-5033a2d\" data-id=\"5033a2d\" data-element_type=\"column\" data-e-type=\"column\">\n\t\t\t<div class=\"elementor-widget-wrap elementor-element-populated\">\n\t\t\t\t\t\t<div class=\"elementor-element elementor-element-8fc17f2 elementor-widget elementor-widget-image\" data-id=\"8fc17f2\" data-element_type=\"widget\" data-e-type=\"widget\" data-widget_type=\"image.default\">\n\t\t\t\t<div class=\"elementor-widget-container\">\n\t\t\t\t\t\t\t\t\t\t\t\t\t\t\t<img fetchpriority=\"high\" decoding=\"async\" width=\"768\" height=\"768\" src=\"https:\/\/valaisfilmcommission.ch\/wp-content\/uploads\/2023\/05\/dw21batch2-mynt-01-card-768x768.jpg\" class=\"attachment-medium_large size-medium_large wp-image-8290\" alt=\"\" srcset=\"https:\/\/valaisfilmcommission.ch\/wp-content\/uploads\/2023\/05\/dw21batch2-mynt-01-card-768x768.jpg 768w, https:\/\/valaisfilmcommission.ch\/wp-content\/uploads\/2023\/05\/dw21batch2-mynt-01-card-300x300.jpg 300w, https:\/\/valaisfilmcommission.ch\/wp-content\/uploads\/2023\/05\/dw21batch2-mynt-01-card-1024x1024.jpg 1024w, https:\/\/valaisfilmcommission.ch\/wp-content\/uploads\/2023\/05\/dw21batch2-mynt-01-card-150x150.jpg 150w, https:\/\/valaisfilmcommission.ch\/wp-content\/uploads\/2023\/05\/dw21batch2-mynt-01-card-1536x1536.jpg 1536w, https:\/\/valaisfilmcommission.ch\/wp-content\/uploads\/2023\/05\/dw21batch2-mynt-01-card-2048x2048.jpg 2048w\" sizes=\"(max-width: 768px) 100vw, 768px\" \/>\t\t\t\t\t\t\t\t\t\t\t\t\t\t\t<\/div>\n\t\t\t\t<\/div>\n\t\t\t\t\t<\/div>\n\t\t<\/div>\n\t\t\t\t\t<\/div>\n\t\t<\/section>\n\t\t\t\t<\/div>\n\t\t","protected":false},"excerpt":{"rendered":"<p>\u00abLaissez-moi\u00bb \u2013 der erste Film mit der Unterst\u00fctzung der Valais Film Commission feiert sein Deb\u00fct in Cannes. Sion, Dienstag, 16. Mai 2023 Den ersten Film des Genfers Maxime Rappaz hat die GoldenEggProduction produziert und im Sommer letzten Jahres im Val d\u2019H\u00e9rens, im Val des Dix und Chablais gedreht. Diesen hat die ACID \u2013 Association du [&hellip;]<\/p>\n","protected":false},"author":14,"featured_media":8290,"comment_status":"closed","ping_status":"open","sticky":false,"template":"","format":"standard","meta":{"_acf_changed":false,"footnotes":""},"categories":[13],"tags":[],"class_list":["post-8305","post","type-post","status-publish","format-standard","has-post-thumbnail","hentry","category-verschiedene"],"acf":[],"yoast_head":"<!-- This site is optimized with the Yoast SEO plugin v27.5 - https:\/\/yoast.com\/product\/yoast-seo-wordpress\/ -->\n<title>Medienmitteilung - 16. Mai 2023 &#8211; Valais Film Commission<\/title>\n<meta name=\"robots\" content=\"index, follow, max-snippet:-1, max-image-preview:large, max-video-preview:-1\" \/>\n<link rel=\"canonical\" href=\"https:\/\/valaisfilmcommission.ch\/de\/medienmitteilung\/\" \/>\n<meta property=\"og:locale\" content=\"de_DE\" \/>\n<meta property=\"og:type\" content=\"article\" \/>\n<meta property=\"og:title\" content=\"Medienmitteilung - 16. Mai 2023 &#8211; Valais Film Commission\" \/>\n<meta property=\"og:description\" content=\"\u00abLaissez-moi\u00bb \u2013 der erste Film mit der Unterst\u00fctzung der Valais Film Commission feiert sein Deb\u00fct in Cannes. Sion, Dienstag, 16. Mai 2023 Den ersten Film des Genfers Maxime Rappaz hat die GoldenEggProduction produziert und im Sommer letzten Jahres im Val d\u2019H\u00e9rens, im Val des Dix und Chablais gedreht. Diesen hat die ACID \u2013 Association du [&hellip;]\" \/>\n<meta property=\"og:url\" content=\"https:\/\/valaisfilmcommission.ch\/de\/medienmitteilung\/\" \/>\n<meta property=\"og:site_name\" content=\"Valais Film Commission\" \/>\n<meta property=\"article:published_time\" content=\"2023-05-16T08:56:35+00:00\" \/>\n<meta property=\"article:modified_time\" content=\"2023-05-16T08:58:37+00:00\" \/>\n<meta property=\"og:image\" content=\"https:\/\/valaisfilmcommission.ch\/wp-content\/uploads\/2023\/05\/dw21batch2-mynt-01-card-scaled.jpg\" \/>\n\t<meta property=\"og:image:width\" content=\"2560\" \/>\n\t<meta property=\"og:image:height\" content=\"2560\" \/>\n\t<meta property=\"og:image:type\" content=\"image\/jpeg\" \/>\n<meta name=\"author\" content=\"Valais Film Commission\" \/>\n<meta name=\"twitter:card\" content=\"summary_large_image\" \/>\n<meta name=\"twitter:creator\" content=\"@ValaisFilmCom\" \/>\n<meta name=\"twitter:site\" content=\"@ValaisFilmCom\" \/>\n<meta name=\"twitter:label1\" content=\"Verfasst von\" \/>\n\t<meta name=\"twitter:data1\" content=\"Valais Film Commission\" \/>\n\t<meta name=\"twitter:label2\" content=\"Gesch\u00e4tzte Lesezeit\" \/>\n\t<meta name=\"twitter:data2\" content=\"3\u00a0Minuten\" \/>\n<script type=\"application\/ld+json\" class=\"yoast-schema-graph\">{\"@context\":\"https:\\\/\\\/schema.org\",\"@graph\":[{\"@type\":\"Article\",\"@id\":\"https:\\\/\\\/valaisfilmcommission.ch\\\/de\\\/medienmitteilung\\\/#article\",\"isPartOf\":{\"@id\":\"https:\\\/\\\/valaisfilmcommission.ch\\\/de\\\/medienmitteilung\\\/\"},\"author\":{\"name\":\"Valais Film Commission\",\"@id\":\"https:\\\/\\\/valaisfilmcommission.ch\\\/de\\\/#\\\/schema\\\/person\\\/7cc678b12ca3f4768a0212c4eabb3c5b\"},\"headline\":\"Medienmitteilung &#8211; 16. Mai 2023\",\"datePublished\":\"2023-05-16T08:56:35+00:00\",\"dateModified\":\"2023-05-16T08:58:37+00:00\",\"mainEntityOfPage\":{\"@id\":\"https:\\\/\\\/valaisfilmcommission.ch\\\/de\\\/medienmitteilung\\\/\"},\"wordCount\":430,\"publisher\":{\"@id\":\"https:\\\/\\\/valaisfilmcommission.ch\\\/de\\\/#organization\"},\"image\":{\"@id\":\"https:\\\/\\\/valaisfilmcommission.ch\\\/de\\\/medienmitteilung\\\/#primaryimage\"},\"thumbnailUrl\":\"https:\\\/\\\/valaisfilmcommission.ch\\\/wp-content\\\/uploads\\\/2023\\\/05\\\/dw21batch2-mynt-01-card-scaled.jpg\",\"articleSection\":[\"Verschiedene\"],\"inLanguage\":\"de\"},{\"@type\":\"WebPage\",\"@id\":\"https:\\\/\\\/valaisfilmcommission.ch\\\/de\\\/medienmitteilung\\\/\",\"url\":\"https:\\\/\\\/valaisfilmcommission.ch\\\/de\\\/medienmitteilung\\\/\",\"name\":\"Medienmitteilung - 16. Mai 2023 &#8211; Valais Film Commission\",\"isPartOf\":{\"@id\":\"https:\\\/\\\/valaisfilmcommission.ch\\\/de\\\/#website\"},\"primaryImageOfPage\":{\"@id\":\"https:\\\/\\\/valaisfilmcommission.ch\\\/de\\\/medienmitteilung\\\/#primaryimage\"},\"image\":{\"@id\":\"https:\\\/\\\/valaisfilmcommission.ch\\\/de\\\/medienmitteilung\\\/#primaryimage\"},\"thumbnailUrl\":\"https:\\\/\\\/valaisfilmcommission.ch\\\/wp-content\\\/uploads\\\/2023\\\/05\\\/dw21batch2-mynt-01-card-scaled.jpg\",\"datePublished\":\"2023-05-16T08:56:35+00:00\",\"dateModified\":\"2023-05-16T08:58:37+00:00\",\"breadcrumb\":{\"@id\":\"https:\\\/\\\/valaisfilmcommission.ch\\\/de\\\/medienmitteilung\\\/#breadcrumb\"},\"inLanguage\":\"de\",\"potentialAction\":[{\"@type\":\"ReadAction\",\"target\":[\"https:\\\/\\\/valaisfilmcommission.ch\\\/de\\\/medienmitteilung\\\/\"]}]},{\"@type\":\"ImageObject\",\"inLanguage\":\"de\",\"@id\":\"https:\\\/\\\/valaisfilmcommission.ch\\\/de\\\/medienmitteilung\\\/#primaryimage\",\"url\":\"https:\\\/\\\/valaisfilmcommission.ch\\\/wp-content\\\/uploads\\\/2023\\\/05\\\/dw21batch2-mynt-01-card-scaled.jpg\",\"contentUrl\":\"https:\\\/\\\/valaisfilmcommission.ch\\\/wp-content\\\/uploads\\\/2023\\\/05\\\/dw21batch2-mynt-01-card-scaled.jpg\",\"width\":2560,\"height\":2560,\"caption\":\"Vintage mechanical typewriter drawing vector\"},{\"@type\":\"BreadcrumbList\",\"@id\":\"https:\\\/\\\/valaisfilmcommission.ch\\\/de\\\/medienmitteilung\\\/#breadcrumb\",\"itemListElement\":[{\"@type\":\"ListItem\",\"position\":1,\"name\":\"Home\",\"item\":\"https:\\\/\\\/valaisfilmcommission.ch\\\/de\\\/\"},{\"@type\":\"ListItem\",\"position\":2,\"name\":\"Verschiedene\",\"item\":\"https:\\\/\\\/valaisfilmcommission.ch\\\/de\\\/category\\\/verschiedene\\\/\"},{\"@type\":\"ListItem\",\"position\":3,\"name\":\"Medienmitteilung &#8211; 16. Mai 2023\"}]},{\"@type\":\"WebSite\",\"@id\":\"https:\\\/\\\/valaisfilmcommission.ch\\\/de\\\/#website\",\"url\":\"https:\\\/\\\/valaisfilmcommission.ch\\\/de\\\/\",\"name\":\"Valais Film Commission\",\"description\":\"Soutien de l&#039;audiovisuel en Valais\",\"publisher\":{\"@id\":\"https:\\\/\\\/valaisfilmcommission.ch\\\/de\\\/#organization\"},\"potentialAction\":[{\"@type\":\"SearchAction\",\"target\":{\"@type\":\"EntryPoint\",\"urlTemplate\":\"https:\\\/\\\/valaisfilmcommission.ch\\\/de\\\/?s={search_term_string}\"},\"query-input\":{\"@type\":\"PropertyValueSpecification\",\"valueRequired\":true,\"valueName\":\"search_term_string\"}}],\"inLanguage\":\"de\"},{\"@type\":\"Organization\",\"@id\":\"https:\\\/\\\/valaisfilmcommission.ch\\\/de\\\/#organization\",\"name\":\"Valais Film Commission\",\"url\":\"https:\\\/\\\/valaisfilmcommission.ch\\\/de\\\/\",\"logo\":{\"@type\":\"ImageObject\",\"inLanguage\":\"de\",\"@id\":\"https:\\\/\\\/valaisfilmcommission.ch\\\/de\\\/#\\\/schema\\\/logo\\\/image\\\/\",\"url\":\"https:\\\/\\\/valaisfilmcommission.ch\\\/wp-content\\\/uploads\\\/2020\\\/07\\\/Valais_FR.svg\",\"contentUrl\":\"https:\\\/\\\/valaisfilmcommission.ch\\\/wp-content\\\/uploads\\\/2020\\\/07\\\/Valais_FR.svg\",\"width\":1,\"height\":1,\"caption\":\"Valais Film Commission\"},\"image\":{\"@id\":\"https:\\\/\\\/valaisfilmcommission.ch\\\/de\\\/#\\\/schema\\\/logo\\\/image\\\/\"},\"sameAs\":[\"https:\\\/\\\/x.com\\\/ValaisFilmCom\",\"https:\\\/\\\/www.instagram.com\\\/valaisfilmcommission\\\/\"]},{\"@type\":\"Person\",\"@id\":\"https:\\\/\\\/valaisfilmcommission.ch\\\/de\\\/#\\\/schema\\\/person\\\/7cc678b12ca3f4768a0212c4eabb3c5b\",\"name\":\"Valais Film Commission\",\"image\":{\"@type\":\"ImageObject\",\"inLanguage\":\"de\",\"@id\":\"https:\\\/\\\/secure.gravatar.com\\\/avatar\\\/6a8365a52399b9c7e05a4a904406a5b6477d5597b3413118e04227ebbac9d24b?s=96&d=mm&r=g\",\"url\":\"https:\\\/\\\/secure.gravatar.com\\\/avatar\\\/6a8365a52399b9c7e05a4a904406a5b6477d5597b3413118e04227ebbac9d24b?s=96&d=mm&r=g\",\"contentUrl\":\"https:\\\/\\\/secure.gravatar.com\\\/avatar\\\/6a8365a52399b9c7e05a4a904406a5b6477d5597b3413118e04227ebbac9d24b?s=96&d=mm&r=g\",\"caption\":\"Valais Film Commission\"}}]}<\/script>\n<!-- \/ Yoast SEO plugin. -->","yoast_head_json":{"title":"Medienmitteilung - 16. Mai 2023 &#8211; Valais Film Commission","robots":{"index":"index","follow":"follow","max-snippet":"max-snippet:-1","max-image-preview":"max-image-preview:large","max-video-preview":"max-video-preview:-1"},"canonical":"https:\/\/valaisfilmcommission.ch\/de\/medienmitteilung\/","og_locale":"de_DE","og_type":"article","og_title":"Medienmitteilung - 16. Mai 2023 &#8211; Valais Film Commission","og_description":"\u00abLaissez-moi\u00bb \u2013 der erste Film mit der Unterst\u00fctzung der Valais Film Commission feiert sein Deb\u00fct in Cannes. Sion, Dienstag, 16. Mai 2023 Den ersten Film des Genfers Maxime Rappaz hat die GoldenEggProduction produziert und im Sommer letzten Jahres im Val d\u2019H\u00e9rens, im Val des Dix und Chablais gedreht. Diesen hat die ACID \u2013 Association du [&hellip;]","og_url":"https:\/\/valaisfilmcommission.ch\/de\/medienmitteilung\/","og_site_name":"Valais Film Commission","article_published_time":"2023-05-16T08:56:35+00:00","article_modified_time":"2023-05-16T08:58:37+00:00","og_image":[{"width":2560,"height":2560,"url":"https:\/\/valaisfilmcommission.ch\/wp-content\/uploads\/2023\/05\/dw21batch2-mynt-01-card-scaled.jpg","type":"image\/jpeg"}],"author":"Valais Film Commission","twitter_card":"summary_large_image","twitter_creator":"@ValaisFilmCom","twitter_site":"@ValaisFilmCom","twitter_misc":{"Verfasst von":"Valais Film Commission","Gesch\u00e4tzte Lesezeit":"3\u00a0Minuten"},"schema":{"@context":"https:\/\/schema.org","@graph":[{"@type":"Article","@id":"https:\/\/valaisfilmcommission.ch\/de\/medienmitteilung\/#article","isPartOf":{"@id":"https:\/\/valaisfilmcommission.ch\/de\/medienmitteilung\/"},"author":{"name":"Valais Film Commission","@id":"https:\/\/valaisfilmcommission.ch\/de\/#\/schema\/person\/7cc678b12ca3f4768a0212c4eabb3c5b"},"headline":"Medienmitteilung &#8211; 16. Mai 2023","datePublished":"2023-05-16T08:56:35+00:00","dateModified":"2023-05-16T08:58:37+00:00","mainEntityOfPage":{"@id":"https:\/\/valaisfilmcommission.ch\/de\/medienmitteilung\/"},"wordCount":430,"publisher":{"@id":"https:\/\/valaisfilmcommission.ch\/de\/#organization"},"image":{"@id":"https:\/\/valaisfilmcommission.ch\/de\/medienmitteilung\/#primaryimage"},"thumbnailUrl":"https:\/\/valaisfilmcommission.ch\/wp-content\/uploads\/2023\/05\/dw21batch2-mynt-01-card-scaled.jpg","articleSection":["Verschiedene"],"inLanguage":"de"},{"@type":"WebPage","@id":"https:\/\/valaisfilmcommission.ch\/de\/medienmitteilung\/","url":"https:\/\/valaisfilmcommission.ch\/de\/medienmitteilung\/","name":"Medienmitteilung - 16. Mai 2023 &#8211; Valais Film Commission","isPartOf":{"@id":"https:\/\/valaisfilmcommission.ch\/de\/#website"},"primaryImageOfPage":{"@id":"https:\/\/valaisfilmcommission.ch\/de\/medienmitteilung\/#primaryimage"},"image":{"@id":"https:\/\/valaisfilmcommission.ch\/de\/medienmitteilung\/#primaryimage"},"thumbnailUrl":"https:\/\/valaisfilmcommission.ch\/wp-content\/uploads\/2023\/05\/dw21batch2-mynt-01-card-scaled.jpg","datePublished":"2023-05-16T08:56:35+00:00","dateModified":"2023-05-16T08:58:37+00:00","breadcrumb":{"@id":"https:\/\/valaisfilmcommission.ch\/de\/medienmitteilung\/#breadcrumb"},"inLanguage":"de","potentialAction":[{"@type":"ReadAction","target":["https:\/\/valaisfilmcommission.ch\/de\/medienmitteilung\/"]}]},{"@type":"ImageObject","inLanguage":"de","@id":"https:\/\/valaisfilmcommission.ch\/de\/medienmitteilung\/#primaryimage","url":"https:\/\/valaisfilmcommission.ch\/wp-content\/uploads\/2023\/05\/dw21batch2-mynt-01-card-scaled.jpg","contentUrl":"https:\/\/valaisfilmcommission.ch\/wp-content\/uploads\/2023\/05\/dw21batch2-mynt-01-card-scaled.jpg","width":2560,"height":2560,"caption":"Vintage mechanical typewriter drawing vector"},{"@type":"BreadcrumbList","@id":"https:\/\/valaisfilmcommission.ch\/de\/medienmitteilung\/#breadcrumb","itemListElement":[{"@type":"ListItem","position":1,"name":"Home","item":"https:\/\/valaisfilmcommission.ch\/de\/"},{"@type":"ListItem","position":2,"name":"Verschiedene","item":"https:\/\/valaisfilmcommission.ch\/de\/category\/verschiedene\/"},{"@type":"ListItem","position":3,"name":"Medienmitteilung &#8211; 16. Mai 2023"}]},{"@type":"WebSite","@id":"https:\/\/valaisfilmcommission.ch\/de\/#website","url":"https:\/\/valaisfilmcommission.ch\/de\/","name":"Valais Film Commission","description":"Soutien de l&#039;audiovisuel en Valais","publisher":{"@id":"https:\/\/valaisfilmcommission.ch\/de\/#organization"},"potentialAction":[{"@type":"SearchAction","target":{"@type":"EntryPoint","urlTemplate":"https:\/\/valaisfilmcommission.ch\/de\/?s={search_term_string}"},"query-input":{"@type":"PropertyValueSpecification","valueRequired":true,"valueName":"search_term_string"}}],"inLanguage":"de"},{"@type":"Organization","@id":"https:\/\/valaisfilmcommission.ch\/de\/#organization","name":"Valais Film Commission","url":"https:\/\/valaisfilmcommission.ch\/de\/","logo":{"@type":"ImageObject","inLanguage":"de","@id":"https:\/\/valaisfilmcommission.ch\/de\/#\/schema\/logo\/image\/","url":"https:\/\/valaisfilmcommission.ch\/wp-content\/uploads\/2020\/07\/Valais_FR.svg","contentUrl":"https:\/\/valaisfilmcommission.ch\/wp-content\/uploads\/2020\/07\/Valais_FR.svg","width":1,"height":1,"caption":"Valais Film Commission"},"image":{"@id":"https:\/\/valaisfilmcommission.ch\/de\/#\/schema\/logo\/image\/"},"sameAs":["https:\/\/x.com\/ValaisFilmCom","https:\/\/www.instagram.com\/valaisfilmcommission\/"]},{"@type":"Person","@id":"https:\/\/valaisfilmcommission.ch\/de\/#\/schema\/person\/7cc678b12ca3f4768a0212c4eabb3c5b","name":"Valais Film Commission","image":{"@type":"ImageObject","inLanguage":"de","@id":"https:\/\/secure.gravatar.com\/avatar\/6a8365a52399b9c7e05a4a904406a5b6477d5597b3413118e04227ebbac9d24b?s=96&d=mm&r=g","url":"https:\/\/secure.gravatar.com\/avatar\/6a8365a52399b9c7e05a4a904406a5b6477d5597b3413118e04227ebbac9d24b?s=96&d=mm&r=g","contentUrl":"https:\/\/secure.gravatar.com\/avatar\/6a8365a52399b9c7e05a4a904406a5b6477d5597b3413118e04227ebbac9d24b?s=96&d=mm&r=g","caption":"Valais Film Commission"}}]}},"_links":{"self":[{"href":"https:\/\/valaisfilmcommission.ch\/de\/wp-json\/wp\/v2\/posts\/8305","targetHints":{"allow":["GET"]}}],"collection":[{"href":"https:\/\/valaisfilmcommission.ch\/de\/wp-json\/wp\/v2\/posts"}],"about":[{"href":"https:\/\/valaisfilmcommission.ch\/de\/wp-json\/wp\/v2\/types\/post"}],"author":[{"embeddable":true,"href":"https:\/\/valaisfilmcommission.ch\/de\/wp-json\/wp\/v2\/users\/14"}],"replies":[{"embeddable":true,"href":"https:\/\/valaisfilmcommission.ch\/de\/wp-json\/wp\/v2\/comments?post=8305"}],"version-history":[{"count":19,"href":"https:\/\/valaisfilmcommission.ch\/de\/wp-json\/wp\/v2\/posts\/8305\/revisions"}],"predecessor-version":[{"id":8331,"href":"https:\/\/valaisfilmcommission.ch\/de\/wp-json\/wp\/v2\/posts\/8305\/revisions\/8331"}],"wp:featuredmedia":[{"embeddable":true,"href":"https:\/\/valaisfilmcommission.ch\/de\/wp-json\/wp\/v2\/media\/8290"}],"wp:attachment":[{"href":"https:\/\/valaisfilmcommission.ch\/de\/wp-json\/wp\/v2\/media?parent=8305"}],"wp:term":[{"taxonomy":"category","embeddable":true,"href":"https:\/\/valaisfilmcommission.ch\/de\/wp-json\/wp\/v2\/categories?post=8305"},{"taxonomy":"post_tag","embeddable":true,"href":"https:\/\/valaisfilmcommission.ch\/de\/wp-json\/wp\/v2\/tags?post=8305"}],"curies":[{"name":"wp","href":"https:\/\/api.w.org\/{rel}","templated":true}]}}