{"id":10431,"date":"2025-06-16T11:15:22","date_gmt":"2025-06-16T09:15:22","guid":{"rendered":"https:\/\/valaisfilmcommission.ch\/?p=10431"},"modified":"2025-06-16T11:15:24","modified_gmt":"2025-06-16T09:15:24","slug":"minderheitskoproduktionen-ein-strategisches-instrument-zur-internationalen-attraktivitaet","status":"publish","type":"post","link":"https:\/\/valaisfilmcommission.ch\/de\/minderheitskoproduktionen-ein-strategisches-instrument-zur-internationalen-attraktivitaet\/","title":{"rendered":"Minderheitskoproduktionen: Ein strategisches Instrument zur internationalen Attraktivit\u00e4t."},"content":{"rendered":"\n<p>Im Rahmen ihres Auftrags zur Aufwertung der Region und zur Unterst\u00fctzung der lokalen Wirtschaft engagiert sich die Valais Film Commission (VFC) aktiv in der Entwicklung internationaler Produktionen, darunter auch Minderheitskoproduktionen mit Schweizer Beteiligung. Solche Projekte stellen ein strategisches Mittel dar, um internationale Dreharbeiten anzuziehen und konkrete Mehrwerte f\u00fcr die Region zu schaffen.<\/p>\n\n\n\n<p><strong>Was ist eine Minderheitskoproduktion?<\/strong><\/p>\n\n\n\n<p>Bei einer Minderheitskoproduktion tritt die Schweiz als nicht-mehrheitlicher Partner auf \u2013 finanziell, k\u00fcnstlerisch oder logistisch. Das bedeutet, dass die Projektinitiative in der Regel aus dem Ausland stammt, die Schweiz jedoch \u00fcber lokale Produzenten eine (minderheitliche) finanzielle Beteiligung leistet und gleichzeitig Drehorte, logistische Unterst\u00fctzung oder schweizerisches Know-how (z.\u202fB. Techniker) einbringt.<\/p>\n\n\n\n<p>Solche Projekte erm\u00f6glichen es Schweizer Produzenten, sich in \u00fcberwiegend europ\u00e4ischen Produktionsnetzwerken zu positionieren und f\u00f6rdern die grenz\u00fcberschreitende Verbreitung von Werken.<\/p>\n\n\n\n<p><strong>Zwei konkrete Beispiele: \u00abEurotrash\u00bb und \u00abJ\u2019oublierai ton nom\u00bb<\/strong><\/p>\n\n\n\n<p>Die Filme \u00abEurotrash<em>\u00bb<\/em>\u00a0(eine schweizerisch-deutsche Koproduktion) von Frauke Finsterwalder und\u00a0<em>\u00ab<\/em>J\u2019oublierai ton nom<em>\u00bb<\/em>(eine schweizerisch-franz\u00f6sische Koproduktion) von Yann Gonzalez veranschaulichen diese Dynamik. Beide haben den Kanton Wallis als Drehort einbezogen und best\u00e4tigen damit die F\u00e4higkeit der Region, anspruchsvolle Projekte aufzunehmen und gleichzeitig die Vielfalt ihrer Infrastruktur und technischen Kompetenzen zu pr\u00e4sentieren.<\/p>\n\n\n\n<p><strong>Ein Motor f\u00fcr die Wirtschaft und Sichtbarkeit des Wallis<\/strong><\/p>\n\n\n\n<p>Mit der Unterst\u00fctzung solcher Projekte tr\u00e4gt die VFC nicht nur zur wirtschaftlichen Belebung der Region bei (\u00dcbernachtungen, Gastronomie, Transport, lokale Fachkr\u00e4fte), sondern auch zur internationalen Sichtbarkeit des Wallis. Minderheitskoproduktionen verbinden somit kulturelle Wirkung mit wirtschaftlichem Nutzen und verankern das Wallis in den professionellen Netzwerken des europ\u00e4ischen Kinos.<\/p>\n\n\n\n<p><\/p>\n\n\n\n<figure class=\"wp-block-image size-large\"><img fetchpriority=\"high\" decoding=\"async\" width=\"461\" height=\"1024\" src=\"https:\/\/valaisfilmcommission.ch\/wp-content\/uploads\/2025\/06\/WhatsApp-Image-2025-06-16-at-10.49.12-2-461x1024.jpeg\" alt=\"\" class=\"wp-image-10432\" srcset=\"https:\/\/valaisfilmcommission.ch\/wp-content\/uploads\/2025\/06\/WhatsApp-Image-2025-06-16-at-10.49.12-2-461x1024.jpeg 461w, https:\/\/valaisfilmcommission.ch\/wp-content\/uploads\/2025\/06\/WhatsApp-Image-2025-06-16-at-10.49.12-2-135x300.jpeg 135w, https:\/\/valaisfilmcommission.ch\/wp-content\/uploads\/2025\/06\/WhatsApp-Image-2025-06-16-at-10.49.12-2-691x1536.jpeg 691w, https:\/\/valaisfilmcommission.ch\/wp-content\/uploads\/2025\/06\/WhatsApp-Image-2025-06-16-at-10.49.12-2.jpeg 720w\" sizes=\"(max-width: 461px) 100vw, 461px\" \/><\/figure>\n","protected":false},"excerpt":{"rendered":"<p>Im Rahmen ihres Auftrags zur Aufwertung der Region und zur Unterst\u00fctzung der lokalen Wirtschaft engagiert sich die Valais Film Commission (VFC) aktiv in der Entwicklung internationaler Produktionen, darunter auch Minderheitskoproduktionen mit Schweizer Beteiligung. Solche Projekte stellen ein strategisches Mittel dar, um internationale Dreharbeiten anzuziehen und konkrete Mehrwerte f\u00fcr die Region zu schaffen. Was ist eine [&hellip;]<\/p>\n","protected":false},"author":14,"featured_media":10432,"comment_status":"closed","ping_status":"open","sticky":false,"template":"","format":"standard","meta":{"_acf_changed":false,"footnotes":""},"categories":[13],"tags":[],"class_list":["post-10431","post","type-post","status-publish","format-standard","has-post-thumbnail","hentry","category-verschiedene"],"acf":[],"yoast_head":"<!-- This site is optimized with the Yoast SEO plugin v27.5 - https:\/\/yoast.com\/product\/yoast-seo-wordpress\/ -->\n<title>Minderheitskoproduktionen: Ein strategisches Instrument zur internationalen Attraktivit\u00e4t. &#8211; Valais Film Commission<\/title>\n<meta name=\"robots\" content=\"index, follow, max-snippet:-1, max-image-preview:large, max-video-preview:-1\" \/>\n<link rel=\"canonical\" href=\"https:\/\/valaisfilmcommission.ch\/de\/minderheitskoproduktionen-ein-strategisches-instrument-zur-internationalen-attraktivitaet\/\" \/>\n<meta property=\"og:locale\" content=\"de_DE\" \/>\n<meta property=\"og:type\" content=\"article\" \/>\n<meta property=\"og:title\" content=\"Minderheitskoproduktionen: Ein strategisches Instrument zur internationalen Attraktivit\u00e4t. &#8211; Valais Film Commission\" \/>\n<meta property=\"og:description\" content=\"Im Rahmen ihres Auftrags zur Aufwertung der Region und zur Unterst\u00fctzung der lokalen Wirtschaft engagiert sich die Valais Film Commission (VFC) aktiv in der Entwicklung internationaler Produktionen, darunter auch Minderheitskoproduktionen mit Schweizer Beteiligung. Solche Projekte stellen ein strategisches Mittel dar, um internationale Dreharbeiten anzuziehen und konkrete Mehrwerte f\u00fcr die Region zu schaffen. Was ist eine [&hellip;]\" \/>\n<meta property=\"og:url\" content=\"https:\/\/valaisfilmcommission.ch\/de\/minderheitskoproduktionen-ein-strategisches-instrument-zur-internationalen-attraktivitaet\/\" \/>\n<meta property=\"og:site_name\" content=\"Valais Film Commission\" \/>\n<meta property=\"article:published_time\" content=\"2025-06-16T09:15:22+00:00\" \/>\n<meta property=\"article:modified_time\" content=\"2025-06-16T09:15:24+00:00\" \/>\n<meta property=\"og:image\" content=\"https:\/\/valaisfilmcommission.ch\/wp-content\/uploads\/2025\/06\/WhatsApp-Image-2025-06-16-at-10.49.12-2.jpeg\" \/>\n\t<meta property=\"og:image:width\" content=\"720\" \/>\n\t<meta property=\"og:image:height\" content=\"1600\" \/>\n\t<meta property=\"og:image:type\" content=\"image\/jpeg\" \/>\n<meta name=\"author\" content=\"Valais Film Commission\" \/>\n<meta name=\"twitter:card\" content=\"summary_large_image\" \/>\n<meta name=\"twitter:creator\" content=\"@ValaisFilmCom\" \/>\n<meta name=\"twitter:site\" content=\"@ValaisFilmCom\" \/>\n<meta name=\"twitter:label1\" content=\"Verfasst von\" \/>\n\t<meta name=\"twitter:data1\" content=\"Valais Film Commission\" \/>\n\t<meta name=\"twitter:label2\" content=\"Gesch\u00e4tzte Lesezeit\" \/>\n\t<meta name=\"twitter:data2\" content=\"2\u00a0Minuten\" \/>\n<script type=\"application\/ld+json\" class=\"yoast-schema-graph\">{\"@context\":\"https:\\\/\\\/schema.org\",\"@graph\":[{\"@type\":\"Article\",\"@id\":\"https:\\\/\\\/valaisfilmcommission.ch\\\/de\\\/minderheitskoproduktionen-ein-strategisches-instrument-zur-internationalen-attraktivitaet\\\/#article\",\"isPartOf\":{\"@id\":\"https:\\\/\\\/valaisfilmcommission.ch\\\/de\\\/minderheitskoproduktionen-ein-strategisches-instrument-zur-internationalen-attraktivitaet\\\/\"},\"author\":{\"name\":\"Valais Film Commission\",\"@id\":\"https:\\\/\\\/valaisfilmcommission.ch\\\/de\\\/#\\\/schema\\\/person\\\/7cc678b12ca3f4768a0212c4eabb3c5b\"},\"headline\":\"Minderheitskoproduktionen: Ein strategisches Instrument zur internationalen Attraktivit\u00e4t.\",\"datePublished\":\"2025-06-16T09:15:22+00:00\",\"dateModified\":\"2025-06-16T09:15:24+00:00\",\"mainEntityOfPage\":{\"@id\":\"https:\\\/\\\/valaisfilmcommission.ch\\\/de\\\/minderheitskoproduktionen-ein-strategisches-instrument-zur-internationalen-attraktivitaet\\\/\"},\"wordCount\":267,\"publisher\":{\"@id\":\"https:\\\/\\\/valaisfilmcommission.ch\\\/de\\\/#organization\"},\"image\":{\"@id\":\"https:\\\/\\\/valaisfilmcommission.ch\\\/de\\\/minderheitskoproduktionen-ein-strategisches-instrument-zur-internationalen-attraktivitaet\\\/#primaryimage\"},\"thumbnailUrl\":\"https:\\\/\\\/valaisfilmcommission.ch\\\/wp-content\\\/uploads\\\/2025\\\/06\\\/WhatsApp-Image-2025-06-16-at-10.49.12-2.jpeg\",\"articleSection\":[\"Verschiedene\"],\"inLanguage\":\"de\"},{\"@type\":\"WebPage\",\"@id\":\"https:\\\/\\\/valaisfilmcommission.ch\\\/de\\\/minderheitskoproduktionen-ein-strategisches-instrument-zur-internationalen-attraktivitaet\\\/\",\"url\":\"https:\\\/\\\/valaisfilmcommission.ch\\\/de\\\/minderheitskoproduktionen-ein-strategisches-instrument-zur-internationalen-attraktivitaet\\\/\",\"name\":\"Minderheitskoproduktionen: Ein strategisches Instrument zur internationalen Attraktivit\u00e4t. &#8211; Valais Film Commission\",\"isPartOf\":{\"@id\":\"https:\\\/\\\/valaisfilmcommission.ch\\\/de\\\/#website\"},\"primaryImageOfPage\":{\"@id\":\"https:\\\/\\\/valaisfilmcommission.ch\\\/de\\\/minderheitskoproduktionen-ein-strategisches-instrument-zur-internationalen-attraktivitaet\\\/#primaryimage\"},\"image\":{\"@id\":\"https:\\\/\\\/valaisfilmcommission.ch\\\/de\\\/minderheitskoproduktionen-ein-strategisches-instrument-zur-internationalen-attraktivitaet\\\/#primaryimage\"},\"thumbnailUrl\":\"https:\\\/\\\/valaisfilmcommission.ch\\\/wp-content\\\/uploads\\\/2025\\\/06\\\/WhatsApp-Image-2025-06-16-at-10.49.12-2.jpeg\",\"datePublished\":\"2025-06-16T09:15:22+00:00\",\"dateModified\":\"2025-06-16T09:15:24+00:00\",\"breadcrumb\":{\"@id\":\"https:\\\/\\\/valaisfilmcommission.ch\\\/de\\\/minderheitskoproduktionen-ein-strategisches-instrument-zur-internationalen-attraktivitaet\\\/#breadcrumb\"},\"inLanguage\":\"de\",\"potentialAction\":[{\"@type\":\"ReadAction\",\"target\":[\"https:\\\/\\\/valaisfilmcommission.ch\\\/de\\\/minderheitskoproduktionen-ein-strategisches-instrument-zur-internationalen-attraktivitaet\\\/\"]}]},{\"@type\":\"ImageObject\",\"inLanguage\":\"de\",\"@id\":\"https:\\\/\\\/valaisfilmcommission.ch\\\/de\\\/minderheitskoproduktionen-ein-strategisches-instrument-zur-internationalen-attraktivitaet\\\/#primaryimage\",\"url\":\"https:\\\/\\\/valaisfilmcommission.ch\\\/wp-content\\\/uploads\\\/2025\\\/06\\\/WhatsApp-Image-2025-06-16-at-10.49.12-2.jpeg\",\"contentUrl\":\"https:\\\/\\\/valaisfilmcommission.ch\\\/wp-content\\\/uploads\\\/2025\\\/06\\\/WhatsApp-Image-2025-06-16-at-10.49.12-2.jpeg\",\"width\":720,\"height\":1600},{\"@type\":\"BreadcrumbList\",\"@id\":\"https:\\\/\\\/valaisfilmcommission.ch\\\/de\\\/minderheitskoproduktionen-ein-strategisches-instrument-zur-internationalen-attraktivitaet\\\/#breadcrumb\",\"itemListElement\":[{\"@type\":\"ListItem\",\"position\":1,\"name\":\"Home\",\"item\":\"https:\\\/\\\/valaisfilmcommission.ch\\\/de\\\/\"},{\"@type\":\"ListItem\",\"position\":2,\"name\":\"Verschiedene\",\"item\":\"https:\\\/\\\/valaisfilmcommission.ch\\\/de\\\/category\\\/verschiedene\\\/\"},{\"@type\":\"ListItem\",\"position\":3,\"name\":\"Minderheitskoproduktionen: Ein strategisches Instrument zur internationalen Attraktivit\u00e4t.\"}]},{\"@type\":\"WebSite\",\"@id\":\"https:\\\/\\\/valaisfilmcommission.ch\\\/de\\\/#website\",\"url\":\"https:\\\/\\\/valaisfilmcommission.ch\\\/de\\\/\",\"name\":\"Valais Film Commission\",\"description\":\"Soutien de l&#039;audiovisuel en Valais\",\"publisher\":{\"@id\":\"https:\\\/\\\/valaisfilmcommission.ch\\\/de\\\/#organization\"},\"potentialAction\":[{\"@type\":\"SearchAction\",\"target\":{\"@type\":\"EntryPoint\",\"urlTemplate\":\"https:\\\/\\\/valaisfilmcommission.ch\\\/de\\\/?s={search_term_string}\"},\"query-input\":{\"@type\":\"PropertyValueSpecification\",\"valueRequired\":true,\"valueName\":\"search_term_string\"}}],\"inLanguage\":\"de\"},{\"@type\":\"Organization\",\"@id\":\"https:\\\/\\\/valaisfilmcommission.ch\\\/de\\\/#organization\",\"name\":\"Valais Film Commission\",\"url\":\"https:\\\/\\\/valaisfilmcommission.ch\\\/de\\\/\",\"logo\":{\"@type\":\"ImageObject\",\"inLanguage\":\"de\",\"@id\":\"https:\\\/\\\/valaisfilmcommission.ch\\\/de\\\/#\\\/schema\\\/logo\\\/image\\\/\",\"url\":\"https:\\\/\\\/valaisfilmcommission.ch\\\/wp-content\\\/uploads\\\/2020\\\/07\\\/Valais_FR.svg\",\"contentUrl\":\"https:\\\/\\\/valaisfilmcommission.ch\\\/wp-content\\\/uploads\\\/2020\\\/07\\\/Valais_FR.svg\",\"width\":1,\"height\":1,\"caption\":\"Valais Film Commission\"},\"image\":{\"@id\":\"https:\\\/\\\/valaisfilmcommission.ch\\\/de\\\/#\\\/schema\\\/logo\\\/image\\\/\"},\"sameAs\":[\"https:\\\/\\\/x.com\\\/ValaisFilmCom\",\"https:\\\/\\\/www.instagram.com\\\/valaisfilmcommission\\\/\"]},{\"@type\":\"Person\",\"@id\":\"https:\\\/\\\/valaisfilmcommission.ch\\\/de\\\/#\\\/schema\\\/person\\\/7cc678b12ca3f4768a0212c4eabb3c5b\",\"name\":\"Valais Film Commission\",\"image\":{\"@type\":\"ImageObject\",\"inLanguage\":\"de\",\"@id\":\"https:\\\/\\\/secure.gravatar.com\\\/avatar\\\/6a8365a52399b9c7e05a4a904406a5b6477d5597b3413118e04227ebbac9d24b?s=96&d=mm&r=g\",\"url\":\"https:\\\/\\\/secure.gravatar.com\\\/avatar\\\/6a8365a52399b9c7e05a4a904406a5b6477d5597b3413118e04227ebbac9d24b?s=96&d=mm&r=g\",\"contentUrl\":\"https:\\\/\\\/secure.gravatar.com\\\/avatar\\\/6a8365a52399b9c7e05a4a904406a5b6477d5597b3413118e04227ebbac9d24b?s=96&d=mm&r=g\",\"caption\":\"Valais Film Commission\"}}]}<\/script>\n<!-- \/ Yoast SEO plugin. -->","yoast_head_json":{"title":"Minderheitskoproduktionen: Ein strategisches Instrument zur internationalen Attraktivit\u00e4t. &#8211; Valais Film Commission","robots":{"index":"index","follow":"follow","max-snippet":"max-snippet:-1","max-image-preview":"max-image-preview:large","max-video-preview":"max-video-preview:-1"},"canonical":"https:\/\/valaisfilmcommission.ch\/de\/minderheitskoproduktionen-ein-strategisches-instrument-zur-internationalen-attraktivitaet\/","og_locale":"de_DE","og_type":"article","og_title":"Minderheitskoproduktionen: Ein strategisches Instrument zur internationalen Attraktivit\u00e4t. &#8211; Valais Film Commission","og_description":"Im Rahmen ihres Auftrags zur Aufwertung der Region und zur Unterst\u00fctzung der lokalen Wirtschaft engagiert sich die Valais Film Commission (VFC) aktiv in der Entwicklung internationaler Produktionen, darunter auch Minderheitskoproduktionen mit Schweizer Beteiligung. Solche Projekte stellen ein strategisches Mittel dar, um internationale Dreharbeiten anzuziehen und konkrete Mehrwerte f\u00fcr die Region zu schaffen. Was ist eine [&hellip;]","og_url":"https:\/\/valaisfilmcommission.ch\/de\/minderheitskoproduktionen-ein-strategisches-instrument-zur-internationalen-attraktivitaet\/","og_site_name":"Valais Film Commission","article_published_time":"2025-06-16T09:15:22+00:00","article_modified_time":"2025-06-16T09:15:24+00:00","og_image":[{"width":720,"height":1600,"url":"https:\/\/valaisfilmcommission.ch\/wp-content\/uploads\/2025\/06\/WhatsApp-Image-2025-06-16-at-10.49.12-2.jpeg","type":"image\/jpeg"}],"author":"Valais Film Commission","twitter_card":"summary_large_image","twitter_creator":"@ValaisFilmCom","twitter_site":"@ValaisFilmCom","twitter_misc":{"Verfasst von":"Valais Film Commission","Gesch\u00e4tzte Lesezeit":"2\u00a0Minuten"},"schema":{"@context":"https:\/\/schema.org","@graph":[{"@type":"Article","@id":"https:\/\/valaisfilmcommission.ch\/de\/minderheitskoproduktionen-ein-strategisches-instrument-zur-internationalen-attraktivitaet\/#article","isPartOf":{"@id":"https:\/\/valaisfilmcommission.ch\/de\/minderheitskoproduktionen-ein-strategisches-instrument-zur-internationalen-attraktivitaet\/"},"author":{"name":"Valais Film Commission","@id":"https:\/\/valaisfilmcommission.ch\/de\/#\/schema\/person\/7cc678b12ca3f4768a0212c4eabb3c5b"},"headline":"Minderheitskoproduktionen: Ein strategisches Instrument zur internationalen Attraktivit\u00e4t.","datePublished":"2025-06-16T09:15:22+00:00","dateModified":"2025-06-16T09:15:24+00:00","mainEntityOfPage":{"@id":"https:\/\/valaisfilmcommission.ch\/de\/minderheitskoproduktionen-ein-strategisches-instrument-zur-internationalen-attraktivitaet\/"},"wordCount":267,"publisher":{"@id":"https:\/\/valaisfilmcommission.ch\/de\/#organization"},"image":{"@id":"https:\/\/valaisfilmcommission.ch\/de\/minderheitskoproduktionen-ein-strategisches-instrument-zur-internationalen-attraktivitaet\/#primaryimage"},"thumbnailUrl":"https:\/\/valaisfilmcommission.ch\/wp-content\/uploads\/2025\/06\/WhatsApp-Image-2025-06-16-at-10.49.12-2.jpeg","articleSection":["Verschiedene"],"inLanguage":"de"},{"@type":"WebPage","@id":"https:\/\/valaisfilmcommission.ch\/de\/minderheitskoproduktionen-ein-strategisches-instrument-zur-internationalen-attraktivitaet\/","url":"https:\/\/valaisfilmcommission.ch\/de\/minderheitskoproduktionen-ein-strategisches-instrument-zur-internationalen-attraktivitaet\/","name":"Minderheitskoproduktionen: Ein strategisches Instrument zur internationalen Attraktivit\u00e4t. &#8211; Valais Film Commission","isPartOf":{"@id":"https:\/\/valaisfilmcommission.ch\/de\/#website"},"primaryImageOfPage":{"@id":"https:\/\/valaisfilmcommission.ch\/de\/minderheitskoproduktionen-ein-strategisches-instrument-zur-internationalen-attraktivitaet\/#primaryimage"},"image":{"@id":"https:\/\/valaisfilmcommission.ch\/de\/minderheitskoproduktionen-ein-strategisches-instrument-zur-internationalen-attraktivitaet\/#primaryimage"},"thumbnailUrl":"https:\/\/valaisfilmcommission.ch\/wp-content\/uploads\/2025\/06\/WhatsApp-Image-2025-06-16-at-10.49.12-2.jpeg","datePublished":"2025-06-16T09:15:22+00:00","dateModified":"2025-06-16T09:15:24+00:00","breadcrumb":{"@id":"https:\/\/valaisfilmcommission.ch\/de\/minderheitskoproduktionen-ein-strategisches-instrument-zur-internationalen-attraktivitaet\/#breadcrumb"},"inLanguage":"de","potentialAction":[{"@type":"ReadAction","target":["https:\/\/valaisfilmcommission.ch\/de\/minderheitskoproduktionen-ein-strategisches-instrument-zur-internationalen-attraktivitaet\/"]}]},{"@type":"ImageObject","inLanguage":"de","@id":"https:\/\/valaisfilmcommission.ch\/de\/minderheitskoproduktionen-ein-strategisches-instrument-zur-internationalen-attraktivitaet\/#primaryimage","url":"https:\/\/valaisfilmcommission.ch\/wp-content\/uploads\/2025\/06\/WhatsApp-Image-2025-06-16-at-10.49.12-2.jpeg","contentUrl":"https:\/\/valaisfilmcommission.ch\/wp-content\/uploads\/2025\/06\/WhatsApp-Image-2025-06-16-at-10.49.12-2.jpeg","width":720,"height":1600},{"@type":"BreadcrumbList","@id":"https:\/\/valaisfilmcommission.ch\/de\/minderheitskoproduktionen-ein-strategisches-instrument-zur-internationalen-attraktivitaet\/#breadcrumb","itemListElement":[{"@type":"ListItem","position":1,"name":"Home","item":"https:\/\/valaisfilmcommission.ch\/de\/"},{"@type":"ListItem","position":2,"name":"Verschiedene","item":"https:\/\/valaisfilmcommission.ch\/de\/category\/verschiedene\/"},{"@type":"ListItem","position":3,"name":"Minderheitskoproduktionen: Ein strategisches Instrument zur internationalen Attraktivit\u00e4t."}]},{"@type":"WebSite","@id":"https:\/\/valaisfilmcommission.ch\/de\/#website","url":"https:\/\/valaisfilmcommission.ch\/de\/","name":"Valais Film Commission","description":"Soutien de l&#039;audiovisuel en Valais","publisher":{"@id":"https:\/\/valaisfilmcommission.ch\/de\/#organization"},"potentialAction":[{"@type":"SearchAction","target":{"@type":"EntryPoint","urlTemplate":"https:\/\/valaisfilmcommission.ch\/de\/?s={search_term_string}"},"query-input":{"@type":"PropertyValueSpecification","valueRequired":true,"valueName":"search_term_string"}}],"inLanguage":"de"},{"@type":"Organization","@id":"https:\/\/valaisfilmcommission.ch\/de\/#organization","name":"Valais Film Commission","url":"https:\/\/valaisfilmcommission.ch\/de\/","logo":{"@type":"ImageObject","inLanguage":"de","@id":"https:\/\/valaisfilmcommission.ch\/de\/#\/schema\/logo\/image\/","url":"https:\/\/valaisfilmcommission.ch\/wp-content\/uploads\/2020\/07\/Valais_FR.svg","contentUrl":"https:\/\/valaisfilmcommission.ch\/wp-content\/uploads\/2020\/07\/Valais_FR.svg","width":1,"height":1,"caption":"Valais Film Commission"},"image":{"@id":"https:\/\/valaisfilmcommission.ch\/de\/#\/schema\/logo\/image\/"},"sameAs":["https:\/\/x.com\/ValaisFilmCom","https:\/\/www.instagram.com\/valaisfilmcommission\/"]},{"@type":"Person","@id":"https:\/\/valaisfilmcommission.ch\/de\/#\/schema\/person\/7cc678b12ca3f4768a0212c4eabb3c5b","name":"Valais Film Commission","image":{"@type":"ImageObject","inLanguage":"de","@id":"https:\/\/secure.gravatar.com\/avatar\/6a8365a52399b9c7e05a4a904406a5b6477d5597b3413118e04227ebbac9d24b?s=96&d=mm&r=g","url":"https:\/\/secure.gravatar.com\/avatar\/6a8365a52399b9c7e05a4a904406a5b6477d5597b3413118e04227ebbac9d24b?s=96&d=mm&r=g","contentUrl":"https:\/\/secure.gravatar.com\/avatar\/6a8365a52399b9c7e05a4a904406a5b6477d5597b3413118e04227ebbac9d24b?s=96&d=mm&r=g","caption":"Valais Film Commission"}}]}},"_links":{"self":[{"href":"https:\/\/valaisfilmcommission.ch\/de\/wp-json\/wp\/v2\/posts\/10431","targetHints":{"allow":["GET"]}}],"collection":[{"href":"https:\/\/valaisfilmcommission.ch\/de\/wp-json\/wp\/v2\/posts"}],"about":[{"href":"https:\/\/valaisfilmcommission.ch\/de\/wp-json\/wp\/v2\/types\/post"}],"author":[{"embeddable":true,"href":"https:\/\/valaisfilmcommission.ch\/de\/wp-json\/wp\/v2\/users\/14"}],"replies":[{"embeddable":true,"href":"https:\/\/valaisfilmcommission.ch\/de\/wp-json\/wp\/v2\/comments?post=10431"}],"version-history":[{"count":1,"href":"https:\/\/valaisfilmcommission.ch\/de\/wp-json\/wp\/v2\/posts\/10431\/revisions"}],"predecessor-version":[{"id":10435,"href":"https:\/\/valaisfilmcommission.ch\/de\/wp-json\/wp\/v2\/posts\/10431\/revisions\/10435"}],"wp:featuredmedia":[{"embeddable":true,"href":"https:\/\/valaisfilmcommission.ch\/de\/wp-json\/wp\/v2\/media\/10432"}],"wp:attachment":[{"href":"https:\/\/valaisfilmcommission.ch\/de\/wp-json\/wp\/v2\/media?parent=10431"}],"wp:term":[{"taxonomy":"category","embeddable":true,"href":"https:\/\/valaisfilmcommission.ch\/de\/wp-json\/wp\/v2\/categories?post=10431"},{"taxonomy":"post_tag","embeddable":true,"href":"https:\/\/valaisfilmcommission.ch\/de\/wp-json\/wp\/v2\/tags?post=10431"}],"curies":[{"name":"wp","href":"https:\/\/api.w.org\/{rel}","templated":true}]}}