{"id":10385,"date":"2025-05-28T07:41:38","date_gmt":"2025-05-28T05:41:38","guid":{"rendered":"https:\/\/valaisfilmcommission.ch\/?p=10385"},"modified":"2025-05-28T07:41:40","modified_gmt":"2025-05-28T05:41:40","slug":"die-valais-film-commission-ist-international-unterwegs-eine-ambitionierte-strategie-fuer-weltweite-strahlkraft","status":"publish","type":"post","link":"https:\/\/valaisfilmcommission.ch\/de\/die-valais-film-commission-ist-international-unterwegs-eine-ambitionierte-strategie-fuer-weltweite-strahlkraft\/","title":{"rendered":"Die Valais Film Commission ist international unterwegs: eine ambitionierte Strategie f\u00fcr weltweite Strahlkraft"},"content":{"rendered":"\n<p>Die Valais Film Commission (VFC) nutzt jede Gelegenheit, um ihre Sichtbarkeit zu erh\u00f6hen, indem sie auf den wichtigsten Branchenevents der audiovisuellen Welt pr\u00e4sent ist. Ziel ist es, die einzigartigen Vorz\u00fcge des Kantons in den Vordergrund zu stellen: eine beeindruckende landschaftliche Vielfalt, ein aufstrebendes audiovisuelles \u00d6kosystem, moderne technische Infrastrukturen, individuelle Produktionsbegleitung und finanzielle Anreize. \u00dcber die punktuelle Promotion eines Films oder Events hinaus verfolgt die VFC das Ziel, das Wallis als dauerhafte Filmdestination zu etablieren, seine Bekanntheit bei internationalen Fachleuten zu steigern und starke Verbindungen zur Filmindustrie zu kn\u00fcpfen \u2013 insbesondere im Bereich der Animation.<\/p>\n\n\n\n<p><strong>Stuttgart: Animation und Innovation im Fokus.<\/strong><br>Die Teilnahme der VFC am Internationalen Trickfilm-Festival Stuttgart (ITFS) 2025 und an den &#8218;Animation Production Days&#8216; (APD) (6.\u20138. April 2025) stellte einen wichtigen Schritt in ihrer Strategie dar. Das Ziel: das Wallis als Referenzstandort f\u00fcr Animation zu positionieren.<br>Der Film Sauvages von Claude Barras, der vollst\u00e4ndig im Wallis gedreht wurde, wurde im Rahmen einer offiziellen Vorf\u00fchrung und einer Fallstudie w\u00e4hrend eines Panels zur Koproduktion mit der Schweiz gew\u00fcrdigt. Im selben Rahmen wurde auch das Studio 13 vorgestellt \u2013 das erste Animationsstudio der Romandie und ein Symbol eines dynamischen und wachsenden Sektors.<br>Der Walliser Auftritt \u00fcberzeugte zudem mit Highlights wie einer Masterclass von Regisseur Claude Barras, einer Schl\u00fcsselfigur des Animationsfilms, sowie einer Ausstellung zu den Filmfiguren.<\/p>\n\n\n\n<p><strong>Cannes: Schweizer Synergien im Dienst der Kreativit\u00e4t.<\/strong><br>Anl\u00e4sslich der Internationalen Filmfestspiele von Cannes (14.\u201318. Mai 2025) arbeitete die Valais Film Commission mit der Ticino Film Commission zusammen, um das Potenzial der Schweiz als Filmland gemeinsam hervorzuheben.<br>Diese Kooperation soll Synergien zwischen den verschiedenen Schweizer Regionen schaffen und die Vorteile des Landes gemeinsam pr\u00e4sentieren: landschaftliche Vielfalt, institutionelle Unterst\u00fctzung, technisches Know-how und hohe Lebensqualit\u00e4t.<br>Durch geb\u00fcndelte Kr\u00e4fte wollen die Kommissionen Filmschaffende weltweit davon \u00fcberzeugen, dass die Schweiz eine glaubw\u00fcrdige, wettbewerbsf\u00e4hige und inspirierende Option f\u00fcr audiovisuelle Projekte ist. <\/p>\n\n\n\n<p><strong>China: \u00d6ffnung zu neuen M\u00e4rkten.<\/strong><br>Im Rahmen ihrer Internationalisierungsstrategie nahm die Valais Film Commission am Beijing International Film Festival (18.\u201326. April) teil \u2013 einem der bedeutendsten Kinoevents Asiens. Bei einer Diskussionsrunde zur Koproduktion mit der Schweiz konnte die VFC mit chinesischen Fachleuten in den Austausch treten und Vertreter der China Film Group treffen, um k\u00fcnftige Kooperationen auszuloten.<br>Die Pr\u00e4senz in China best\u00e4tigt den internationalen Anspruch der VFC: \u00fcber europ\u00e4ische Grenzen hinauszudenken und neue strategische M\u00e4rkte zu erschliessen \u2013 mit dem Ziel, das Wallis als weltweit anerkannte Filmdestination zu etablieren.<\/p>\n\n\n\n<figure class=\"wp-block-image size-large\"><img fetchpriority=\"high\" decoding=\"async\" width=\"1024\" height=\"423\" src=\"https:\/\/valaisfilmcommission.ch\/wp-content\/uploads\/2025\/05\/WhatsApp-Image-2025-05-28-at-07.15.15-1024x423.jpeg\" alt=\"\" class=\"wp-image-10377\" srcset=\"https:\/\/valaisfilmcommission.ch\/wp-content\/uploads\/2025\/05\/WhatsApp-Image-2025-05-28-at-07.15.15-1024x423.jpeg 1024w, https:\/\/valaisfilmcommission.ch\/wp-content\/uploads\/2025\/05\/WhatsApp-Image-2025-05-28-at-07.15.15-300x124.jpeg 300w, https:\/\/valaisfilmcommission.ch\/wp-content\/uploads\/2025\/05\/WhatsApp-Image-2025-05-28-at-07.15.15-768x317.jpeg 768w, https:\/\/valaisfilmcommission.ch\/wp-content\/uploads\/2025\/05\/WhatsApp-Image-2025-05-28-at-07.15.15.jpeg 1170w\" sizes=\"(max-width: 1024px) 100vw, 1024px\" \/><\/figure>\n\n\n\n<figure class=\"wp-block-image size-full\"><img decoding=\"async\" width=\"1013\" height=\"879\" src=\"https:\/\/valaisfilmcommission.ch\/wp-content\/uploads\/2025\/05\/WhatsApp-Image-2025-05-28-at-07.15.47.jpeg\" alt=\"\" class=\"wp-image-10380\" srcset=\"https:\/\/valaisfilmcommission.ch\/wp-content\/uploads\/2025\/05\/WhatsApp-Image-2025-05-28-at-07.15.47.jpeg 1013w, https:\/\/valaisfilmcommission.ch\/wp-content\/uploads\/2025\/05\/WhatsApp-Image-2025-05-28-at-07.15.47-300x260.jpeg 300w, https:\/\/valaisfilmcommission.ch\/wp-content\/uploads\/2025\/05\/WhatsApp-Image-2025-05-28-at-07.15.47-768x666.jpeg 768w\" sizes=\"(max-width: 1013px) 100vw, 1013px\" \/><\/figure>\n","protected":false},"excerpt":{"rendered":"<p>Die Valais Film Commission (VFC) nutzt jede Gelegenheit, um ihre Sichtbarkeit zu erh\u00f6hen, indem sie auf den wichtigsten Branchenevents der audiovisuellen Welt pr\u00e4sent ist. Ziel ist es, die einzigartigen Vorz\u00fcge des Kantons in den Vordergrund zu stellen: eine beeindruckende landschaftliche Vielfalt, ein aufstrebendes audiovisuelles \u00d6kosystem, moderne technische Infrastrukturen, individuelle Produktionsbegleitung und finanzielle Anreize. \u00dcber die [&hellip;]<\/p>\n","protected":false},"author":14,"featured_media":10377,"comment_status":"closed","ping_status":"open","sticky":false,"template":"","format":"standard","meta":{"_acf_changed":false,"footnotes":""},"categories":[13],"tags":[],"class_list":["post-10385","post","type-post","status-publish","format-standard","has-post-thumbnail","hentry","category-verschiedene"],"acf":[],"yoast_head":"<!-- This site is optimized with the Yoast SEO plugin v27.5 - https:\/\/yoast.com\/product\/yoast-seo-wordpress\/ -->\n<title>Die Valais Film Commission ist international unterwegs: eine ambitionierte Strategie f\u00fcr weltweite Strahlkraft &#8211; Valais Film Commission<\/title>\n<meta name=\"robots\" content=\"index, follow, max-snippet:-1, max-image-preview:large, max-video-preview:-1\" \/>\n<link rel=\"canonical\" href=\"https:\/\/valaisfilmcommission.ch\/de\/die-valais-film-commission-ist-international-unterwegs-eine-ambitionierte-strategie-fuer-weltweite-strahlkraft\/\" \/>\n<meta property=\"og:locale\" content=\"de_DE\" \/>\n<meta property=\"og:type\" content=\"article\" \/>\n<meta property=\"og:title\" content=\"Die Valais Film Commission ist international unterwegs: eine ambitionierte Strategie f\u00fcr weltweite Strahlkraft &#8211; Valais Film Commission\" \/>\n<meta property=\"og:description\" content=\"Die Valais Film Commission (VFC) nutzt jede Gelegenheit, um ihre Sichtbarkeit zu erh\u00f6hen, indem sie auf den wichtigsten Branchenevents der audiovisuellen Welt pr\u00e4sent ist. Ziel ist es, die einzigartigen Vorz\u00fcge des Kantons in den Vordergrund zu stellen: eine beeindruckende landschaftliche Vielfalt, ein aufstrebendes audiovisuelles \u00d6kosystem, moderne technische Infrastrukturen, individuelle Produktionsbegleitung und finanzielle Anreize. \u00dcber die [&hellip;]\" \/>\n<meta property=\"og:url\" content=\"https:\/\/valaisfilmcommission.ch\/de\/die-valais-film-commission-ist-international-unterwegs-eine-ambitionierte-strategie-fuer-weltweite-strahlkraft\/\" \/>\n<meta property=\"og:site_name\" content=\"Valais Film Commission\" \/>\n<meta property=\"article:published_time\" content=\"2025-05-28T05:41:38+00:00\" \/>\n<meta property=\"article:modified_time\" content=\"2025-05-28T05:41:40+00:00\" \/>\n<meta property=\"og:image\" content=\"https:\/\/valaisfilmcommission.ch\/wp-content\/uploads\/2025\/05\/WhatsApp-Image-2025-05-28-at-07.15.15.jpeg\" \/>\n\t<meta property=\"og:image:width\" content=\"1170\" \/>\n\t<meta property=\"og:image:height\" content=\"483\" \/>\n\t<meta property=\"og:image:type\" content=\"image\/jpeg\" \/>\n<meta name=\"author\" content=\"Valais Film Commission\" \/>\n<meta name=\"twitter:card\" content=\"summary_large_image\" \/>\n<meta name=\"twitter:creator\" content=\"@ValaisFilmCom\" \/>\n<meta name=\"twitter:site\" content=\"@ValaisFilmCom\" \/>\n<meta name=\"twitter:label1\" content=\"Verfasst von\" \/>\n\t<meta name=\"twitter:data1\" content=\"Valais Film Commission\" \/>\n\t<meta name=\"twitter:label2\" content=\"Gesch\u00e4tzte Lesezeit\" \/>\n\t<meta name=\"twitter:data2\" content=\"3\u00a0Minuten\" \/>\n<script type=\"application\/ld+json\" class=\"yoast-schema-graph\">{\"@context\":\"https:\\\/\\\/schema.org\",\"@graph\":[{\"@type\":\"Article\",\"@id\":\"https:\\\/\\\/valaisfilmcommission.ch\\\/de\\\/die-valais-film-commission-ist-international-unterwegs-eine-ambitionierte-strategie-fuer-weltweite-strahlkraft\\\/#article\",\"isPartOf\":{\"@id\":\"https:\\\/\\\/valaisfilmcommission.ch\\\/de\\\/die-valais-film-commission-ist-international-unterwegs-eine-ambitionierte-strategie-fuer-weltweite-strahlkraft\\\/\"},\"author\":{\"name\":\"Valais Film Commission\",\"@id\":\"https:\\\/\\\/valaisfilmcommission.ch\\\/de\\\/#\\\/schema\\\/person\\\/7cc678b12ca3f4768a0212c4eabb3c5b\"},\"headline\":\"Die Valais Film Commission ist international unterwegs: eine ambitionierte Strategie f\u00fcr weltweite Strahlkraft\",\"datePublished\":\"2025-05-28T05:41:38+00:00\",\"dateModified\":\"2025-05-28T05:41:40+00:00\",\"mainEntityOfPage\":{\"@id\":\"https:\\\/\\\/valaisfilmcommission.ch\\\/de\\\/die-valais-film-commission-ist-international-unterwegs-eine-ambitionierte-strategie-fuer-weltweite-strahlkraft\\\/\"},\"wordCount\":418,\"publisher\":{\"@id\":\"https:\\\/\\\/valaisfilmcommission.ch\\\/de\\\/#organization\"},\"image\":{\"@id\":\"https:\\\/\\\/valaisfilmcommission.ch\\\/de\\\/die-valais-film-commission-ist-international-unterwegs-eine-ambitionierte-strategie-fuer-weltweite-strahlkraft\\\/#primaryimage\"},\"thumbnailUrl\":\"https:\\\/\\\/valaisfilmcommission.ch\\\/wp-content\\\/uploads\\\/2025\\\/05\\\/WhatsApp-Image-2025-05-28-at-07.15.15.jpeg\",\"articleSection\":[\"Verschiedene\"],\"inLanguage\":\"de\"},{\"@type\":\"WebPage\",\"@id\":\"https:\\\/\\\/valaisfilmcommission.ch\\\/de\\\/die-valais-film-commission-ist-international-unterwegs-eine-ambitionierte-strategie-fuer-weltweite-strahlkraft\\\/\",\"url\":\"https:\\\/\\\/valaisfilmcommission.ch\\\/de\\\/die-valais-film-commission-ist-international-unterwegs-eine-ambitionierte-strategie-fuer-weltweite-strahlkraft\\\/\",\"name\":\"Die Valais Film Commission ist international unterwegs: eine ambitionierte Strategie f\u00fcr weltweite Strahlkraft &#8211; Valais Film Commission\",\"isPartOf\":{\"@id\":\"https:\\\/\\\/valaisfilmcommission.ch\\\/de\\\/#website\"},\"primaryImageOfPage\":{\"@id\":\"https:\\\/\\\/valaisfilmcommission.ch\\\/de\\\/die-valais-film-commission-ist-international-unterwegs-eine-ambitionierte-strategie-fuer-weltweite-strahlkraft\\\/#primaryimage\"},\"image\":{\"@id\":\"https:\\\/\\\/valaisfilmcommission.ch\\\/de\\\/die-valais-film-commission-ist-international-unterwegs-eine-ambitionierte-strategie-fuer-weltweite-strahlkraft\\\/#primaryimage\"},\"thumbnailUrl\":\"https:\\\/\\\/valaisfilmcommission.ch\\\/wp-content\\\/uploads\\\/2025\\\/05\\\/WhatsApp-Image-2025-05-28-at-07.15.15.jpeg\",\"datePublished\":\"2025-05-28T05:41:38+00:00\",\"dateModified\":\"2025-05-28T05:41:40+00:00\",\"breadcrumb\":{\"@id\":\"https:\\\/\\\/valaisfilmcommission.ch\\\/de\\\/die-valais-film-commission-ist-international-unterwegs-eine-ambitionierte-strategie-fuer-weltweite-strahlkraft\\\/#breadcrumb\"},\"inLanguage\":\"de\",\"potentialAction\":[{\"@type\":\"ReadAction\",\"target\":[\"https:\\\/\\\/valaisfilmcommission.ch\\\/de\\\/die-valais-film-commission-ist-international-unterwegs-eine-ambitionierte-strategie-fuer-weltweite-strahlkraft\\\/\"]}]},{\"@type\":\"ImageObject\",\"inLanguage\":\"de\",\"@id\":\"https:\\\/\\\/valaisfilmcommission.ch\\\/de\\\/die-valais-film-commission-ist-international-unterwegs-eine-ambitionierte-strategie-fuer-weltweite-strahlkraft\\\/#primaryimage\",\"url\":\"https:\\\/\\\/valaisfilmcommission.ch\\\/wp-content\\\/uploads\\\/2025\\\/05\\\/WhatsApp-Image-2025-05-28-at-07.15.15.jpeg\",\"contentUrl\":\"https:\\\/\\\/valaisfilmcommission.ch\\\/wp-content\\\/uploads\\\/2025\\\/05\\\/WhatsApp-Image-2025-05-28-at-07.15.15.jpeg\",\"width\":1170,\"height\":483},{\"@type\":\"BreadcrumbList\",\"@id\":\"https:\\\/\\\/valaisfilmcommission.ch\\\/de\\\/die-valais-film-commission-ist-international-unterwegs-eine-ambitionierte-strategie-fuer-weltweite-strahlkraft\\\/#breadcrumb\",\"itemListElement\":[{\"@type\":\"ListItem\",\"position\":1,\"name\":\"Home\",\"item\":\"https:\\\/\\\/valaisfilmcommission.ch\\\/de\\\/\"},{\"@type\":\"ListItem\",\"position\":2,\"name\":\"Verschiedene\",\"item\":\"https:\\\/\\\/valaisfilmcommission.ch\\\/de\\\/category\\\/verschiedene\\\/\"},{\"@type\":\"ListItem\",\"position\":3,\"name\":\"Die Valais Film Commission ist international unterwegs: eine ambitionierte Strategie f\u00fcr weltweite Strahlkraft\"}]},{\"@type\":\"WebSite\",\"@id\":\"https:\\\/\\\/valaisfilmcommission.ch\\\/de\\\/#website\",\"url\":\"https:\\\/\\\/valaisfilmcommission.ch\\\/de\\\/\",\"name\":\"Valais Film Commission\",\"description\":\"Soutien de l&#039;audiovisuel en Valais\",\"publisher\":{\"@id\":\"https:\\\/\\\/valaisfilmcommission.ch\\\/de\\\/#organization\"},\"potentialAction\":[{\"@type\":\"SearchAction\",\"target\":{\"@type\":\"EntryPoint\",\"urlTemplate\":\"https:\\\/\\\/valaisfilmcommission.ch\\\/de\\\/?s={search_term_string}\"},\"query-input\":{\"@type\":\"PropertyValueSpecification\",\"valueRequired\":true,\"valueName\":\"search_term_string\"}}],\"inLanguage\":\"de\"},{\"@type\":\"Organization\",\"@id\":\"https:\\\/\\\/valaisfilmcommission.ch\\\/de\\\/#organization\",\"name\":\"Valais Film Commission\",\"url\":\"https:\\\/\\\/valaisfilmcommission.ch\\\/de\\\/\",\"logo\":{\"@type\":\"ImageObject\",\"inLanguage\":\"de\",\"@id\":\"https:\\\/\\\/valaisfilmcommission.ch\\\/de\\\/#\\\/schema\\\/logo\\\/image\\\/\",\"url\":\"https:\\\/\\\/valaisfilmcommission.ch\\\/wp-content\\\/uploads\\\/2020\\\/07\\\/Valais_FR.svg\",\"contentUrl\":\"https:\\\/\\\/valaisfilmcommission.ch\\\/wp-content\\\/uploads\\\/2020\\\/07\\\/Valais_FR.svg\",\"width\":1,\"height\":1,\"caption\":\"Valais Film Commission\"},\"image\":{\"@id\":\"https:\\\/\\\/valaisfilmcommission.ch\\\/de\\\/#\\\/schema\\\/logo\\\/image\\\/\"},\"sameAs\":[\"https:\\\/\\\/x.com\\\/ValaisFilmCom\",\"https:\\\/\\\/www.instagram.com\\\/valaisfilmcommission\\\/\"]},{\"@type\":\"Person\",\"@id\":\"https:\\\/\\\/valaisfilmcommission.ch\\\/de\\\/#\\\/schema\\\/person\\\/7cc678b12ca3f4768a0212c4eabb3c5b\",\"name\":\"Valais Film Commission\",\"image\":{\"@type\":\"ImageObject\",\"inLanguage\":\"de\",\"@id\":\"https:\\\/\\\/secure.gravatar.com\\\/avatar\\\/6a8365a52399b9c7e05a4a904406a5b6477d5597b3413118e04227ebbac9d24b?s=96&d=mm&r=g\",\"url\":\"https:\\\/\\\/secure.gravatar.com\\\/avatar\\\/6a8365a52399b9c7e05a4a904406a5b6477d5597b3413118e04227ebbac9d24b?s=96&d=mm&r=g\",\"contentUrl\":\"https:\\\/\\\/secure.gravatar.com\\\/avatar\\\/6a8365a52399b9c7e05a4a904406a5b6477d5597b3413118e04227ebbac9d24b?s=96&d=mm&r=g\",\"caption\":\"Valais Film Commission\"}}]}<\/script>\n<!-- \/ Yoast SEO plugin. -->","yoast_head_json":{"title":"Die Valais Film Commission ist international unterwegs: eine ambitionierte Strategie f\u00fcr weltweite Strahlkraft &#8211; Valais Film Commission","robots":{"index":"index","follow":"follow","max-snippet":"max-snippet:-1","max-image-preview":"max-image-preview:large","max-video-preview":"max-video-preview:-1"},"canonical":"https:\/\/valaisfilmcommission.ch\/de\/die-valais-film-commission-ist-international-unterwegs-eine-ambitionierte-strategie-fuer-weltweite-strahlkraft\/","og_locale":"de_DE","og_type":"article","og_title":"Die Valais Film Commission ist international unterwegs: eine ambitionierte Strategie f\u00fcr weltweite Strahlkraft &#8211; Valais Film Commission","og_description":"Die Valais Film Commission (VFC) nutzt jede Gelegenheit, um ihre Sichtbarkeit zu erh\u00f6hen, indem sie auf den wichtigsten Branchenevents der audiovisuellen Welt pr\u00e4sent ist. Ziel ist es, die einzigartigen Vorz\u00fcge des Kantons in den Vordergrund zu stellen: eine beeindruckende landschaftliche Vielfalt, ein aufstrebendes audiovisuelles \u00d6kosystem, moderne technische Infrastrukturen, individuelle Produktionsbegleitung und finanzielle Anreize. \u00dcber die [&hellip;]","og_url":"https:\/\/valaisfilmcommission.ch\/de\/die-valais-film-commission-ist-international-unterwegs-eine-ambitionierte-strategie-fuer-weltweite-strahlkraft\/","og_site_name":"Valais Film Commission","article_published_time":"2025-05-28T05:41:38+00:00","article_modified_time":"2025-05-28T05:41:40+00:00","og_image":[{"width":1170,"height":483,"url":"https:\/\/valaisfilmcommission.ch\/wp-content\/uploads\/2025\/05\/WhatsApp-Image-2025-05-28-at-07.15.15.jpeg","type":"image\/jpeg"}],"author":"Valais Film Commission","twitter_card":"summary_large_image","twitter_creator":"@ValaisFilmCom","twitter_site":"@ValaisFilmCom","twitter_misc":{"Verfasst von":"Valais Film Commission","Gesch\u00e4tzte Lesezeit":"3\u00a0Minuten"},"schema":{"@context":"https:\/\/schema.org","@graph":[{"@type":"Article","@id":"https:\/\/valaisfilmcommission.ch\/de\/die-valais-film-commission-ist-international-unterwegs-eine-ambitionierte-strategie-fuer-weltweite-strahlkraft\/#article","isPartOf":{"@id":"https:\/\/valaisfilmcommission.ch\/de\/die-valais-film-commission-ist-international-unterwegs-eine-ambitionierte-strategie-fuer-weltweite-strahlkraft\/"},"author":{"name":"Valais Film Commission","@id":"https:\/\/valaisfilmcommission.ch\/de\/#\/schema\/person\/7cc678b12ca3f4768a0212c4eabb3c5b"},"headline":"Die Valais Film Commission ist international unterwegs: eine ambitionierte Strategie f\u00fcr weltweite Strahlkraft","datePublished":"2025-05-28T05:41:38+00:00","dateModified":"2025-05-28T05:41:40+00:00","mainEntityOfPage":{"@id":"https:\/\/valaisfilmcommission.ch\/de\/die-valais-film-commission-ist-international-unterwegs-eine-ambitionierte-strategie-fuer-weltweite-strahlkraft\/"},"wordCount":418,"publisher":{"@id":"https:\/\/valaisfilmcommission.ch\/de\/#organization"},"image":{"@id":"https:\/\/valaisfilmcommission.ch\/de\/die-valais-film-commission-ist-international-unterwegs-eine-ambitionierte-strategie-fuer-weltweite-strahlkraft\/#primaryimage"},"thumbnailUrl":"https:\/\/valaisfilmcommission.ch\/wp-content\/uploads\/2025\/05\/WhatsApp-Image-2025-05-28-at-07.15.15.jpeg","articleSection":["Verschiedene"],"inLanguage":"de"},{"@type":"WebPage","@id":"https:\/\/valaisfilmcommission.ch\/de\/die-valais-film-commission-ist-international-unterwegs-eine-ambitionierte-strategie-fuer-weltweite-strahlkraft\/","url":"https:\/\/valaisfilmcommission.ch\/de\/die-valais-film-commission-ist-international-unterwegs-eine-ambitionierte-strategie-fuer-weltweite-strahlkraft\/","name":"Die Valais Film Commission ist international unterwegs: eine ambitionierte Strategie f\u00fcr weltweite Strahlkraft &#8211; Valais Film Commission","isPartOf":{"@id":"https:\/\/valaisfilmcommission.ch\/de\/#website"},"primaryImageOfPage":{"@id":"https:\/\/valaisfilmcommission.ch\/de\/die-valais-film-commission-ist-international-unterwegs-eine-ambitionierte-strategie-fuer-weltweite-strahlkraft\/#primaryimage"},"image":{"@id":"https:\/\/valaisfilmcommission.ch\/de\/die-valais-film-commission-ist-international-unterwegs-eine-ambitionierte-strategie-fuer-weltweite-strahlkraft\/#primaryimage"},"thumbnailUrl":"https:\/\/valaisfilmcommission.ch\/wp-content\/uploads\/2025\/05\/WhatsApp-Image-2025-05-28-at-07.15.15.jpeg","datePublished":"2025-05-28T05:41:38+00:00","dateModified":"2025-05-28T05:41:40+00:00","breadcrumb":{"@id":"https:\/\/valaisfilmcommission.ch\/de\/die-valais-film-commission-ist-international-unterwegs-eine-ambitionierte-strategie-fuer-weltweite-strahlkraft\/#breadcrumb"},"inLanguage":"de","potentialAction":[{"@type":"ReadAction","target":["https:\/\/valaisfilmcommission.ch\/de\/die-valais-film-commission-ist-international-unterwegs-eine-ambitionierte-strategie-fuer-weltweite-strahlkraft\/"]}]},{"@type":"ImageObject","inLanguage":"de","@id":"https:\/\/valaisfilmcommission.ch\/de\/die-valais-film-commission-ist-international-unterwegs-eine-ambitionierte-strategie-fuer-weltweite-strahlkraft\/#primaryimage","url":"https:\/\/valaisfilmcommission.ch\/wp-content\/uploads\/2025\/05\/WhatsApp-Image-2025-05-28-at-07.15.15.jpeg","contentUrl":"https:\/\/valaisfilmcommission.ch\/wp-content\/uploads\/2025\/05\/WhatsApp-Image-2025-05-28-at-07.15.15.jpeg","width":1170,"height":483},{"@type":"BreadcrumbList","@id":"https:\/\/valaisfilmcommission.ch\/de\/die-valais-film-commission-ist-international-unterwegs-eine-ambitionierte-strategie-fuer-weltweite-strahlkraft\/#breadcrumb","itemListElement":[{"@type":"ListItem","position":1,"name":"Home","item":"https:\/\/valaisfilmcommission.ch\/de\/"},{"@type":"ListItem","position":2,"name":"Verschiedene","item":"https:\/\/valaisfilmcommission.ch\/de\/category\/verschiedene\/"},{"@type":"ListItem","position":3,"name":"Die Valais Film Commission ist international unterwegs: eine ambitionierte Strategie f\u00fcr weltweite Strahlkraft"}]},{"@type":"WebSite","@id":"https:\/\/valaisfilmcommission.ch\/de\/#website","url":"https:\/\/valaisfilmcommission.ch\/de\/","name":"Valais Film Commission","description":"Soutien de l&#039;audiovisuel en Valais","publisher":{"@id":"https:\/\/valaisfilmcommission.ch\/de\/#organization"},"potentialAction":[{"@type":"SearchAction","target":{"@type":"EntryPoint","urlTemplate":"https:\/\/valaisfilmcommission.ch\/de\/?s={search_term_string}"},"query-input":{"@type":"PropertyValueSpecification","valueRequired":true,"valueName":"search_term_string"}}],"inLanguage":"de"},{"@type":"Organization","@id":"https:\/\/valaisfilmcommission.ch\/de\/#organization","name":"Valais Film Commission","url":"https:\/\/valaisfilmcommission.ch\/de\/","logo":{"@type":"ImageObject","inLanguage":"de","@id":"https:\/\/valaisfilmcommission.ch\/de\/#\/schema\/logo\/image\/","url":"https:\/\/valaisfilmcommission.ch\/wp-content\/uploads\/2020\/07\/Valais_FR.svg","contentUrl":"https:\/\/valaisfilmcommission.ch\/wp-content\/uploads\/2020\/07\/Valais_FR.svg","width":1,"height":1,"caption":"Valais Film Commission"},"image":{"@id":"https:\/\/valaisfilmcommission.ch\/de\/#\/schema\/logo\/image\/"},"sameAs":["https:\/\/x.com\/ValaisFilmCom","https:\/\/www.instagram.com\/valaisfilmcommission\/"]},{"@type":"Person","@id":"https:\/\/valaisfilmcommission.ch\/de\/#\/schema\/person\/7cc678b12ca3f4768a0212c4eabb3c5b","name":"Valais Film Commission","image":{"@type":"ImageObject","inLanguage":"de","@id":"https:\/\/secure.gravatar.com\/avatar\/6a8365a52399b9c7e05a4a904406a5b6477d5597b3413118e04227ebbac9d24b?s=96&d=mm&r=g","url":"https:\/\/secure.gravatar.com\/avatar\/6a8365a52399b9c7e05a4a904406a5b6477d5597b3413118e04227ebbac9d24b?s=96&d=mm&r=g","contentUrl":"https:\/\/secure.gravatar.com\/avatar\/6a8365a52399b9c7e05a4a904406a5b6477d5597b3413118e04227ebbac9d24b?s=96&d=mm&r=g","caption":"Valais Film Commission"}}]}},"_links":{"self":[{"href":"https:\/\/valaisfilmcommission.ch\/de\/wp-json\/wp\/v2\/posts\/10385","targetHints":{"allow":["GET"]}}],"collection":[{"href":"https:\/\/valaisfilmcommission.ch\/de\/wp-json\/wp\/v2\/posts"}],"about":[{"href":"https:\/\/valaisfilmcommission.ch\/de\/wp-json\/wp\/v2\/types\/post"}],"author":[{"embeddable":true,"href":"https:\/\/valaisfilmcommission.ch\/de\/wp-json\/wp\/v2\/users\/14"}],"replies":[{"embeddable":true,"href":"https:\/\/valaisfilmcommission.ch\/de\/wp-json\/wp\/v2\/comments?post=10385"}],"version-history":[{"count":1,"href":"https:\/\/valaisfilmcommission.ch\/de\/wp-json\/wp\/v2\/posts\/10385\/revisions"}],"predecessor-version":[{"id":10386,"href":"https:\/\/valaisfilmcommission.ch\/de\/wp-json\/wp\/v2\/posts\/10385\/revisions\/10386"}],"wp:featuredmedia":[{"embeddable":true,"href":"https:\/\/valaisfilmcommission.ch\/de\/wp-json\/wp\/v2\/media\/10377"}],"wp:attachment":[{"href":"https:\/\/valaisfilmcommission.ch\/de\/wp-json\/wp\/v2\/media?parent=10385"}],"wp:term":[{"taxonomy":"category","embeddable":true,"href":"https:\/\/valaisfilmcommission.ch\/de\/wp-json\/wp\/v2\/categories?post=10385"},{"taxonomy":"post_tag","embeddable":true,"href":"https:\/\/valaisfilmcommission.ch\/de\/wp-json\/wp\/v2\/tags?post=10385"}],"curies":[{"name":"wp","href":"https:\/\/api.w.org\/{rel}","templated":true}]}}