{"id":10294,"date":"2025-04-24T09:18:36","date_gmt":"2025-04-24T07:18:36","guid":{"rendered":"https:\/\/valaisfilmcommission.ch\/?p=10294"},"modified":"2025-04-24T09:20:02","modified_gmt":"2025-04-24T07:20:02","slug":"ein-werbefilm-zwischen-dem-wallis-und-dem-tessin-um-die-landschaften-der-beiden-kantone-hervorzuheben","status":"publish","type":"post","link":"https:\/\/valaisfilmcommission.ch\/de\/ein-werbefilm-zwischen-dem-wallis-und-dem-tessin-um-die-landschaften-der-beiden-kantone-hervorzuheben\/","title":{"rendered":"Ein Werbefilm zwischen dem Wallis und dem Tessin, um die Landschaften der beiden Kantone hervorzuheben."},"content":{"rendered":"\n<p>Die Valais Film Commission und die Ticino Film Commission haben einen originellen und humorvollen Ansatz gew\u00e4hlt, um die Bedeutung der Zusammenarbeit zwischen den Regionen zu veranschaulichen. Der Werbefilm zeigt das ber\u00fchmte Fass des Hundes Barry, das sich vom Set auf der Belalp (VS) bis zum Lago Maggiore in Locarno (TI) verirrt und dabei durch Walliser und Tessiner Landschaften rollt.<\/p>\n\n\n\n<p>Dank diesem kurzen Werbefilm heben sie die Komplementarit\u00e4t der Schweizer Landschaften und die Chance hervor, die diese Vielfalt f\u00fcr Filmproduktionen bietet. \u00dcber die Hervorhebung dieser aussergew\u00f6hnlichen Landschaften hinaus st\u00e4rkt diese Zusammenarbeit die Verbindungen zwischen den regionalen Organisationen und unterstreicht ihre Schl\u00fcsselrolle bei der F\u00f6rderung der Schweiz als erstklassiges Filmziel. Mit diesem Spot bekr\u00e4ftigen die beiden Kommissionen ihr Engagement, mehr Dreharbeiten anzuziehen und die Sichtbarkeit der Schweiz auf internationaler Ebene zu erh\u00f6hen.<\/p>\n\n\n\n<p><\/p>\n\n\n\n<p><\/p>\n\n\n\n<figure class=\"wp-block-video\"><video height=\"1080\" style=\"aspect-ratio: 1920 \/ 1080;\" width=\"1920\" controls src=\"https:\/\/valaisfilmcommission.ch\/wp-content\/uploads\/2025\/04\/BARRY_UEBERGABE_final_VFC-TFC_FHD-h264-1.mp4\"><\/video><\/figure>\n","protected":false},"excerpt":{"rendered":"<p>Die Valais Film Commission und die Ticino Film Commission haben einen originellen und humorvollen Ansatz gew\u00e4hlt, um die Bedeutung der Zusammenarbeit zwischen den Regionen zu veranschaulichen. Der Werbefilm zeigt das ber\u00fchmte Fass des Hundes Barry, das sich vom Set auf der Belalp (VS) bis zum Lago Maggiore in Locarno (TI) verirrt und dabei durch Walliser [&hellip;]<\/p>\n","protected":false},"author":14,"featured_media":10287,"comment_status":"closed","ping_status":"open","sticky":false,"template":"","format":"standard","meta":{"_acf_changed":false,"footnotes":""},"categories":[13],"tags":[],"class_list":["post-10294","post","type-post","status-publish","format-standard","has-post-thumbnail","hentry","category-verschiedene"],"acf":[],"yoast_head":"<!-- This site is optimized with the Yoast SEO plugin v27.5 - https:\/\/yoast.com\/product\/yoast-seo-wordpress\/ -->\n<title>Ein Werbefilm zwischen dem Wallis und dem Tessin, um die Landschaften der beiden Kantone hervorzuheben. &#8211; Valais Film Commission<\/title>\n<meta name=\"robots\" content=\"index, follow, max-snippet:-1, max-image-preview:large, max-video-preview:-1\" \/>\n<link rel=\"canonical\" href=\"https:\/\/valaisfilmcommission.ch\/de\/ein-werbefilm-zwischen-dem-wallis-und-dem-tessin-um-die-landschaften-der-beiden-kantone-hervorzuheben\/\" \/>\n<meta property=\"og:locale\" content=\"de_DE\" \/>\n<meta property=\"og:type\" content=\"article\" \/>\n<meta property=\"og:title\" content=\"Ein Werbefilm zwischen dem Wallis und dem Tessin, um die Landschaften der beiden Kantone hervorzuheben. &#8211; Valais Film Commission\" \/>\n<meta property=\"og:description\" content=\"Die Valais Film Commission und die Ticino Film Commission haben einen originellen und humorvollen Ansatz gew\u00e4hlt, um die Bedeutung der Zusammenarbeit zwischen den Regionen zu veranschaulichen. Der Werbefilm zeigt das ber\u00fchmte Fass des Hundes Barry, das sich vom Set auf der Belalp (VS) bis zum Lago Maggiore in Locarno (TI) verirrt und dabei durch Walliser [&hellip;]\" \/>\n<meta property=\"og:url\" content=\"https:\/\/valaisfilmcommission.ch\/de\/ein-werbefilm-zwischen-dem-wallis-und-dem-tessin-um-die-landschaften-der-beiden-kantone-hervorzuheben\/\" \/>\n<meta property=\"og:site_name\" content=\"Valais Film Commission\" \/>\n<meta property=\"article:published_time\" content=\"2025-04-24T07:18:36+00:00\" \/>\n<meta property=\"article:modified_time\" content=\"2025-04-24T07:20:02+00:00\" \/>\n<meta property=\"og:image\" content=\"https:\/\/valaisfilmcommission.ch\/wp-content\/uploads\/2025\/04\/Capture-decran-2025-04-24-a-09.09.32.png\" \/>\n\t<meta property=\"og:image:width\" content=\"835\" \/>\n\t<meta property=\"og:image:height\" content=\"464\" \/>\n\t<meta property=\"og:image:type\" content=\"image\/png\" \/>\n<meta name=\"author\" content=\"Valais Film Commission\" \/>\n<meta name=\"twitter:card\" content=\"summary_large_image\" \/>\n<meta name=\"twitter:creator\" content=\"@ValaisFilmCom\" \/>\n<meta name=\"twitter:site\" content=\"@ValaisFilmCom\" \/>\n<meta name=\"twitter:label1\" content=\"Verfasst von\" \/>\n\t<meta name=\"twitter:data1\" content=\"Valais Film Commission\" \/>\n\t<meta name=\"twitter:label2\" content=\"Gesch\u00e4tzte Lesezeit\" \/>\n\t<meta name=\"twitter:data2\" content=\"1\u00a0Minute\" \/>\n<script type=\"application\/ld+json\" class=\"yoast-schema-graph\">{\"@context\":\"https:\\\/\\\/schema.org\",\"@graph\":[{\"@type\":\"Article\",\"@id\":\"https:\\\/\\\/valaisfilmcommission.ch\\\/de\\\/ein-werbefilm-zwischen-dem-wallis-und-dem-tessin-um-die-landschaften-der-beiden-kantone-hervorzuheben\\\/#article\",\"isPartOf\":{\"@id\":\"https:\\\/\\\/valaisfilmcommission.ch\\\/de\\\/ein-werbefilm-zwischen-dem-wallis-und-dem-tessin-um-die-landschaften-der-beiden-kantone-hervorzuheben\\\/\"},\"author\":{\"name\":\"Valais Film Commission\",\"@id\":\"https:\\\/\\\/valaisfilmcommission.ch\\\/de\\\/#\\\/schema\\\/person\\\/7cc678b12ca3f4768a0212c4eabb3c5b\"},\"headline\":\"Ein Werbefilm zwischen dem Wallis und dem Tessin, um die Landschaften der beiden Kantone hervorzuheben.\",\"datePublished\":\"2025-04-24T07:18:36+00:00\",\"dateModified\":\"2025-04-24T07:20:02+00:00\",\"mainEntityOfPage\":{\"@id\":\"https:\\\/\\\/valaisfilmcommission.ch\\\/de\\\/ein-werbefilm-zwischen-dem-wallis-und-dem-tessin-um-die-landschaften-der-beiden-kantone-hervorzuheben\\\/\"},\"wordCount\":155,\"publisher\":{\"@id\":\"https:\\\/\\\/valaisfilmcommission.ch\\\/de\\\/#organization\"},\"image\":{\"@id\":\"https:\\\/\\\/valaisfilmcommission.ch\\\/de\\\/ein-werbefilm-zwischen-dem-wallis-und-dem-tessin-um-die-landschaften-der-beiden-kantone-hervorzuheben\\\/#primaryimage\"},\"thumbnailUrl\":\"https:\\\/\\\/valaisfilmcommission.ch\\\/wp-content\\\/uploads\\\/2025\\\/04\\\/Capture-decran-2025-04-24-a-09.09.32.png\",\"articleSection\":[\"Verschiedene\"],\"inLanguage\":\"de\"},{\"@type\":\"WebPage\",\"@id\":\"https:\\\/\\\/valaisfilmcommission.ch\\\/de\\\/ein-werbefilm-zwischen-dem-wallis-und-dem-tessin-um-die-landschaften-der-beiden-kantone-hervorzuheben\\\/\",\"url\":\"https:\\\/\\\/valaisfilmcommission.ch\\\/de\\\/ein-werbefilm-zwischen-dem-wallis-und-dem-tessin-um-die-landschaften-der-beiden-kantone-hervorzuheben\\\/\",\"name\":\"Ein Werbefilm zwischen dem Wallis und dem Tessin, um die Landschaften der beiden Kantone hervorzuheben. &#8211; Valais Film Commission\",\"isPartOf\":{\"@id\":\"https:\\\/\\\/valaisfilmcommission.ch\\\/de\\\/#website\"},\"primaryImageOfPage\":{\"@id\":\"https:\\\/\\\/valaisfilmcommission.ch\\\/de\\\/ein-werbefilm-zwischen-dem-wallis-und-dem-tessin-um-die-landschaften-der-beiden-kantone-hervorzuheben\\\/#primaryimage\"},\"image\":{\"@id\":\"https:\\\/\\\/valaisfilmcommission.ch\\\/de\\\/ein-werbefilm-zwischen-dem-wallis-und-dem-tessin-um-die-landschaften-der-beiden-kantone-hervorzuheben\\\/#primaryimage\"},\"thumbnailUrl\":\"https:\\\/\\\/valaisfilmcommission.ch\\\/wp-content\\\/uploads\\\/2025\\\/04\\\/Capture-decran-2025-04-24-a-09.09.32.png\",\"datePublished\":\"2025-04-24T07:18:36+00:00\",\"dateModified\":\"2025-04-24T07:20:02+00:00\",\"breadcrumb\":{\"@id\":\"https:\\\/\\\/valaisfilmcommission.ch\\\/de\\\/ein-werbefilm-zwischen-dem-wallis-und-dem-tessin-um-die-landschaften-der-beiden-kantone-hervorzuheben\\\/#breadcrumb\"},\"inLanguage\":\"de\",\"potentialAction\":[{\"@type\":\"ReadAction\",\"target\":[\"https:\\\/\\\/valaisfilmcommission.ch\\\/de\\\/ein-werbefilm-zwischen-dem-wallis-und-dem-tessin-um-die-landschaften-der-beiden-kantone-hervorzuheben\\\/\"]}]},{\"@type\":\"ImageObject\",\"inLanguage\":\"de\",\"@id\":\"https:\\\/\\\/valaisfilmcommission.ch\\\/de\\\/ein-werbefilm-zwischen-dem-wallis-und-dem-tessin-um-die-landschaften-der-beiden-kantone-hervorzuheben\\\/#primaryimage\",\"url\":\"https:\\\/\\\/valaisfilmcommission.ch\\\/wp-content\\\/uploads\\\/2025\\\/04\\\/Capture-decran-2025-04-24-a-09.09.32.png\",\"contentUrl\":\"https:\\\/\\\/valaisfilmcommission.ch\\\/wp-content\\\/uploads\\\/2025\\\/04\\\/Capture-decran-2025-04-24-a-09.09.32.png\",\"width\":835,\"height\":464},{\"@type\":\"BreadcrumbList\",\"@id\":\"https:\\\/\\\/valaisfilmcommission.ch\\\/de\\\/ein-werbefilm-zwischen-dem-wallis-und-dem-tessin-um-die-landschaften-der-beiden-kantone-hervorzuheben\\\/#breadcrumb\",\"itemListElement\":[{\"@type\":\"ListItem\",\"position\":1,\"name\":\"Home\",\"item\":\"https:\\\/\\\/valaisfilmcommission.ch\\\/de\\\/\"},{\"@type\":\"ListItem\",\"position\":2,\"name\":\"Verschiedene\",\"item\":\"https:\\\/\\\/valaisfilmcommission.ch\\\/de\\\/category\\\/verschiedene\\\/\"},{\"@type\":\"ListItem\",\"position\":3,\"name\":\"Ein Werbefilm zwischen dem Wallis und dem Tessin, um die Landschaften der beiden Kantone hervorzuheben.\"}]},{\"@type\":\"WebSite\",\"@id\":\"https:\\\/\\\/valaisfilmcommission.ch\\\/de\\\/#website\",\"url\":\"https:\\\/\\\/valaisfilmcommission.ch\\\/de\\\/\",\"name\":\"Valais Film Commission\",\"description\":\"Soutien de l&#039;audiovisuel en Valais\",\"publisher\":{\"@id\":\"https:\\\/\\\/valaisfilmcommission.ch\\\/de\\\/#organization\"},\"potentialAction\":[{\"@type\":\"SearchAction\",\"target\":{\"@type\":\"EntryPoint\",\"urlTemplate\":\"https:\\\/\\\/valaisfilmcommission.ch\\\/de\\\/?s={search_term_string}\"},\"query-input\":{\"@type\":\"PropertyValueSpecification\",\"valueRequired\":true,\"valueName\":\"search_term_string\"}}],\"inLanguage\":\"de\"},{\"@type\":\"Organization\",\"@id\":\"https:\\\/\\\/valaisfilmcommission.ch\\\/de\\\/#organization\",\"name\":\"Valais Film Commission\",\"url\":\"https:\\\/\\\/valaisfilmcommission.ch\\\/de\\\/\",\"logo\":{\"@type\":\"ImageObject\",\"inLanguage\":\"de\",\"@id\":\"https:\\\/\\\/valaisfilmcommission.ch\\\/de\\\/#\\\/schema\\\/logo\\\/image\\\/\",\"url\":\"https:\\\/\\\/valaisfilmcommission.ch\\\/wp-content\\\/uploads\\\/2020\\\/07\\\/Valais_FR.svg\",\"contentUrl\":\"https:\\\/\\\/valaisfilmcommission.ch\\\/wp-content\\\/uploads\\\/2020\\\/07\\\/Valais_FR.svg\",\"width\":1,\"height\":1,\"caption\":\"Valais Film Commission\"},\"image\":{\"@id\":\"https:\\\/\\\/valaisfilmcommission.ch\\\/de\\\/#\\\/schema\\\/logo\\\/image\\\/\"},\"sameAs\":[\"https:\\\/\\\/x.com\\\/ValaisFilmCom\",\"https:\\\/\\\/www.instagram.com\\\/valaisfilmcommission\\\/\"]},{\"@type\":\"Person\",\"@id\":\"https:\\\/\\\/valaisfilmcommission.ch\\\/de\\\/#\\\/schema\\\/person\\\/7cc678b12ca3f4768a0212c4eabb3c5b\",\"name\":\"Valais Film Commission\",\"image\":{\"@type\":\"ImageObject\",\"inLanguage\":\"de\",\"@id\":\"https:\\\/\\\/secure.gravatar.com\\\/avatar\\\/6a8365a52399b9c7e05a4a904406a5b6477d5597b3413118e04227ebbac9d24b?s=96&d=mm&r=g\",\"url\":\"https:\\\/\\\/secure.gravatar.com\\\/avatar\\\/6a8365a52399b9c7e05a4a904406a5b6477d5597b3413118e04227ebbac9d24b?s=96&d=mm&r=g\",\"contentUrl\":\"https:\\\/\\\/secure.gravatar.com\\\/avatar\\\/6a8365a52399b9c7e05a4a904406a5b6477d5597b3413118e04227ebbac9d24b?s=96&d=mm&r=g\",\"caption\":\"Valais Film Commission\"}}]}<\/script>\n<!-- \/ Yoast SEO plugin. -->","yoast_head_json":{"title":"Ein Werbefilm zwischen dem Wallis und dem Tessin, um die Landschaften der beiden Kantone hervorzuheben. &#8211; Valais Film Commission","robots":{"index":"index","follow":"follow","max-snippet":"max-snippet:-1","max-image-preview":"max-image-preview:large","max-video-preview":"max-video-preview:-1"},"canonical":"https:\/\/valaisfilmcommission.ch\/de\/ein-werbefilm-zwischen-dem-wallis-und-dem-tessin-um-die-landschaften-der-beiden-kantone-hervorzuheben\/","og_locale":"de_DE","og_type":"article","og_title":"Ein Werbefilm zwischen dem Wallis und dem Tessin, um die Landschaften der beiden Kantone hervorzuheben. &#8211; Valais Film Commission","og_description":"Die Valais Film Commission und die Ticino Film Commission haben einen originellen und humorvollen Ansatz gew\u00e4hlt, um die Bedeutung der Zusammenarbeit zwischen den Regionen zu veranschaulichen. Der Werbefilm zeigt das ber\u00fchmte Fass des Hundes Barry, das sich vom Set auf der Belalp (VS) bis zum Lago Maggiore in Locarno (TI) verirrt und dabei durch Walliser [&hellip;]","og_url":"https:\/\/valaisfilmcommission.ch\/de\/ein-werbefilm-zwischen-dem-wallis-und-dem-tessin-um-die-landschaften-der-beiden-kantone-hervorzuheben\/","og_site_name":"Valais Film Commission","article_published_time":"2025-04-24T07:18:36+00:00","article_modified_time":"2025-04-24T07:20:02+00:00","og_image":[{"width":835,"height":464,"url":"https:\/\/valaisfilmcommission.ch\/wp-content\/uploads\/2025\/04\/Capture-decran-2025-04-24-a-09.09.32.png","type":"image\/png"}],"author":"Valais Film Commission","twitter_card":"summary_large_image","twitter_creator":"@ValaisFilmCom","twitter_site":"@ValaisFilmCom","twitter_misc":{"Verfasst von":"Valais Film Commission","Gesch\u00e4tzte Lesezeit":"1\u00a0Minute"},"schema":{"@context":"https:\/\/schema.org","@graph":[{"@type":"Article","@id":"https:\/\/valaisfilmcommission.ch\/de\/ein-werbefilm-zwischen-dem-wallis-und-dem-tessin-um-die-landschaften-der-beiden-kantone-hervorzuheben\/#article","isPartOf":{"@id":"https:\/\/valaisfilmcommission.ch\/de\/ein-werbefilm-zwischen-dem-wallis-und-dem-tessin-um-die-landschaften-der-beiden-kantone-hervorzuheben\/"},"author":{"name":"Valais Film Commission","@id":"https:\/\/valaisfilmcommission.ch\/de\/#\/schema\/person\/7cc678b12ca3f4768a0212c4eabb3c5b"},"headline":"Ein Werbefilm zwischen dem Wallis und dem Tessin, um die Landschaften der beiden Kantone hervorzuheben.","datePublished":"2025-04-24T07:18:36+00:00","dateModified":"2025-04-24T07:20:02+00:00","mainEntityOfPage":{"@id":"https:\/\/valaisfilmcommission.ch\/de\/ein-werbefilm-zwischen-dem-wallis-und-dem-tessin-um-die-landschaften-der-beiden-kantone-hervorzuheben\/"},"wordCount":155,"publisher":{"@id":"https:\/\/valaisfilmcommission.ch\/de\/#organization"},"image":{"@id":"https:\/\/valaisfilmcommission.ch\/de\/ein-werbefilm-zwischen-dem-wallis-und-dem-tessin-um-die-landschaften-der-beiden-kantone-hervorzuheben\/#primaryimage"},"thumbnailUrl":"https:\/\/valaisfilmcommission.ch\/wp-content\/uploads\/2025\/04\/Capture-decran-2025-04-24-a-09.09.32.png","articleSection":["Verschiedene"],"inLanguage":"de"},{"@type":"WebPage","@id":"https:\/\/valaisfilmcommission.ch\/de\/ein-werbefilm-zwischen-dem-wallis-und-dem-tessin-um-die-landschaften-der-beiden-kantone-hervorzuheben\/","url":"https:\/\/valaisfilmcommission.ch\/de\/ein-werbefilm-zwischen-dem-wallis-und-dem-tessin-um-die-landschaften-der-beiden-kantone-hervorzuheben\/","name":"Ein Werbefilm zwischen dem Wallis und dem Tessin, um die Landschaften der beiden Kantone hervorzuheben. &#8211; Valais Film Commission","isPartOf":{"@id":"https:\/\/valaisfilmcommission.ch\/de\/#website"},"primaryImageOfPage":{"@id":"https:\/\/valaisfilmcommission.ch\/de\/ein-werbefilm-zwischen-dem-wallis-und-dem-tessin-um-die-landschaften-der-beiden-kantone-hervorzuheben\/#primaryimage"},"image":{"@id":"https:\/\/valaisfilmcommission.ch\/de\/ein-werbefilm-zwischen-dem-wallis-und-dem-tessin-um-die-landschaften-der-beiden-kantone-hervorzuheben\/#primaryimage"},"thumbnailUrl":"https:\/\/valaisfilmcommission.ch\/wp-content\/uploads\/2025\/04\/Capture-decran-2025-04-24-a-09.09.32.png","datePublished":"2025-04-24T07:18:36+00:00","dateModified":"2025-04-24T07:20:02+00:00","breadcrumb":{"@id":"https:\/\/valaisfilmcommission.ch\/de\/ein-werbefilm-zwischen-dem-wallis-und-dem-tessin-um-die-landschaften-der-beiden-kantone-hervorzuheben\/#breadcrumb"},"inLanguage":"de","potentialAction":[{"@type":"ReadAction","target":["https:\/\/valaisfilmcommission.ch\/de\/ein-werbefilm-zwischen-dem-wallis-und-dem-tessin-um-die-landschaften-der-beiden-kantone-hervorzuheben\/"]}]},{"@type":"ImageObject","inLanguage":"de","@id":"https:\/\/valaisfilmcommission.ch\/de\/ein-werbefilm-zwischen-dem-wallis-und-dem-tessin-um-die-landschaften-der-beiden-kantone-hervorzuheben\/#primaryimage","url":"https:\/\/valaisfilmcommission.ch\/wp-content\/uploads\/2025\/04\/Capture-decran-2025-04-24-a-09.09.32.png","contentUrl":"https:\/\/valaisfilmcommission.ch\/wp-content\/uploads\/2025\/04\/Capture-decran-2025-04-24-a-09.09.32.png","width":835,"height":464},{"@type":"BreadcrumbList","@id":"https:\/\/valaisfilmcommission.ch\/de\/ein-werbefilm-zwischen-dem-wallis-und-dem-tessin-um-die-landschaften-der-beiden-kantone-hervorzuheben\/#breadcrumb","itemListElement":[{"@type":"ListItem","position":1,"name":"Home","item":"https:\/\/valaisfilmcommission.ch\/de\/"},{"@type":"ListItem","position":2,"name":"Verschiedene","item":"https:\/\/valaisfilmcommission.ch\/de\/category\/verschiedene\/"},{"@type":"ListItem","position":3,"name":"Ein Werbefilm zwischen dem Wallis und dem Tessin, um die Landschaften der beiden Kantone hervorzuheben."}]},{"@type":"WebSite","@id":"https:\/\/valaisfilmcommission.ch\/de\/#website","url":"https:\/\/valaisfilmcommission.ch\/de\/","name":"Valais Film Commission","description":"Soutien de l&#039;audiovisuel en Valais","publisher":{"@id":"https:\/\/valaisfilmcommission.ch\/de\/#organization"},"potentialAction":[{"@type":"SearchAction","target":{"@type":"EntryPoint","urlTemplate":"https:\/\/valaisfilmcommission.ch\/de\/?s={search_term_string}"},"query-input":{"@type":"PropertyValueSpecification","valueRequired":true,"valueName":"search_term_string"}}],"inLanguage":"de"},{"@type":"Organization","@id":"https:\/\/valaisfilmcommission.ch\/de\/#organization","name":"Valais Film Commission","url":"https:\/\/valaisfilmcommission.ch\/de\/","logo":{"@type":"ImageObject","inLanguage":"de","@id":"https:\/\/valaisfilmcommission.ch\/de\/#\/schema\/logo\/image\/","url":"https:\/\/valaisfilmcommission.ch\/wp-content\/uploads\/2020\/07\/Valais_FR.svg","contentUrl":"https:\/\/valaisfilmcommission.ch\/wp-content\/uploads\/2020\/07\/Valais_FR.svg","width":1,"height":1,"caption":"Valais Film Commission"},"image":{"@id":"https:\/\/valaisfilmcommission.ch\/de\/#\/schema\/logo\/image\/"},"sameAs":["https:\/\/x.com\/ValaisFilmCom","https:\/\/www.instagram.com\/valaisfilmcommission\/"]},{"@type":"Person","@id":"https:\/\/valaisfilmcommission.ch\/de\/#\/schema\/person\/7cc678b12ca3f4768a0212c4eabb3c5b","name":"Valais Film Commission","image":{"@type":"ImageObject","inLanguage":"de","@id":"https:\/\/secure.gravatar.com\/avatar\/6a8365a52399b9c7e05a4a904406a5b6477d5597b3413118e04227ebbac9d24b?s=96&d=mm&r=g","url":"https:\/\/secure.gravatar.com\/avatar\/6a8365a52399b9c7e05a4a904406a5b6477d5597b3413118e04227ebbac9d24b?s=96&d=mm&r=g","contentUrl":"https:\/\/secure.gravatar.com\/avatar\/6a8365a52399b9c7e05a4a904406a5b6477d5597b3413118e04227ebbac9d24b?s=96&d=mm&r=g","caption":"Valais Film Commission"}}]}},"_links":{"self":[{"href":"https:\/\/valaisfilmcommission.ch\/de\/wp-json\/wp\/v2\/posts\/10294","targetHints":{"allow":["GET"]}}],"collection":[{"href":"https:\/\/valaisfilmcommission.ch\/de\/wp-json\/wp\/v2\/posts"}],"about":[{"href":"https:\/\/valaisfilmcommission.ch\/de\/wp-json\/wp\/v2\/types\/post"}],"author":[{"embeddable":true,"href":"https:\/\/valaisfilmcommission.ch\/de\/wp-json\/wp\/v2\/users\/14"}],"replies":[{"embeddable":true,"href":"https:\/\/valaisfilmcommission.ch\/de\/wp-json\/wp\/v2\/comments?post=10294"}],"version-history":[{"count":2,"href":"https:\/\/valaisfilmcommission.ch\/de\/wp-json\/wp\/v2\/posts\/10294\/revisions"}],"predecessor-version":[{"id":10299,"href":"https:\/\/valaisfilmcommission.ch\/de\/wp-json\/wp\/v2\/posts\/10294\/revisions\/10299"}],"wp:featuredmedia":[{"embeddable":true,"href":"https:\/\/valaisfilmcommission.ch\/de\/wp-json\/wp\/v2\/media\/10287"}],"wp:attachment":[{"href":"https:\/\/valaisfilmcommission.ch\/de\/wp-json\/wp\/v2\/media?parent=10294"}],"wp:term":[{"taxonomy":"category","embeddable":true,"href":"https:\/\/valaisfilmcommission.ch\/de\/wp-json\/wp\/v2\/categories?post=10294"},{"taxonomy":"post_tag","embeddable":true,"href":"https:\/\/valaisfilmcommission.ch\/de\/wp-json\/wp\/v2\/tags?post=10294"}],"curies":[{"name":"wp","href":"https:\/\/api.w.org\/{rel}","templated":true}]}}